{"id":1310,"date":"2026-03-06T18:24:11","date_gmt":"2026-03-06T21:24:11","guid":{"rendered":"https:\/\/bienaldelchaco.org\/2026\/?p=1310"},"modified":"2026-03-19T18:26:06","modified_gmt":"2026-03-19T21:26:06","slug":"lanzamiento-de-la-bienal-2026-se-activo-la-cuenta-regresiva-para-el-evento-mas-identitario-del-chaco","status":"publish","type":"post","link":"https:\/\/bienaldelchaco.org\/2026\/lanzamiento-de-la-bienal-2026-se-activo-la-cuenta-regresiva-para-el-evento-mas-identitario-del-chaco\/","title":{"rendered":"Lanzamiento de la Bienal 2026: se activ\u00f3 la cuenta regresiva para el evento m\u00e1s identitario del Chaco"},"content":{"rendered":"<div class=\"wpb-content-wrapper\"><p>[vc_row css_animation=&#8221;&#8221; row_type=&#8221;row&#8221; use_row_as_full_screen_section=&#8221;no&#8221; type=&#8221;full_width&#8221; angled_section=&#8221;no&#8221; text_align=&#8221;left&#8221; background_image_as_pattern=&#8221;without_pattern&#8221;][vc_column][vc_column_text css=&#8221;&#8221;]<\/p>\n<div>\n<p>Este viernes por la noche se realiz\u00f3 el lanzamiento oficial de la Bienal Internacional de Esculturas 2026, en la Casa de las Culturas de Resistencia.<\/p>\n<\/div>\n<p><!--more--><\/p>\n<p>El acto marc\u00f3 el inicio simb\u00f3lico de una nueva edici\u00f3n de uno de los encuentros art\u00edsticos m\u00e1s importantes del mundo dedicados a la escultura a cielo abierto. Se realizar\u00e1 del 17 al 26 de julio.<\/p>\n<p>Participaron del lanzamiento el secretario de Asuntos Estrat\u00e9gicos, Marcos Resico; la secretaria general de la Gobernaci\u00f3n, Carolina Meiri\u00f1o; la senadora nacional Silvana Schneider; el presidente del Instituto de Cultura del Chaco, Mario Zorrilla; el presidente de la Fundaci\u00f3n Urunday, Jos\u00e9 Eidman, los diputados provinciales Maida With e Iv\u00e1n Gyoker junto a otras autoridades provinciales, municipales y referentes del \u00e1mbito cultural.<br \/>\nEl gobernador Leandro Zdero no pudo asistir al acto por motivos de fuerza mayor, pero envi\u00f3 un mensaje que fue transmitido durante la ceremonia. &#8220;Quiero pedir disculpas por no poder acompa\u00f1arlos personalmente, pero no quer\u00eda dejar pasar este momento sin hacerles llegar unas palabras especiales&#8221;, expres\u00f3.<br \/>\nEn su mensaje, el mandatario destac\u00f3 el valor cultural y social del evento para la provincia. &#8220;La Bienal forma parte de lo que somos. Es uno de esos eventos que cada uno de los chaque\u00f1os esperamos con orgullo, porque durante esos d\u00edas nuestra provincia se llena de arte, de visitantes, de encuentros y de emociones compartidas&#8221;, se\u00f1al\u00f3.<br \/>\nAsimismo, agradeci\u00f3 a quienes hacen posible este encuentro y anticip\u00f3 sus expectativas para la pr\u00f3xima edici\u00f3n. &#8220;Quiero agradecer profundamente a todos los que hacen posible este sue\u00f1o colectivo: a los organizadores, a los artistas, a los equipos de trabajo y a cada persona que con esfuerzo y compromiso aporta para que la Bienal siga creciendo a\u00f1o tras a\u00f1o&#8221;, afirm\u00f3. Finalmente, manifest\u00f3 su confianza en el \u00e9xito del evento: &#8220;Estoy convencido de que tendremos una nueva edici\u00f3n inolvidable. Gracias por sostener y engrandecer este evento que ya es parte del coraz\u00f3n de nuestra provincia&#8221;.<\/p>\n<p>Durante el lanzamiento se dieron a conocer los ejes conceptuales que guiar\u00e1n la edici\u00f3n 2026, as\u00ed como parte de las actividades culturales, art\u00edsticas y educativas que integrar\u00e1n<br \/>\nsu programaci\u00f3n. Tambi\u00e9n se presentaron los 10 escultores internacionales<br \/>\nseleccionados para participar del certamen, quienes trabajar\u00e1n a cielo abierto y frente al p\u00fablico en el predio de la Bienal, donde crear\u00e1n obras originales e in\u00e9ditas. Los artistas fueron elegidos tras una convocatoria internacional que recibi\u00f3 393 proyectos provenientes de m\u00e1s de 70 pa\u00edses, evaluados por un comit\u00e9 especializado.<\/p>\n<p>Los escultores internacionales seleccionados para competir en la Bienal 2026 son:<\/p>\n<p>-N\u00e9stor Vildoza (Argentina)<br \/>\n-Alex Sorokin (Bielorrusia)<br \/>\n-Georgi Minchev (Bulgaria)<br \/>\n-Mauricio Guajardo (Chile)<br \/>\n-Jos\u00e9 Carlos Cabello Mill\u00e1n (Espa\u00f1a)<br \/>\n-Francesca Bernardini (Italia)<br \/>\n-Anna Teresa Rasi\u0144ska (Polonia)<br \/>\n-Furkan Depeli (Turqu\u00eda)<br \/>\n-Lyudmyla Mysko (Ucrania)<br \/>\n-Ulash Urakov (Uzbekist\u00e1n)<\/p>\n<p>Tambi\u00e9n participar\u00e1n escultores invitados:<br \/>\n-Desir\u00e9e De Ridder (Argentina)<br \/>\n-Carola Zech (Argentina)<br \/>\n-Norma Siguelbolm (Argentina)<br \/>\n-Eka Acosta (Suecia)<br \/>\n-Rafael Blasco C\u00edscar (Espa\u00f1a)<br \/>\n-Lucas Caricato (Argentina)<br \/>\n-\u00d3scar Leiva (Argentina)[\/vc_column_text][vc_empty_space height=&#8221;35px&#8221;][vc_column_text css=&#8221;&#8221;]Fuente: <a href=\"https:\/\/www.alertaurbana.com.ar\/92832-lanzamiento-de-la-bienal-2026-se-activo-la-cuenta-regresiva-para-el-evento-mas-identitario-del-chaco\" target=\"_blank\" rel=\"noopener\">https:\/\/www.alertaurbana.com.ar\/92832-lanzamiento-de-la-bienal-2026-se-activo-la-cuenta-regresiva-para-el-evento-mas-identitario-del-chaco<\/a>[\/vc_column_text][vc_empty_space height=&#8221;100px&#8221;][\/vc_column][\/vc_row]<\/p>\n<\/div>","protected":false},"excerpt":{"rendered":"<p>[vc_row css_animation=&#8221;&#8221; row_type=&#8221;row&#8221; use_row_as_full_screen_section=&#8221;no&#8221; type=&#8221;full_width&#8221; angled_section=&#8221;no&#8221; text_align=&#8221;left&#8221; background_image_as_pattern=&#8221;without_pattern&#8221;][vc_column][vc_column_text css=&#8221;&#8221;] Este viernes por la noche se realiz\u00f3 el lanzamiento oficial de la Bienal Internacional de Esculturas 2026, en la Casa de las Culturas de Resistencia.<\/p>\n","protected":false},"author":1,"featured_media":1311,"comment_status":"open","ping_status":"open","sticky":false,"template":"","format":"standard","meta":{"footnotes":""},"categories":[1],"tags":[],"class_list":["post-1310","post","type-post","status-publish","format-standard","has-post-thumbnail","hentry","category-sin-categoria"],"yoast_head":"<!-- This site is optimized with the Yoast SEO plugin v25.6 - https:\/\/yoast.com\/wordpress\/plugins\/seo\/ -->\n<title>Lanzamiento de la Bienal 2026: se activ\u00f3 la cuenta regresiva para el evento m\u00e1s identitario del Chaco - Bienal del Chaco<\/title>\n<meta name=\"robots\" content=\"index, follow, max-snippet:-1, max-image-preview:large, max-video-preview:-1\" \/>\n<link rel=\"canonical\" href=\"https:\/\/bienaldelchaco.org\/2026\/lanzamiento-de-la-bienal-2026-se-activo-la-cuenta-regresiva-para-el-evento-mas-identitario-del-chaco\/\" \/>\n<meta property=\"og:locale\" content=\"es_ES\" \/>\n<meta property=\"og:type\" content=\"article\" \/>\n<meta property=\"og:title\" content=\"Lanzamiento de la Bienal 2026: se activ\u00f3 la cuenta regresiva para el evento m\u00e1s identitario del Chaco - Bienal del Chaco\" \/>\n<meta property=\"og:description\" content=\"[vc_row css_animation=&#8221;&#8221; row_type=&#8221;row&#8221; use_row_as_full_screen_section=&#8221;no&#8221; type=&#8221;full_width&#8221; angled_section=&#8221;no&#8221; text_align=&#8221;left&#8221; background_image_as_pattern=&#8221;without_pattern&#8221;][vc_column][vc_column_text css=&#8221;&#8221;] Este viernes por la noche se realiz\u00f3 el lanzamiento oficial de la Bienal Internacional de Esculturas 2026, en la Casa de las Culturas de Resistencia.\" \/>\n<meta property=\"og:url\" content=\"https:\/\/bienaldelchaco.org\/2026\/lanzamiento-de-la-bienal-2026-se-activo-la-cuenta-regresiva-para-el-evento-mas-identitario-del-chaco\/\" \/>\n<meta property=\"og:site_name\" content=\"Bienal del Chaco\" \/>\n<meta property=\"article:publisher\" content=\"https:\/\/www.facebook.com\/bienaldelchaco\" \/>\n<meta property=\"article:published_time\" content=\"2026-03-06T21:24:11+00:00\" \/>\n<meta property=\"article:modified_time\" content=\"2026-03-19T21:26:06+00:00\" \/>\n<meta property=\"og:image\" content=\"https:\/\/bienaldelchaco.org\/2026\/wp-content\/uploads\/2026\/03\/16196w850h566c.jpg.webp\" \/>\n\t<meta property=\"og:image:width\" content=\"850\" \/>\n\t<meta property=\"og:image:height\" content=\"566\" \/>\n\t<meta property=\"og:image:type\" content=\"image\/webp\" \/>\n<meta name=\"author\" content=\"bitnessadmin\" \/>\n<meta name=\"twitter:card\" content=\"summary_large_image\" \/>\n<meta name=\"twitter:creator\" content=\"@bienaldelchaco\" \/>\n<meta name=\"twitter:site\" content=\"@bienaldelchaco\" \/>\n<meta name=\"twitter:label1\" content=\"Escrito por\" \/>\n\t<meta name=\"twitter:data1\" content=\"bitnessadmin\" \/>\n\t<meta name=\"twitter:label2\" content=\"Tiempo de lectura\" \/>\n\t<meta name=\"twitter:data2\" content=\"3 minutos\" \/>\n<script type=\"application\/ld+json\" class=\"yoast-schema-graph\">{\"@context\":\"https:\/\/schema.org\",\"@graph\":[{\"@type\":\"Article\",\"@id\":\"https:\/\/bienaldelchaco.org\/2026\/lanzamiento-de-la-bienal-2026-se-activo-la-cuenta-regresiva-para-el-evento-mas-identitario-del-chaco\/#article\",\"isPartOf\":{\"@id\":\"https:\/\/bienaldelchaco.org\/2026\/lanzamiento-de-la-bienal-2026-se-activo-la-cuenta-regresiva-para-el-evento-mas-identitario-del-chaco\/\"},\"author\":{\"name\":\"bitnessadmin\",\"@id\":\"https:\/\/bienaldelchaco.org\/2026\/#\/schema\/person\/1b8918c48c8b750f041d7dcc1614ef18\"},\"headline\":\"Lanzamiento de la Bienal 2026: se activ\u00f3 la cuenta regresiva para el evento m\u00e1s identitario del Chaco\",\"datePublished\":\"2026-03-06T21:24:11+00:00\",\"dateModified\":\"2026-03-19T21:26:06+00:00\",\"mainEntityOfPage\":{\"@id\":\"https:\/\/bienaldelchaco.org\/2026\/lanzamiento-de-la-bienal-2026-se-activo-la-cuenta-regresiva-para-el-evento-mas-identitario-del-chaco\/\"},\"wordCount\":593,\"commentCount\":0,\"publisher\":{\"@id\":\"https:\/\/bienaldelchaco.org\/2026\/#organization\"},\"image\":{\"@id\":\"https:\/\/bienaldelchaco.org\/2026\/lanzamiento-de-la-bienal-2026-se-activo-la-cuenta-regresiva-para-el-evento-mas-identitario-del-chaco\/#primaryimage\"},\"thumbnailUrl\":\"https:\/\/bienaldelchaco.org\/2026\/wp-content\/uploads\/2026\/03\/16196w850h566c.jpg.webp\",\"inLanguage\":\"es-AR\",\"potentialAction\":[{\"@type\":\"CommentAction\",\"name\":\"Comment\",\"target\":[\"https:\/\/bienaldelchaco.org\/2026\/lanzamiento-de-la-bienal-2026-se-activo-la-cuenta-regresiva-para-el-evento-mas-identitario-del-chaco\/#respond\"]}]},{\"@type\":\"WebPage\",\"@id\":\"https:\/\/bienaldelchaco.org\/2026\/lanzamiento-de-la-bienal-2026-se-activo-la-cuenta-regresiva-para-el-evento-mas-identitario-del-chaco\/\",\"url\":\"https:\/\/bienaldelchaco.org\/2026\/lanzamiento-de-la-bienal-2026-se-activo-la-cuenta-regresiva-para-el-evento-mas-identitario-del-chaco\/\",\"name\":\"Lanzamiento de la Bienal 2026: se activ\u00f3 la cuenta regresiva para el evento m\u00e1s identitario del Chaco - Bienal del Chaco\",\"isPartOf\":{\"@id\":\"https:\/\/bienaldelchaco.org\/2026\/#website\"},\"primaryImageOfPage\":{\"@id\":\"https:\/\/bienaldelchaco.org\/2026\/lanzamiento-de-la-bienal-2026-se-activo-la-cuenta-regresiva-para-el-evento-mas-identitario-del-chaco\/#primaryimage\"},\"image\":{\"@id\":\"https:\/\/bienaldelchaco.org\/2026\/lanzamiento-de-la-bienal-2026-se-activo-la-cuenta-regresiva-para-el-evento-mas-identitario-del-chaco\/#primaryimage\"},\"thumbnailUrl\":\"https:\/\/bienaldelchaco.org\/2026\/wp-content\/uploads\/2026\/03\/16196w850h566c.jpg.webp\",\"datePublished\":\"2026-03-06T21:24:11+00:00\",\"dateModified\":\"2026-03-19T21:26:06+00:00\",\"breadcrumb\":{\"@id\":\"https:\/\/bienaldelchaco.org\/2026\/lanzamiento-de-la-bienal-2026-se-activo-la-cuenta-regresiva-para-el-evento-mas-identitario-del-chaco\/#breadcrumb\"},\"inLanguage\":\"es-AR\",\"potentialAction\":[{\"@type\":\"ReadAction\",\"target\":[\"https:\/\/bienaldelchaco.org\/2026\/lanzamiento-de-la-bienal-2026-se-activo-la-cuenta-regresiva-para-el-evento-mas-identitario-del-chaco\/\"]}]},{\"@type\":\"ImageObject\",\"inLanguage\":\"es-AR\",\"@id\":\"https:\/\/bienaldelchaco.org\/2026\/lanzamiento-de-la-bienal-2026-se-activo-la-cuenta-regresiva-para-el-evento-mas-identitario-del-chaco\/#primaryimage\",\"url\":\"https:\/\/bienaldelchaco.org\/2026\/wp-content\/uploads\/2026\/03\/16196w850h566c.jpg.webp\",\"contentUrl\":\"https:\/\/bienaldelchaco.org\/2026\/wp-content\/uploads\/2026\/03\/16196w850h566c.jpg.webp\",\"width\":850,\"height\":566},{\"@type\":\"BreadcrumbList\",\"@id\":\"https:\/\/bienaldelchaco.org\/2026\/lanzamiento-de-la-bienal-2026-se-activo-la-cuenta-regresiva-para-el-evento-mas-identitario-del-chaco\/#breadcrumb\",\"itemListElement\":[{\"@type\":\"ListItem\",\"position\":1,\"name\":\"Inicio\",\"item\":\"https:\/\/bienaldelchaco.org\/2026\/\"},{\"@type\":\"ListItem\",\"position\":2,\"name\":\"Lanzamiento de la Bienal 2026: se activ\u00f3 la cuenta regresiva para el evento m\u00e1s identitario del Chaco\"}]},{\"@type\":\"WebSite\",\"@id\":\"https:\/\/bienaldelchaco.org\/2026\/#website\",\"url\":\"https:\/\/bienaldelchaco.org\/2026\/\",\"name\":\"Bienal del Chaco\",\"description\":\"\",\"publisher\":{\"@id\":\"https:\/\/bienaldelchaco.org\/2026\/#organization\"},\"potentialAction\":[{\"@type\":\"SearchAction\",\"target\":{\"@type\":\"EntryPoint\",\"urlTemplate\":\"https:\/\/bienaldelchaco.org\/2026\/?s={search_term_string}\"},\"query-input\":{\"@type\":\"PropertyValueSpecification\",\"valueRequired\":true,\"valueName\":\"search_term_string\"}}],\"inLanguage\":\"es-AR\"},{\"@type\":\"Organization\",\"@id\":\"https:\/\/bienaldelchaco.org\/2026\/#organization\",\"name\":\"Bienal del Chaco\",\"url\":\"https:\/\/bienaldelchaco.org\/2026\/\",\"logo\":{\"@type\":\"ImageObject\",\"inLanguage\":\"es-AR\",\"@id\":\"https:\/\/bienaldelchaco.org\/2026\/#\/schema\/logo\/image\/\",\"url\":\"https:\/\/bienaldelchaco.org\/2026\/wp-content\/uploads\/2025\/04\/web-logo-2026.png\",\"contentUrl\":\"https:\/\/bienaldelchaco.org\/2026\/wp-content\/uploads\/2025\/04\/web-logo-2026.png\",\"width\":145,\"height\":50,\"caption\":\"Bienal del Chaco\"},\"image\":{\"@id\":\"https:\/\/bienaldelchaco.org\/2026\/#\/schema\/logo\/image\/\"},\"sameAs\":[\"https:\/\/www.facebook.com\/bienaldelchaco\",\"https:\/\/x.com\/bienaldelchaco\",\"https:\/\/www.instagram.com\/bienaldelchaco\/\",\"https:\/\/www.youtube.com\/BienaldelChaco\"]},{\"@type\":\"Person\",\"@id\":\"https:\/\/bienaldelchaco.org\/2026\/#\/schema\/person\/1b8918c48c8b750f041d7dcc1614ef18\",\"name\":\"bitnessadmin\",\"image\":{\"@type\":\"ImageObject\",\"inLanguage\":\"es-AR\",\"@id\":\"https:\/\/bienaldelchaco.org\/2026\/#\/schema\/person\/image\/\",\"url\":\"https:\/\/secure.gravatar.com\/avatar\/441b367b6997ee3aae034996bf7b8bf6b85d8dd458e3cd0f1a0f7669a04bb0d9?s=96&d=mm&r=g\",\"contentUrl\":\"https:\/\/secure.gravatar.com\/avatar\/441b367b6997ee3aae034996bf7b8bf6b85d8dd458e3cd0f1a0f7669a04bb0d9?s=96&d=mm&r=g\",\"caption\":\"bitnessadmin\"},\"sameAs\":[\"https:\/\/bienaldelchaco.org\/2026\"],\"url\":\"https:\/\/bienaldelchaco.org\/2026\/author\/bitnessadmin\/\"}]}<\/script>\n<!-- \/ Yoast SEO plugin. -->","yoast_head_json":{"title":"Lanzamiento de la Bienal 2026: se activ\u00f3 la cuenta regresiva para el evento m\u00e1s identitario del Chaco - Bienal del Chaco","robots":{"index":"index","follow":"follow","max-snippet":"max-snippet:-1","max-image-preview":"max-image-preview:large","max-video-preview":"max-video-preview:-1"},"canonical":"https:\/\/bienaldelchaco.org\/2026\/lanzamiento-de-la-bienal-2026-se-activo-la-cuenta-regresiva-para-el-evento-mas-identitario-del-chaco\/","og_locale":"es_ES","og_type":"article","og_title":"Lanzamiento de la Bienal 2026: se activ\u00f3 la cuenta regresiva para el evento m\u00e1s identitario del Chaco - Bienal del Chaco","og_description":"[vc_row css_animation=&#8221;&#8221; row_type=&#8221;row&#8221; use_row_as_full_screen_section=&#8221;no&#8221; type=&#8221;full_width&#8221; angled_section=&#8221;no&#8221; text_align=&#8221;left&#8221; background_image_as_pattern=&#8221;without_pattern&#8221;][vc_column][vc_column_text css=&#8221;&#8221;] Este viernes por la noche se realiz\u00f3 el lanzamiento oficial de la Bienal Internacional de Esculturas 2026, en la Casa de las Culturas de Resistencia.","og_url":"https:\/\/bienaldelchaco.org\/2026\/lanzamiento-de-la-bienal-2026-se-activo-la-cuenta-regresiva-para-el-evento-mas-identitario-del-chaco\/","og_site_name":"Bienal del Chaco","article_publisher":"https:\/\/www.facebook.com\/bienaldelchaco","article_published_time":"2026-03-06T21:24:11+00:00","article_modified_time":"2026-03-19T21:26:06+00:00","og_image":[{"width":850,"height":566,"url":"https:\/\/bienaldelchaco.org\/2026\/wp-content\/uploads\/2026\/03\/16196w850h566c.jpg.webp","type":"image\/webp"}],"author":"bitnessadmin","twitter_card":"summary_large_image","twitter_creator":"@bienaldelchaco","twitter_site":"@bienaldelchaco","twitter_misc":{"Escrito por":"bitnessadmin","Tiempo de lectura":"3 minutos"},"schema":{"@context":"https:\/\/schema.org","@graph":[{"@type":"Article","@id":"https:\/\/bienaldelchaco.org\/2026\/lanzamiento-de-la-bienal-2026-se-activo-la-cuenta-regresiva-para-el-evento-mas-identitario-del-chaco\/#article","isPartOf":{"@id":"https:\/\/bienaldelchaco.org\/2026\/lanzamiento-de-la-bienal-2026-se-activo-la-cuenta-regresiva-para-el-evento-mas-identitario-del-chaco\/"},"author":{"name":"bitnessadmin","@id":"https:\/\/bienaldelchaco.org\/2026\/#\/schema\/person\/1b8918c48c8b750f041d7dcc1614ef18"},"headline":"Lanzamiento de la Bienal 2026: se activ\u00f3 la cuenta regresiva para el evento m\u00e1s identitario del Chaco","datePublished":"2026-03-06T21:24:11+00:00","dateModified":"2026-03-19T21:26:06+00:00","mainEntityOfPage":{"@id":"https:\/\/bienaldelchaco.org\/2026\/lanzamiento-de-la-bienal-2026-se-activo-la-cuenta-regresiva-para-el-evento-mas-identitario-del-chaco\/"},"wordCount":593,"commentCount":0,"publisher":{"@id":"https:\/\/bienaldelchaco.org\/2026\/#organization"},"image":{"@id":"https:\/\/bienaldelchaco.org\/2026\/lanzamiento-de-la-bienal-2026-se-activo-la-cuenta-regresiva-para-el-evento-mas-identitario-del-chaco\/#primaryimage"},"thumbnailUrl":"https:\/\/bienaldelchaco.org\/2026\/wp-content\/uploads\/2026\/03\/16196w850h566c.jpg.webp","inLanguage":"es-AR","potentialAction":[{"@type":"CommentAction","name":"Comment","target":["https:\/\/bienaldelchaco.org\/2026\/lanzamiento-de-la-bienal-2026-se-activo-la-cuenta-regresiva-para-el-evento-mas-identitario-del-chaco\/#respond"]}]},{"@type":"WebPage","@id":"https:\/\/bienaldelchaco.org\/2026\/lanzamiento-de-la-bienal-2026-se-activo-la-cuenta-regresiva-para-el-evento-mas-identitario-del-chaco\/","url":"https:\/\/bienaldelchaco.org\/2026\/lanzamiento-de-la-bienal-2026-se-activo-la-cuenta-regresiva-para-el-evento-mas-identitario-del-chaco\/","name":"Lanzamiento de la Bienal 2026: se activ\u00f3 la cuenta regresiva para el evento m\u00e1s identitario del Chaco - Bienal del Chaco","isPartOf":{"@id":"https:\/\/bienaldelchaco.org\/2026\/#website"},"primaryImageOfPage":{"@id":"https:\/\/bienaldelchaco.org\/2026\/lanzamiento-de-la-bienal-2026-se-activo-la-cuenta-regresiva-para-el-evento-mas-identitario-del-chaco\/#primaryimage"},"image":{"@id":"https:\/\/bienaldelchaco.org\/2026\/lanzamiento-de-la-bienal-2026-se-activo-la-cuenta-regresiva-para-el-evento-mas-identitario-del-chaco\/#primaryimage"},"thumbnailUrl":"https:\/\/bienaldelchaco.org\/2026\/wp-content\/uploads\/2026\/03\/16196w850h566c.jpg.webp","datePublished":"2026-03-06T21:24:11+00:00","dateModified":"2026-03-19T21:26:06+00:00","breadcrumb":{"@id":"https:\/\/bienaldelchaco.org\/2026\/lanzamiento-de-la-bienal-2026-se-activo-la-cuenta-regresiva-para-el-evento-mas-identitario-del-chaco\/#breadcrumb"},"inLanguage":"es-AR","potentialAction":[{"@type":"ReadAction","target":["https:\/\/bienaldelchaco.org\/2026\/lanzamiento-de-la-bienal-2026-se-activo-la-cuenta-regresiva-para-el-evento-mas-identitario-del-chaco\/"]}]},{"@type":"ImageObject","inLanguage":"es-AR","@id":"https:\/\/bienaldelchaco.org\/2026\/lanzamiento-de-la-bienal-2026-se-activo-la-cuenta-regresiva-para-el-evento-mas-identitario-del-chaco\/#primaryimage","url":"https:\/\/bienaldelchaco.org\/2026\/wp-content\/uploads\/2026\/03\/16196w850h566c.jpg.webp","contentUrl":"https:\/\/bienaldelchaco.org\/2026\/wp-content\/uploads\/2026\/03\/16196w850h566c.jpg.webp","width":850,"height":566},{"@type":"BreadcrumbList","@id":"https:\/\/bienaldelchaco.org\/2026\/lanzamiento-de-la-bienal-2026-se-activo-la-cuenta-regresiva-para-el-evento-mas-identitario-del-chaco\/#breadcrumb","itemListElement":[{"@type":"ListItem","position":1,"name":"Inicio","item":"https:\/\/bienaldelchaco.org\/2026\/"},{"@type":"ListItem","position":2,"name":"Lanzamiento de la Bienal 2026: se activ\u00f3 la cuenta regresiva para el evento m\u00e1s identitario del Chaco"}]},{"@type":"WebSite","@id":"https:\/\/bienaldelchaco.org\/2026\/#website","url":"https:\/\/bienaldelchaco.org\/2026\/","name":"Bienal del Chaco","description":"","publisher":{"@id":"https:\/\/bienaldelchaco.org\/2026\/#organization"},"potentialAction":[{"@type":"SearchAction","target":{"@type":"EntryPoint","urlTemplate":"https:\/\/bienaldelchaco.org\/2026\/?s={search_term_string}"},"query-input":{"@type":"PropertyValueSpecification","valueRequired":true,"valueName":"search_term_string"}}],"inLanguage":"es-AR"},{"@type":"Organization","@id":"https:\/\/bienaldelchaco.org\/2026\/#organization","name":"Bienal del Chaco","url":"https:\/\/bienaldelchaco.org\/2026\/","logo":{"@type":"ImageObject","inLanguage":"es-AR","@id":"https:\/\/bienaldelchaco.org\/2026\/#\/schema\/logo\/image\/","url":"https:\/\/bienaldelchaco.org\/2026\/wp-content\/uploads\/2025\/04\/web-logo-2026.png","contentUrl":"https:\/\/bienaldelchaco.org\/2026\/wp-content\/uploads\/2025\/04\/web-logo-2026.png","width":145,"height":50,"caption":"Bienal del Chaco"},"image":{"@id":"https:\/\/bienaldelchaco.org\/2026\/#\/schema\/logo\/image\/"},"sameAs":["https:\/\/www.facebook.com\/bienaldelchaco","https:\/\/x.com\/bienaldelchaco","https:\/\/www.instagram.com\/bienaldelchaco\/","https:\/\/www.youtube.com\/BienaldelChaco"]},{"@type":"Person","@id":"https:\/\/bienaldelchaco.org\/2026\/#\/schema\/person\/1b8918c48c8b750f041d7dcc1614ef18","name":"bitnessadmin","image":{"@type":"ImageObject","inLanguage":"es-AR","@id":"https:\/\/bienaldelchaco.org\/2026\/#\/schema\/person\/image\/","url":"https:\/\/secure.gravatar.com\/avatar\/441b367b6997ee3aae034996bf7b8bf6b85d8dd458e3cd0f1a0f7669a04bb0d9?s=96&d=mm&r=g","contentUrl":"https:\/\/secure.gravatar.com\/avatar\/441b367b6997ee3aae034996bf7b8bf6b85d8dd458e3cd0f1a0f7669a04bb0d9?s=96&d=mm&r=g","caption":"bitnessadmin"},"sameAs":["https:\/\/bienaldelchaco.org\/2026"],"url":"https:\/\/bienaldelchaco.org\/2026\/author\/bitnessadmin\/"}]}},"_links":{"self":[{"href":"https:\/\/bienaldelchaco.org\/2026\/wp-json\/wp\/v2\/posts\/1310","targetHints":{"allow":["GET"]}}],"collection":[{"href":"https:\/\/bienaldelchaco.org\/2026\/wp-json\/wp\/v2\/posts"}],"about":[{"href":"https:\/\/bienaldelchaco.org\/2026\/wp-json\/wp\/v2\/types\/post"}],"author":[{"embeddable":true,"href":"https:\/\/bienaldelchaco.org\/2026\/wp-json\/wp\/v2\/users\/1"}],"replies":[{"embeddable":true,"href":"https:\/\/bienaldelchaco.org\/2026\/wp-json\/wp\/v2\/comments?post=1310"}],"version-history":[{"count":1,"href":"https:\/\/bienaldelchaco.org\/2026\/wp-json\/wp\/v2\/posts\/1310\/revisions"}],"predecessor-version":[{"id":1312,"href":"https:\/\/bienaldelchaco.org\/2026\/wp-json\/wp\/v2\/posts\/1310\/revisions\/1312"}],"wp:featuredmedia":[{"embeddable":true,"href":"https:\/\/bienaldelchaco.org\/2026\/wp-json\/wp\/v2\/media\/1311"}],"wp:attachment":[{"href":"https:\/\/bienaldelchaco.org\/2026\/wp-json\/wp\/v2\/media?parent=1310"}],"wp:term":[{"taxonomy":"category","embeddable":true,"href":"https:\/\/bienaldelchaco.org\/2026\/wp-json\/wp\/v2\/categories?post=1310"},{"taxonomy":"post_tag","embeddable":true,"href":"https:\/\/bienaldelchaco.org\/2026\/wp-json\/wp\/v2\/tags?post=1310"}],"curies":[{"name":"wp","href":"https:\/\/api.w.org\/{rel}","templated":true}]}}