{"id":1357,"date":"2026-03-06T19:39:46","date_gmt":"2026-03-06T22:39:46","guid":{"rendered":"https:\/\/bienaldelchaco.org\/2026\/?p=1357"},"modified":"2026-03-20T17:59:21","modified_gmt":"2026-03-20T20:59:21","slug":"chaco-lanzo-la-bienal-internacional-de-las-esculturas-2026-forma-parte-de-lo-que-somos","status":"publish","type":"post","link":"https:\/\/bienaldelchaco.org\/2026\/chaco-lanzo-la-bienal-internacional-de-las-esculturas-2026-forma-parte-de-lo-que-somos\/","title":{"rendered":"Chaco lanz\u00f3 la Bienal Internacional de Escultura 2026: &#8220;Forma parte de lo que somos&#8221;"},"content":{"rendered":"<div class=\"wpb-content-wrapper\"><p>[vc_row css_animation=&#8221;&#8221; row_type=&#8221;row&#8221; use_row_as_full_screen_section=&#8221;no&#8221; type=&#8221;full_width&#8221; angled_section=&#8221;no&#8221; text_align=&#8221;left&#8221; background_image_as_pattern=&#8221;without_pattern&#8221;][vc_column][vc_column_text css=&#8221;&#8221;]<\/p>\n<div class=\"intro\">\n<div>\n<p>Se realizar\u00e1 del 17 al 26 de julio en el Domo del Bicentenario. Presentaron a los artistas internacionales que participar\u00e1n del concurso.<\/p>\n<\/div>\n<div class=\"intro\"><!--more--><\/div>\n<p>Lanzaron la\u00a0<strong>Bienal Internacional de Escultura 2026, que se realizar\u00e1 del 17 al 26 de julio<\/strong>\u00a0en el Domo del Centenario. Fue mediante una presentaci\u00f3n en la Casa de las Culturas y en el d\u00eda del Escultor, en recuerdo del creador del evento, Fabriciano G\u00f3mez.<\/p>\n<p>Josese Eidman, presidente de la Fundaci\u00f3n Urunday, fue el primero en presentar el gran evento chaque\u00f1o: &#8220;38 a\u00f1os pasaron desde aquel primer concurso en la plaza 25 de Mayo, un pu\u00f1ado de amigos aun\u00f3 esfuerzos en torno a una idea, reunir escultores y comunidad en un mismo espacio para que los ciudadanos pudieran presenciar el trabajo de artistas y la creaci\u00f3n de una obra de arte&#8221;.<\/p>\n<p>&#8220;Desde aquel concurso hecho a pulm\u00f3n hasta la Bienal internacional de nuestros d\u00edas, m\u00e1s de 500 escultores del mundo pasaron por el Chaco y sintieron la hospitalidad y cari\u00f1o de este pueblo. Sus obras hoy habitan nuestras veredas y bulevares&#8221;, agreg\u00f3.<\/p>\n<div><\/div>\n<p>La Bienal 2026 ser\u00e1 la\u00a0<strong>sede de la reuni\u00f3n anual y seminario de Comit\u00e9 Cient\u00edfico Internacional de Asuntos Legales Administrativos y Financieros, organismo consultivo legal de la UNESCO en materia de patrimonio cultural.<\/strong>\u00a0&#8220;Ser\u00e1 la primera vez que sesione en Argentina y Am\u00e9rica Latina&#8221;, indic\u00f3.<\/p>\n<p>Debido a cuestiones de salud,\u00a0<strong>el gobernador Leandro Zdero no pudo asistir<\/strong>, pero envi\u00f3 unas palabras escritas. &#8220;La Bienal forma parte de lo que somos, es uno de esos eventos que cada uno de los chaque\u00f1os esperamos con orgullo, porque nuestra provincia se llena de arte, visitantes, encuentros y emociones compartidas&#8221;.<\/p>\n<p>&nbsp;<\/p>\n<h3><strong>LOS ESCULTORES QUE ESTAR\u00c1N PRESENTES<\/strong><\/h3>\n<p>Acto seguido, presentaron a los 10 escultores que ser\u00e1n parte del concurso internacional. La Bienal 2026 recibi\u00f3 439 postulaciones provenientes de 70 pa\u00edses, con un criterio de evaluaci\u00f3n como la trayectoria de los artistas y la calidad de los proyectos.<\/p>\n<div><\/div>\n<p>A continuaci\u00f3n, el listado:<\/p>\n<ul>\n<li><strong>Argentina: N\u00e9stor Vildoza<\/strong><\/li>\n<li><strong>Bielorrusia: Alex Sorokin<\/strong><\/li>\n<li><strong>Bulgaria: Georgi Minchev<\/strong><\/li>\n<li><strong>Chile: Mauricio Guajardo<\/strong><\/li>\n<li><strong>Espa\u00f1a: Jos\u00e9 Carlos Cabello Mill\u00e1n<\/strong><\/li>\n<li><strong>Italia: Francesca Bernardini<\/strong><\/li>\n<li><strong>Polonia: Ana Teresa Rasinska<\/strong><\/li>\n<li><strong>Turqu\u00eda: Furkan Depeli<\/strong><\/li>\n<li><strong>Ucrania: Lyudmyla Mysko<\/strong><\/li>\n<li><strong>Uzbekist\u00e1n: Ulash Urakov<\/strong><\/li>\n<\/ul>\n<\/div>\n<p>&nbsp;<\/p>\n<div class=\" large m_image\"><\/div>\n<p><img loading=\"lazy\" decoding=\"async\" class=\"aligncenter wp-image-1359 size-full\" src=\"https:\/\/bienaldelchaco.org\/2026\/wp-content\/uploads\/2026\/03\/657720w790h593c.jpg.webp\" alt=\"\" width=\"790\" height=\"593\" srcset=\"https:\/\/bienaldelchaco.org\/2026\/wp-content\/uploads\/2026\/03\/657720w790h593c.jpg.webp 790w, https:\/\/bienaldelchaco.org\/2026\/wp-content\/uploads\/2026\/03\/657720w790h593c.jpg-300x225.webp 300w, https:\/\/bienaldelchaco.org\/2026\/wp-content\/uploads\/2026\/03\/657720w790h593c.jpg-768x576.webp 768w, https:\/\/bienaldelchaco.org\/2026\/wp-content\/uploads\/2026\/03\/657720w790h593c.jpg-700x525.webp 700w\" sizes=\"auto, (max-width: 790px) 100vw, 790px\" \/><\/p>\n<p>Por otro lado, tambi\u00e9n indicaron que los escultores tambi\u00e9n ser\u00e1n parte de la Bienal del Impenetrable, una vez terminada la Bienal Internacional.<\/p>\n<p>Adem\u00e1s, revelaron los participantes del Encuentro de Escultores Invitados: Desir\u00e9e De Ridder, Carola Zech, Normal Siguelboim, Eka Acosta (Suecia), Rafael Blasco Ciscar (Espa\u00f1a), Lucas Caricato y Oscar Leiva.<\/p>\n<div><\/div>\n<p>Tambi\u00e9n estar\u00e1n las provincias argentinas presentes en la 10\u00b0 edici\u00f3n del Desaf\u00edo Hierros L\u00edder en el que participan estudiantes de carreras de arte del pa\u00eds; \u00a0el 7\u00b0 Encuentro de Maestros Artesanos Argentinos y el 9\u00b0 Encuentro de Arte ind\u00edgena y artesan\u00eda de Pueblos Originarios. La programaci\u00f3n tambi\u00e9n incluir\u00e1 muestras homenajes dedicadas a grandes referentes de las esculturas del siglo XX.[\/vc_column_text][vc_empty_space height=&#8221;35px&#8221;][vc_column_text css=&#8221;&#8221;]Fuente:\u00a0 <a href=\"https:\/\/www.diariochaco.com\/686861-chaco-lanzo-la-bienal-internacional-de-las-esculturas-2026-forma-parte-de-lo-que-somos\" target=\"_blank\" rel=\"noopener\">https:\/\/www.diariochaco.com\/686861-chaco-lanzo-la-bienal-internacional-de-las-esculturas-2026-forma-parte-de-lo-que-somos<\/a>[\/vc_column_text][vc_empty_space height=&#8221;100px&#8221;][\/vc_column][\/vc_row]<\/p>\n<\/div>","protected":false},"excerpt":{"rendered":"<p>[vc_row css_animation=&#8221;&#8221; row_type=&#8221;row&#8221; use_row_as_full_screen_section=&#8221;no&#8221; type=&#8221;full_width&#8221; angled_section=&#8221;no&#8221; text_align=&#8221;left&#8221; background_image_as_pattern=&#8221;without_pattern&#8221;][vc_column][vc_column_text css=&#8221;&#8221;] Se realizar\u00e1 del 17 al 26 de julio en el Domo del Bicentenario. Presentaron a los artistas internacionales que participar\u00e1n del concurso.<\/p>\n","protected":false},"author":1,"featured_media":1358,"comment_status":"open","ping_status":"open","sticky":false,"template":"","format":"standard","meta":{"footnotes":""},"categories":[1],"tags":[],"class_list":["post-1357","post","type-post","status-publish","format-standard","has-post-thumbnail","hentry","category-sin-categoria"],"yoast_head":"<!-- This site is optimized with the Yoast SEO plugin v25.6 - https:\/\/yoast.com\/wordpress\/plugins\/seo\/ -->\n<title>Chaco lanz\u00f3 la Bienal Internacional de Escultura 2026: &quot;Forma parte de lo que somos&quot; - Bienal del Chaco<\/title>\n<meta name=\"robots\" content=\"index, follow, max-snippet:-1, max-image-preview:large, max-video-preview:-1\" \/>\n<link rel=\"canonical\" href=\"https:\/\/bienaldelchaco.org\/2026\/chaco-lanzo-la-bienal-internacional-de-las-esculturas-2026-forma-parte-de-lo-que-somos\/\" \/>\n<meta property=\"og:locale\" content=\"es_ES\" \/>\n<meta property=\"og:type\" content=\"article\" \/>\n<meta property=\"og:title\" content=\"Chaco lanz\u00f3 la Bienal Internacional de Escultura 2026: &quot;Forma parte de lo que somos&quot; - Bienal del Chaco\" \/>\n<meta property=\"og:description\" content=\"[vc_row css_animation=&#8221;&#8221; row_type=&#8221;row&#8221; use_row_as_full_screen_section=&#8221;no&#8221; type=&#8221;full_width&#8221; angled_section=&#8221;no&#8221; text_align=&#8221;left&#8221; background_image_as_pattern=&#8221;without_pattern&#8221;][vc_column][vc_column_text css=&#8221;&#8221;] Se realizar\u00e1 del 17 al 26 de julio en el Domo del Bicentenario. Presentaron a los artistas internacionales que participar\u00e1n del concurso.\" \/>\n<meta property=\"og:url\" content=\"https:\/\/bienaldelchaco.org\/2026\/chaco-lanzo-la-bienal-internacional-de-las-esculturas-2026-forma-parte-de-lo-que-somos\/\" \/>\n<meta property=\"og:site_name\" content=\"Bienal del Chaco\" \/>\n<meta property=\"article:publisher\" content=\"https:\/\/www.facebook.com\/bienaldelchaco\" \/>\n<meta property=\"article:published_time\" content=\"2026-03-06T22:39:46+00:00\" \/>\n<meta property=\"article:modified_time\" content=\"2026-03-20T20:59:21+00:00\" \/>\n<meta property=\"og:image\" content=\"https:\/\/bienaldelchaco.org\/2026\/wp-content\/uploads\/2026\/03\/657719w850h478c.jpg.webp\" \/>\n\t<meta property=\"og:image:width\" content=\"850\" \/>\n\t<meta property=\"og:image:height\" content=\"478\" \/>\n\t<meta property=\"og:image:type\" content=\"image\/webp\" \/>\n<meta name=\"author\" content=\"bitnessadmin\" \/>\n<meta name=\"twitter:card\" content=\"summary_large_image\" \/>\n<meta name=\"twitter:creator\" content=\"@bienaldelchaco\" \/>\n<meta name=\"twitter:site\" content=\"@bienaldelchaco\" \/>\n<meta name=\"twitter:label1\" content=\"Escrito por\" \/>\n\t<meta name=\"twitter:data1\" content=\"bitnessadmin\" \/>\n\t<meta name=\"twitter:label2\" content=\"Tiempo de lectura\" \/>\n\t<meta name=\"twitter:data2\" content=\"3 minutos\" \/>\n<script type=\"application\/ld+json\" class=\"yoast-schema-graph\">{\"@context\":\"https:\/\/schema.org\",\"@graph\":[{\"@type\":\"Article\",\"@id\":\"https:\/\/bienaldelchaco.org\/2026\/chaco-lanzo-la-bienal-internacional-de-las-esculturas-2026-forma-parte-de-lo-que-somos\/#article\",\"isPartOf\":{\"@id\":\"https:\/\/bienaldelchaco.org\/2026\/chaco-lanzo-la-bienal-internacional-de-las-esculturas-2026-forma-parte-de-lo-que-somos\/\"},\"author\":{\"name\":\"bitnessadmin\",\"@id\":\"https:\/\/bienaldelchaco.org\/2026\/#\/schema\/person\/1b8918c48c8b750f041d7dcc1614ef18\"},\"headline\":\"Chaco lanz\u00f3 la Bienal Internacional de Escultura 2026: &#8220;Forma parte de lo que somos&#8221;\",\"datePublished\":\"2026-03-06T22:39:46+00:00\",\"dateModified\":\"2026-03-20T20:59:21+00:00\",\"mainEntityOfPage\":{\"@id\":\"https:\/\/bienaldelchaco.org\/2026\/chaco-lanzo-la-bienal-internacional-de-las-esculturas-2026-forma-parte-de-lo-que-somos\/\"},\"wordCount\":570,\"commentCount\":0,\"publisher\":{\"@id\":\"https:\/\/bienaldelchaco.org\/2026\/#organization\"},\"image\":{\"@id\":\"https:\/\/bienaldelchaco.org\/2026\/chaco-lanzo-la-bienal-internacional-de-las-esculturas-2026-forma-parte-de-lo-que-somos\/#primaryimage\"},\"thumbnailUrl\":\"https:\/\/bienaldelchaco.org\/2026\/wp-content\/uploads\/2026\/03\/657719w850h478c.jpg.webp\",\"inLanguage\":\"es-AR\",\"potentialAction\":[{\"@type\":\"CommentAction\",\"name\":\"Comment\",\"target\":[\"https:\/\/bienaldelchaco.org\/2026\/chaco-lanzo-la-bienal-internacional-de-las-esculturas-2026-forma-parte-de-lo-que-somos\/#respond\"]}]},{\"@type\":\"WebPage\",\"@id\":\"https:\/\/bienaldelchaco.org\/2026\/chaco-lanzo-la-bienal-internacional-de-las-esculturas-2026-forma-parte-de-lo-que-somos\/\",\"url\":\"https:\/\/bienaldelchaco.org\/2026\/chaco-lanzo-la-bienal-internacional-de-las-esculturas-2026-forma-parte-de-lo-que-somos\/\",\"name\":\"Chaco lanz\u00f3 la Bienal Internacional de Escultura 2026: \\\"Forma parte de lo que somos\\\" - Bienal del Chaco\",\"isPartOf\":{\"@id\":\"https:\/\/bienaldelchaco.org\/2026\/#website\"},\"primaryImageOfPage\":{\"@id\":\"https:\/\/bienaldelchaco.org\/2026\/chaco-lanzo-la-bienal-internacional-de-las-esculturas-2026-forma-parte-de-lo-que-somos\/#primaryimage\"},\"image\":{\"@id\":\"https:\/\/bienaldelchaco.org\/2026\/chaco-lanzo-la-bienal-internacional-de-las-esculturas-2026-forma-parte-de-lo-que-somos\/#primaryimage\"},\"thumbnailUrl\":\"https:\/\/bienaldelchaco.org\/2026\/wp-content\/uploads\/2026\/03\/657719w850h478c.jpg.webp\",\"datePublished\":\"2026-03-06T22:39:46+00:00\",\"dateModified\":\"2026-03-20T20:59:21+00:00\",\"breadcrumb\":{\"@id\":\"https:\/\/bienaldelchaco.org\/2026\/chaco-lanzo-la-bienal-internacional-de-las-esculturas-2026-forma-parte-de-lo-que-somos\/#breadcrumb\"},\"inLanguage\":\"es-AR\",\"potentialAction\":[{\"@type\":\"ReadAction\",\"target\":[\"https:\/\/bienaldelchaco.org\/2026\/chaco-lanzo-la-bienal-internacional-de-las-esculturas-2026-forma-parte-de-lo-que-somos\/\"]}]},{\"@type\":\"ImageObject\",\"inLanguage\":\"es-AR\",\"@id\":\"https:\/\/bienaldelchaco.org\/2026\/chaco-lanzo-la-bienal-internacional-de-las-esculturas-2026-forma-parte-de-lo-que-somos\/#primaryimage\",\"url\":\"https:\/\/bienaldelchaco.org\/2026\/wp-content\/uploads\/2026\/03\/657719w850h478c.jpg.webp\",\"contentUrl\":\"https:\/\/bienaldelchaco.org\/2026\/wp-content\/uploads\/2026\/03\/657719w850h478c.jpg.webp\",\"width\":850,\"height\":478},{\"@type\":\"BreadcrumbList\",\"@id\":\"https:\/\/bienaldelchaco.org\/2026\/chaco-lanzo-la-bienal-internacional-de-las-esculturas-2026-forma-parte-de-lo-que-somos\/#breadcrumb\",\"itemListElement\":[{\"@type\":\"ListItem\",\"position\":1,\"name\":\"Inicio\",\"item\":\"https:\/\/bienaldelchaco.org\/2026\/\"},{\"@type\":\"ListItem\",\"position\":2,\"name\":\"Chaco lanz\u00f3 la Bienal Internacional de Escultura 2026: &#8220;Forma parte de lo que somos&#8221;\"}]},{\"@type\":\"WebSite\",\"@id\":\"https:\/\/bienaldelchaco.org\/2026\/#website\",\"url\":\"https:\/\/bienaldelchaco.org\/2026\/\",\"name\":\"Bienal del Chaco\",\"description\":\"\",\"publisher\":{\"@id\":\"https:\/\/bienaldelchaco.org\/2026\/#organization\"},\"potentialAction\":[{\"@type\":\"SearchAction\",\"target\":{\"@type\":\"EntryPoint\",\"urlTemplate\":\"https:\/\/bienaldelchaco.org\/2026\/?s={search_term_string}\"},\"query-input\":{\"@type\":\"PropertyValueSpecification\",\"valueRequired\":true,\"valueName\":\"search_term_string\"}}],\"inLanguage\":\"es-AR\"},{\"@type\":\"Organization\",\"@id\":\"https:\/\/bienaldelchaco.org\/2026\/#organization\",\"name\":\"Bienal del Chaco\",\"url\":\"https:\/\/bienaldelchaco.org\/2026\/\",\"logo\":{\"@type\":\"ImageObject\",\"inLanguage\":\"es-AR\",\"@id\":\"https:\/\/bienaldelchaco.org\/2026\/#\/schema\/logo\/image\/\",\"url\":\"https:\/\/bienaldelchaco.org\/2026\/wp-content\/uploads\/2025\/04\/web-logo-2026.png\",\"contentUrl\":\"https:\/\/bienaldelchaco.org\/2026\/wp-content\/uploads\/2025\/04\/web-logo-2026.png\",\"width\":145,\"height\":50,\"caption\":\"Bienal del Chaco\"},\"image\":{\"@id\":\"https:\/\/bienaldelchaco.org\/2026\/#\/schema\/logo\/image\/\"},\"sameAs\":[\"https:\/\/www.facebook.com\/bienaldelchaco\",\"https:\/\/x.com\/bienaldelchaco\",\"https:\/\/www.instagram.com\/bienaldelchaco\/\",\"https:\/\/www.youtube.com\/BienaldelChaco\"]},{\"@type\":\"Person\",\"@id\":\"https:\/\/bienaldelchaco.org\/2026\/#\/schema\/person\/1b8918c48c8b750f041d7dcc1614ef18\",\"name\":\"bitnessadmin\",\"image\":{\"@type\":\"ImageObject\",\"inLanguage\":\"es-AR\",\"@id\":\"https:\/\/bienaldelchaco.org\/2026\/#\/schema\/person\/image\/\",\"url\":\"https:\/\/secure.gravatar.com\/avatar\/441b367b6997ee3aae034996bf7b8bf6b85d8dd458e3cd0f1a0f7669a04bb0d9?s=96&d=mm&r=g\",\"contentUrl\":\"https:\/\/secure.gravatar.com\/avatar\/441b367b6997ee3aae034996bf7b8bf6b85d8dd458e3cd0f1a0f7669a04bb0d9?s=96&d=mm&r=g\",\"caption\":\"bitnessadmin\"},\"sameAs\":[\"https:\/\/bienaldelchaco.org\/2026\"],\"url\":\"https:\/\/bienaldelchaco.org\/2026\/author\/bitnessadmin\/\"}]}<\/script>\n<!-- \/ Yoast SEO plugin. -->","yoast_head_json":{"title":"Chaco lanz\u00f3 la Bienal Internacional de Escultura 2026: \"Forma parte de lo que somos\" - Bienal del Chaco","robots":{"index":"index","follow":"follow","max-snippet":"max-snippet:-1","max-image-preview":"max-image-preview:large","max-video-preview":"max-video-preview:-1"},"canonical":"https:\/\/bienaldelchaco.org\/2026\/chaco-lanzo-la-bienal-internacional-de-las-esculturas-2026-forma-parte-de-lo-que-somos\/","og_locale":"es_ES","og_type":"article","og_title":"Chaco lanz\u00f3 la Bienal Internacional de Escultura 2026: \"Forma parte de lo que somos\" - Bienal del Chaco","og_description":"[vc_row css_animation=&#8221;&#8221; row_type=&#8221;row&#8221; use_row_as_full_screen_section=&#8221;no&#8221; type=&#8221;full_width&#8221; angled_section=&#8221;no&#8221; text_align=&#8221;left&#8221; background_image_as_pattern=&#8221;without_pattern&#8221;][vc_column][vc_column_text css=&#8221;&#8221;] Se realizar\u00e1 del 17 al 26 de julio en el Domo del Bicentenario. Presentaron a los artistas internacionales que participar\u00e1n del concurso.","og_url":"https:\/\/bienaldelchaco.org\/2026\/chaco-lanzo-la-bienal-internacional-de-las-esculturas-2026-forma-parte-de-lo-que-somos\/","og_site_name":"Bienal del Chaco","article_publisher":"https:\/\/www.facebook.com\/bienaldelchaco","article_published_time":"2026-03-06T22:39:46+00:00","article_modified_time":"2026-03-20T20:59:21+00:00","og_image":[{"width":850,"height":478,"url":"https:\/\/bienaldelchaco.org\/2026\/wp-content\/uploads\/2026\/03\/657719w850h478c.jpg.webp","type":"image\/webp"}],"author":"bitnessadmin","twitter_card":"summary_large_image","twitter_creator":"@bienaldelchaco","twitter_site":"@bienaldelchaco","twitter_misc":{"Escrito por":"bitnessadmin","Tiempo de lectura":"3 minutos"},"schema":{"@context":"https:\/\/schema.org","@graph":[{"@type":"Article","@id":"https:\/\/bienaldelchaco.org\/2026\/chaco-lanzo-la-bienal-internacional-de-las-esculturas-2026-forma-parte-de-lo-que-somos\/#article","isPartOf":{"@id":"https:\/\/bienaldelchaco.org\/2026\/chaco-lanzo-la-bienal-internacional-de-las-esculturas-2026-forma-parte-de-lo-que-somos\/"},"author":{"name":"bitnessadmin","@id":"https:\/\/bienaldelchaco.org\/2026\/#\/schema\/person\/1b8918c48c8b750f041d7dcc1614ef18"},"headline":"Chaco lanz\u00f3 la Bienal Internacional de Escultura 2026: &#8220;Forma parte de lo que somos&#8221;","datePublished":"2026-03-06T22:39:46+00:00","dateModified":"2026-03-20T20:59:21+00:00","mainEntityOfPage":{"@id":"https:\/\/bienaldelchaco.org\/2026\/chaco-lanzo-la-bienal-internacional-de-las-esculturas-2026-forma-parte-de-lo-que-somos\/"},"wordCount":570,"commentCount":0,"publisher":{"@id":"https:\/\/bienaldelchaco.org\/2026\/#organization"},"image":{"@id":"https:\/\/bienaldelchaco.org\/2026\/chaco-lanzo-la-bienal-internacional-de-las-esculturas-2026-forma-parte-de-lo-que-somos\/#primaryimage"},"thumbnailUrl":"https:\/\/bienaldelchaco.org\/2026\/wp-content\/uploads\/2026\/03\/657719w850h478c.jpg.webp","inLanguage":"es-AR","potentialAction":[{"@type":"CommentAction","name":"Comment","target":["https:\/\/bienaldelchaco.org\/2026\/chaco-lanzo-la-bienal-internacional-de-las-esculturas-2026-forma-parte-de-lo-que-somos\/#respond"]}]},{"@type":"WebPage","@id":"https:\/\/bienaldelchaco.org\/2026\/chaco-lanzo-la-bienal-internacional-de-las-esculturas-2026-forma-parte-de-lo-que-somos\/","url":"https:\/\/bienaldelchaco.org\/2026\/chaco-lanzo-la-bienal-internacional-de-las-esculturas-2026-forma-parte-de-lo-que-somos\/","name":"Chaco lanz\u00f3 la Bienal Internacional de Escultura 2026: \"Forma parte de lo que somos\" - Bienal del Chaco","isPartOf":{"@id":"https:\/\/bienaldelchaco.org\/2026\/#website"},"primaryImageOfPage":{"@id":"https:\/\/bienaldelchaco.org\/2026\/chaco-lanzo-la-bienal-internacional-de-las-esculturas-2026-forma-parte-de-lo-que-somos\/#primaryimage"},"image":{"@id":"https:\/\/bienaldelchaco.org\/2026\/chaco-lanzo-la-bienal-internacional-de-las-esculturas-2026-forma-parte-de-lo-que-somos\/#primaryimage"},"thumbnailUrl":"https:\/\/bienaldelchaco.org\/2026\/wp-content\/uploads\/2026\/03\/657719w850h478c.jpg.webp","datePublished":"2026-03-06T22:39:46+00:00","dateModified":"2026-03-20T20:59:21+00:00","breadcrumb":{"@id":"https:\/\/bienaldelchaco.org\/2026\/chaco-lanzo-la-bienal-internacional-de-las-esculturas-2026-forma-parte-de-lo-que-somos\/#breadcrumb"},"inLanguage":"es-AR","potentialAction":[{"@type":"ReadAction","target":["https:\/\/bienaldelchaco.org\/2026\/chaco-lanzo-la-bienal-internacional-de-las-esculturas-2026-forma-parte-de-lo-que-somos\/"]}]},{"@type":"ImageObject","inLanguage":"es-AR","@id":"https:\/\/bienaldelchaco.org\/2026\/chaco-lanzo-la-bienal-internacional-de-las-esculturas-2026-forma-parte-de-lo-que-somos\/#primaryimage","url":"https:\/\/bienaldelchaco.org\/2026\/wp-content\/uploads\/2026\/03\/657719w850h478c.jpg.webp","contentUrl":"https:\/\/bienaldelchaco.org\/2026\/wp-content\/uploads\/2026\/03\/657719w850h478c.jpg.webp","width":850,"height":478},{"@type":"BreadcrumbList","@id":"https:\/\/bienaldelchaco.org\/2026\/chaco-lanzo-la-bienal-internacional-de-las-esculturas-2026-forma-parte-de-lo-que-somos\/#breadcrumb","itemListElement":[{"@type":"ListItem","position":1,"name":"Inicio","item":"https:\/\/bienaldelchaco.org\/2026\/"},{"@type":"ListItem","position":2,"name":"Chaco lanz\u00f3 la Bienal Internacional de Escultura 2026: &#8220;Forma parte de lo que somos&#8221;"}]},{"@type":"WebSite","@id":"https:\/\/bienaldelchaco.org\/2026\/#website","url":"https:\/\/bienaldelchaco.org\/2026\/","name":"Bienal del Chaco","description":"","publisher":{"@id":"https:\/\/bienaldelchaco.org\/2026\/#organization"},"potentialAction":[{"@type":"SearchAction","target":{"@type":"EntryPoint","urlTemplate":"https:\/\/bienaldelchaco.org\/2026\/?s={search_term_string}"},"query-input":{"@type":"PropertyValueSpecification","valueRequired":true,"valueName":"search_term_string"}}],"inLanguage":"es-AR"},{"@type":"Organization","@id":"https:\/\/bienaldelchaco.org\/2026\/#organization","name":"Bienal del Chaco","url":"https:\/\/bienaldelchaco.org\/2026\/","logo":{"@type":"ImageObject","inLanguage":"es-AR","@id":"https:\/\/bienaldelchaco.org\/2026\/#\/schema\/logo\/image\/","url":"https:\/\/bienaldelchaco.org\/2026\/wp-content\/uploads\/2025\/04\/web-logo-2026.png","contentUrl":"https:\/\/bienaldelchaco.org\/2026\/wp-content\/uploads\/2025\/04\/web-logo-2026.png","width":145,"height":50,"caption":"Bienal del Chaco"},"image":{"@id":"https:\/\/bienaldelchaco.org\/2026\/#\/schema\/logo\/image\/"},"sameAs":["https:\/\/www.facebook.com\/bienaldelchaco","https:\/\/x.com\/bienaldelchaco","https:\/\/www.instagram.com\/bienaldelchaco\/","https:\/\/www.youtube.com\/BienaldelChaco"]},{"@type":"Person","@id":"https:\/\/bienaldelchaco.org\/2026\/#\/schema\/person\/1b8918c48c8b750f041d7dcc1614ef18","name":"bitnessadmin","image":{"@type":"ImageObject","inLanguage":"es-AR","@id":"https:\/\/bienaldelchaco.org\/2026\/#\/schema\/person\/image\/","url":"https:\/\/secure.gravatar.com\/avatar\/441b367b6997ee3aae034996bf7b8bf6b85d8dd458e3cd0f1a0f7669a04bb0d9?s=96&d=mm&r=g","contentUrl":"https:\/\/secure.gravatar.com\/avatar\/441b367b6997ee3aae034996bf7b8bf6b85d8dd458e3cd0f1a0f7669a04bb0d9?s=96&d=mm&r=g","caption":"bitnessadmin"},"sameAs":["https:\/\/bienaldelchaco.org\/2026"],"url":"https:\/\/bienaldelchaco.org\/2026\/author\/bitnessadmin\/"}]}},"_links":{"self":[{"href":"https:\/\/bienaldelchaco.org\/2026\/wp-json\/wp\/v2\/posts\/1357","targetHints":{"allow":["GET"]}}],"collection":[{"href":"https:\/\/bienaldelchaco.org\/2026\/wp-json\/wp\/v2\/posts"}],"about":[{"href":"https:\/\/bienaldelchaco.org\/2026\/wp-json\/wp\/v2\/types\/post"}],"author":[{"embeddable":true,"href":"https:\/\/bienaldelchaco.org\/2026\/wp-json\/wp\/v2\/users\/1"}],"replies":[{"embeddable":true,"href":"https:\/\/bienaldelchaco.org\/2026\/wp-json\/wp\/v2\/comments?post=1357"}],"version-history":[{"count":3,"href":"https:\/\/bienaldelchaco.org\/2026\/wp-json\/wp\/v2\/posts\/1357\/revisions"}],"predecessor-version":[{"id":1402,"href":"https:\/\/bienaldelchaco.org\/2026\/wp-json\/wp\/v2\/posts\/1357\/revisions\/1402"}],"wp:featuredmedia":[{"embeddable":true,"href":"https:\/\/bienaldelchaco.org\/2026\/wp-json\/wp\/v2\/media\/1358"}],"wp:attachment":[{"href":"https:\/\/bienaldelchaco.org\/2026\/wp-json\/wp\/v2\/media?parent=1357"}],"wp:term":[{"taxonomy":"category","embeddable":true,"href":"https:\/\/bienaldelchaco.org\/2026\/wp-json\/wp\/v2\/categories?post=1357"},{"taxonomy":"post_tag","embeddable":true,"href":"https:\/\/bienaldelchaco.org\/2026\/wp-json\/wp\/v2\/tags?post=1357"}],"curies":[{"name":"wp","href":"https:\/\/api.w.org\/{rel}","templated":true}]}}