{"id":1363,"date":"2026-03-06T20:02:59","date_gmt":"2026-03-06T23:02:59","guid":{"rendered":"https:\/\/bienaldelchaco.org\/2026\/?p=1363"},"modified":"2026-03-19T20:07:12","modified_gmt":"2026-03-19T23:07:12","slug":"la-bienal-del-chaco-amplia-su-alcance-internacional-con-apoyo-de-cancilleria-argentina","status":"publish","type":"post","link":"https:\/\/bienaldelchaco.org\/2026\/la-bienal-del-chaco-amplia-su-alcance-internacional-con-apoyo-de-cancilleria-argentina\/","title":{"rendered":"La Bienal del Chaco ampl\u00eda su alcance internacional con apoyo de Canciller\u00eda Argentina"},"content":{"rendered":"<div class=\"wpb-content-wrapper\"><p>[vc_row css_animation=&#8221;&#8221; row_type=&#8221;row&#8221; use_row_as_full_screen_section=&#8221;no&#8221; type=&#8221;full_width&#8221; angled_section=&#8221;no&#8221; text_align=&#8221;left&#8221; background_image_as_pattern=&#8221;without_pattern&#8221;][vc_column][vc_column_text css=&#8221;&#8221;]Las representaciones argentinas en el exterior difundieron la convocatoria de la Bienal Internacional de Escultura del Chaco 2026 en m\u00e1s de 30 pa\u00edses. La gesti\u00f3n fue articulada por la Canciller\u00eda Argentina y permitir\u00e1 ampliar la proyecci\u00f3n internacional del evento.<\/p>\n<div class=\"intro\"><!--more--><\/div>\n<p>La Bienal Internacional de Escultura del Chaco contin\u00faa fortaleciendo su posicionamiento como plataforma global de arte p\u00fablico con la colaboraci\u00f3n estrat\u00e9gica de la Canciller\u00eda Argentina. A trav\u00e9s de su Direcci\u00f3n de Asuntos Culturales, el Ministerio de Relaciones Exteriores impuls\u00f3 la difusi\u00f3n de la convocatoria internacional del certamen escult\u00f3rico en m\u00e1s de 30 pa\u00edses, mediante las representaciones diplom\u00e1ticas argentinas.<\/p>\n<p>La iniciativa, gestionada junto a la Fundaci\u00f3n Urunday \u2013organizadora de la Bienal junto al Gobierno del Chaco\u2013, tuvo como objetivo ampliar el alcance de la convocatoria e incentivar la participaci\u00f3n de artistas de distintos continentes. Las embajadas argentinas replicaron el llamado en redes institucionales, canales culturales y v\u00ednculos locales, generando una importante visibilidad para el evento que tendr\u00e1 lugar en julio de 2026, en la ciudad de Resistencia.<\/p>\n<p>Desde la Fundaci\u00f3n Urunday, organizadora del evento desde 1988, destacaron el impacto de esta acci\u00f3n diplom\u00e1tica y su contribuci\u00f3n a la proyecci\u00f3n internacional del evento: \u201cLa articulaci\u00f3n con la Canciller\u00eda es fundamental para fortalecer los v\u00ednculos culturales entre naciones y seguir posicionando a la Bienal como una experiencia \u00fanica en el mundo del arte p\u00fablico\u201d, expres\u00f3 su presidente, Jos\u00e9 Eidman.<\/p>\n<p>Con m\u00e1s de tres d\u00e9cadas de trayectoria, la Bienal del Chaco se ha consolidado como uno de los eventos culturales m\u00e1s relevantes de Am\u00e9rica Latina y uno de los escenarios m\u00e1s destacados a nivel mundial en el \u00e1mbito de la escultura contempor\u00e1nea.<\/p>\n<p>&nbsp;<\/p>\n<h4 style=\"padding-bottom: 15px;\"><strong>Bienal de Chaco: la convocatoria abierta a escultores<\/strong><\/h4>\n<p>El Comit\u00e9 Organizador de la Bienal del Chaco, integrado por la Fundaci\u00f3n Urunday y el Gobierno de la Provincia del Chaco, anunci\u00f3 la apertura de la convocatoria internacional para escultores que deseen participar en la pr\u00f3xima edici\u00f3n del prestigioso certamen, a celebrarse del 11 al 19 de julio de 2026 en la ciudad de Resistencia, Argentina.<\/p>\n<p>Artistas de todo el mundo est\u00e1n invitados a postular sus proyectos para formar parte de una experiencia \u00fanica: crear esculturas al aire libre y frente al p\u00fablico durante siete d\u00edas, en un formato que combina creaci\u00f3n art\u00edstica, intercambio cultural y encuentro con miles de visitantes. Las obras realizadas durante el concurso pasar\u00e1n a formar parte del patrimonio p\u00fablico de Resistencia, una ciudad que ya cuenta con m\u00e1s de 700 esculturas instaladas en sus calles y espacios verdes.<\/p>\n<p>La edici\u00f3n 2026 de la Bienal del Chaco<strong>\u00a0contar\u00e1 con dos materiales de trabajo: m\u00e1rmol y metal<\/strong>. Los escultores seleccionados trabajar\u00e1n en condiciones id\u00e9nticas y dispondr\u00e1n de todos los materiales, herramientas y asistencia t\u00e9cnica necesarias para llevar adelante sus obras.<\/p>\n<p>Los interesados pueden inscribirse a trav\u00e9s del formulario disponible\u00a0<strong>en el sitio oficial del evento: www.bienaldelchaco.org.<\/strong><\/p>\n<p>Adem\u00e1s del Concurso Internacional de Escultura, el evento incluir\u00e1 una nutrida agenda de actividades paralelas que enriquecen la experiencia cultural:<\/p>\n<p>\u2022 Encuentro de Escultores Invitados<\/p>\n<p>\u2022 Concurso de Escultura para Estudiantes de Artes<\/p>\n<p>\u2022 Congreso Internacional de Artes<\/p>\n<p>\u2022 \u2060 Seminario de Arte, Derecho, Patrimonio y Urbanismo<\/p>\n<p>\u2022 \u2060 Congreso Internacional de Derecho del Arte<\/p>\n<p>\u2022 \u2060 Festival Filarm\u00f3nico Internacional<\/p>\n<p>\u2022 \u2060 Encuentro de Maestros Artesanos Argentinos<\/p>\n<p>\u2022 \u2060 Encuentro de Artesanos de Pueblos Originarios<\/p>\n<p>\u2022 \u2060 Agit\u00e1 la Bienal (plataforma joven de expresi\u00f3n cultural)<\/p>\n<p>&nbsp;<\/p>\n<p>Completan la programaci\u00f3n numerosas expresiones del arte y la cultura:<strong>\u00a0artes esc\u00e9nicas, talleres, conferencias magistrales, muestras, feria de artesan\u00eda y dise\u00f1o, y una destacada propuesta gastron\u00f3mica regional.<\/strong><\/p>\n<p>Reconocida como uno de los escenarios m\u00e1s relevantes a nivel mundial en el campo de la escultura,\u00a0<strong>la Bienal del Chaco se consolida adem\u00e1s como una de las experiencias m\u00e1s significativas del arte p\u00fablico en el continente<\/strong>, convocando a escultores y amantes del arte de todo el mundo.[\/vc_column_text][vc_empty_space height=&#8221;35px&#8221;][vc_column_text css=&#8221;&#8221;]Fuente:\u00a0 <a href=\"https:\/\/www.perfil.com\/noticias\/cultura\/la-bienal-del-chaco-amplia-su-alcance-internacional-con-apoyo-de-cancilleria-argentina.phtml\" target=\"_blank\" rel=\"noopener\">https:\/\/www.perfil.com\/noticias\/cultura\/la-bienal-del-chaco-amplia-su-alcance-internacional-con-apoyo-de-cancilleria-argentina.phtml<\/a>[\/vc_column_text][vc_empty_space height=&#8221;100px&#8221;][\/vc_column][\/vc_row]<\/p>\n<\/div>","protected":false},"excerpt":{"rendered":"<p>[vc_row css_animation=&#8221;&#8221; row_type=&#8221;row&#8221; use_row_as_full_screen_section=&#8221;no&#8221; type=&#8221;full_width&#8221; angled_section=&#8221;no&#8221; text_align=&#8221;left&#8221; background_image_as_pattern=&#8221;without_pattern&#8221;][vc_column][vc_column_text css=&#8221;&#8221;]Las representaciones argentinas en el exterior difundieron la convocatoria de la Bienal Internacional de Escultura del Chaco 2026 en m\u00e1s de 30 pa\u00edses. La gesti\u00f3n fue articulada por la Canciller\u00eda Argentina y permitir\u00e1 ampliar la proyecci\u00f3n internacional&#8230;<\/p>\n","protected":false},"author":1,"featured_media":1364,"comment_status":"open","ping_status":"open","sticky":false,"template":"","format":"standard","meta":{"footnotes":""},"categories":[1],"tags":[],"class_list":["post-1363","post","type-post","status-publish","format-standard","has-post-thumbnail","hentry","category-sin-categoria"],"yoast_head":"<!-- This site is optimized with the Yoast SEO plugin v25.6 - https:\/\/yoast.com\/wordpress\/plugins\/seo\/ -->\n<title>La Bienal del Chaco ampl\u00eda su alcance internacional con apoyo de Canciller\u00eda Argentina - Bienal del Chaco<\/title>\n<meta name=\"robots\" content=\"index, follow, max-snippet:-1, max-image-preview:large, max-video-preview:-1\" \/>\n<link rel=\"canonical\" href=\"https:\/\/bienaldelchaco.org\/2026\/la-bienal-del-chaco-amplia-su-alcance-internacional-con-apoyo-de-cancilleria-argentina\/\" \/>\n<meta property=\"og:locale\" content=\"es_ES\" \/>\n<meta property=\"og:type\" content=\"article\" \/>\n<meta property=\"og:title\" content=\"La Bienal del Chaco ampl\u00eda su alcance internacional con apoyo de Canciller\u00eda Argentina - Bienal del Chaco\" \/>\n<meta property=\"og:description\" content=\"[vc_row css_animation=&#8221;&#8221; row_type=&#8221;row&#8221; use_row_as_full_screen_section=&#8221;no&#8221; type=&#8221;full_width&#8221; angled_section=&#8221;no&#8221; text_align=&#8221;left&#8221; background_image_as_pattern=&#8221;without_pattern&#8221;][vc_column][vc_column_text css=&#8221;&#8221;]Las representaciones argentinas en el exterior difundieron la convocatoria de la Bienal Internacional de Escultura del Chaco 2026 en m\u00e1s de 30 pa\u00edses. La gesti\u00f3n fue articulada por la Canciller\u00eda Argentina y permitir\u00e1 ampliar la proyecci\u00f3n internacional...\" \/>\n<meta property=\"og:url\" content=\"https:\/\/bienaldelchaco.org\/2026\/la-bienal-del-chaco-amplia-su-alcance-internacional-con-apoyo-de-cancilleria-argentina\/\" \/>\n<meta property=\"og:site_name\" content=\"Bienal del Chaco\" \/>\n<meta property=\"article:publisher\" content=\"https:\/\/www.facebook.com\/bienaldelchaco\" \/>\n<meta property=\"article:published_time\" content=\"2026-03-06T23:02:59+00:00\" \/>\n<meta property=\"article:modified_time\" content=\"2026-03-19T23:07:12+00:00\" \/>\n<meta property=\"og:image\" content=\"https:\/\/bienaldelchaco.org\/2026\/wp-content\/uploads\/2026\/03\/bienal-de-esculturas-chaco-06082025-2075302.webp\" \/>\n\t<meta property=\"og:image:width\" content=\"987\" \/>\n\t<meta property=\"og:image:height\" content=\"555\" \/>\n\t<meta property=\"og:image:type\" content=\"image\/webp\" \/>\n<meta name=\"author\" content=\"bitnessadmin\" \/>\n<meta name=\"twitter:card\" content=\"summary_large_image\" \/>\n<meta name=\"twitter:creator\" content=\"@bienaldelchaco\" \/>\n<meta name=\"twitter:site\" content=\"@bienaldelchaco\" \/>\n<meta name=\"twitter:label1\" content=\"Escrito por\" \/>\n\t<meta name=\"twitter:data1\" content=\"bitnessadmin\" \/>\n\t<meta name=\"twitter:label2\" content=\"Tiempo de lectura\" \/>\n\t<meta name=\"twitter:data2\" content=\"4 minutos\" \/>\n<script type=\"application\/ld+json\" class=\"yoast-schema-graph\">{\"@context\":\"https:\/\/schema.org\",\"@graph\":[{\"@type\":\"Article\",\"@id\":\"https:\/\/bienaldelchaco.org\/2026\/la-bienal-del-chaco-amplia-su-alcance-internacional-con-apoyo-de-cancilleria-argentina\/#article\",\"isPartOf\":{\"@id\":\"https:\/\/bienaldelchaco.org\/2026\/la-bienal-del-chaco-amplia-su-alcance-internacional-con-apoyo-de-cancilleria-argentina\/\"},\"author\":{\"name\":\"bitnessadmin\",\"@id\":\"https:\/\/bienaldelchaco.org\/2026\/#\/schema\/person\/1b8918c48c8b750f041d7dcc1614ef18\"},\"headline\":\"La Bienal del Chaco ampl\u00eda su alcance internacional con apoyo de Canciller\u00eda Argentina\",\"datePublished\":\"2026-03-06T23:02:59+00:00\",\"dateModified\":\"2026-03-19T23:07:12+00:00\",\"mainEntityOfPage\":{\"@id\":\"https:\/\/bienaldelchaco.org\/2026\/la-bienal-del-chaco-amplia-su-alcance-internacional-con-apoyo-de-cancilleria-argentina\/\"},\"wordCount\":751,\"commentCount\":0,\"publisher\":{\"@id\":\"https:\/\/bienaldelchaco.org\/2026\/#organization\"},\"image\":{\"@id\":\"https:\/\/bienaldelchaco.org\/2026\/la-bienal-del-chaco-amplia-su-alcance-internacional-con-apoyo-de-cancilleria-argentina\/#primaryimage\"},\"thumbnailUrl\":\"https:\/\/bienaldelchaco.org\/2026\/wp-content\/uploads\/2026\/03\/bienal-de-esculturas-chaco-06082025-2075302.webp\",\"inLanguage\":\"es-AR\",\"potentialAction\":[{\"@type\":\"CommentAction\",\"name\":\"Comment\",\"target\":[\"https:\/\/bienaldelchaco.org\/2026\/la-bienal-del-chaco-amplia-su-alcance-internacional-con-apoyo-de-cancilleria-argentina\/#respond\"]}]},{\"@type\":\"WebPage\",\"@id\":\"https:\/\/bienaldelchaco.org\/2026\/la-bienal-del-chaco-amplia-su-alcance-internacional-con-apoyo-de-cancilleria-argentina\/\",\"url\":\"https:\/\/bienaldelchaco.org\/2026\/la-bienal-del-chaco-amplia-su-alcance-internacional-con-apoyo-de-cancilleria-argentina\/\",\"name\":\"La Bienal del Chaco ampl\u00eda su alcance internacional con apoyo de Canciller\u00eda Argentina - Bienal del Chaco\",\"isPartOf\":{\"@id\":\"https:\/\/bienaldelchaco.org\/2026\/#website\"},\"primaryImageOfPage\":{\"@id\":\"https:\/\/bienaldelchaco.org\/2026\/la-bienal-del-chaco-amplia-su-alcance-internacional-con-apoyo-de-cancilleria-argentina\/#primaryimage\"},\"image\":{\"@id\":\"https:\/\/bienaldelchaco.org\/2026\/la-bienal-del-chaco-amplia-su-alcance-internacional-con-apoyo-de-cancilleria-argentina\/#primaryimage\"},\"thumbnailUrl\":\"https:\/\/bienaldelchaco.org\/2026\/wp-content\/uploads\/2026\/03\/bienal-de-esculturas-chaco-06082025-2075302.webp\",\"datePublished\":\"2026-03-06T23:02:59+00:00\",\"dateModified\":\"2026-03-19T23:07:12+00:00\",\"breadcrumb\":{\"@id\":\"https:\/\/bienaldelchaco.org\/2026\/la-bienal-del-chaco-amplia-su-alcance-internacional-con-apoyo-de-cancilleria-argentina\/#breadcrumb\"},\"inLanguage\":\"es-AR\",\"potentialAction\":[{\"@type\":\"ReadAction\",\"target\":[\"https:\/\/bienaldelchaco.org\/2026\/la-bienal-del-chaco-amplia-su-alcance-internacional-con-apoyo-de-cancilleria-argentina\/\"]}]},{\"@type\":\"ImageObject\",\"inLanguage\":\"es-AR\",\"@id\":\"https:\/\/bienaldelchaco.org\/2026\/la-bienal-del-chaco-amplia-su-alcance-internacional-con-apoyo-de-cancilleria-argentina\/#primaryimage\",\"url\":\"https:\/\/bienaldelchaco.org\/2026\/wp-content\/uploads\/2026\/03\/bienal-de-esculturas-chaco-06082025-2075302.webp\",\"contentUrl\":\"https:\/\/bienaldelchaco.org\/2026\/wp-content\/uploads\/2026\/03\/bienal-de-esculturas-chaco-06082025-2075302.webp\",\"width\":987,\"height\":555},{\"@type\":\"BreadcrumbList\",\"@id\":\"https:\/\/bienaldelchaco.org\/2026\/la-bienal-del-chaco-amplia-su-alcance-internacional-con-apoyo-de-cancilleria-argentina\/#breadcrumb\",\"itemListElement\":[{\"@type\":\"ListItem\",\"position\":1,\"name\":\"Inicio\",\"item\":\"https:\/\/bienaldelchaco.org\/2026\/\"},{\"@type\":\"ListItem\",\"position\":2,\"name\":\"La Bienal del Chaco ampl\u00eda su alcance internacional con apoyo de Canciller\u00eda Argentina\"}]},{\"@type\":\"WebSite\",\"@id\":\"https:\/\/bienaldelchaco.org\/2026\/#website\",\"url\":\"https:\/\/bienaldelchaco.org\/2026\/\",\"name\":\"Bienal del Chaco\",\"description\":\"\",\"publisher\":{\"@id\":\"https:\/\/bienaldelchaco.org\/2026\/#organization\"},\"potentialAction\":[{\"@type\":\"SearchAction\",\"target\":{\"@type\":\"EntryPoint\",\"urlTemplate\":\"https:\/\/bienaldelchaco.org\/2026\/?s={search_term_string}\"},\"query-input\":{\"@type\":\"PropertyValueSpecification\",\"valueRequired\":true,\"valueName\":\"search_term_string\"}}],\"inLanguage\":\"es-AR\"},{\"@type\":\"Organization\",\"@id\":\"https:\/\/bienaldelchaco.org\/2026\/#organization\",\"name\":\"Bienal del Chaco\",\"url\":\"https:\/\/bienaldelchaco.org\/2026\/\",\"logo\":{\"@type\":\"ImageObject\",\"inLanguage\":\"es-AR\",\"@id\":\"https:\/\/bienaldelchaco.org\/2026\/#\/schema\/logo\/image\/\",\"url\":\"https:\/\/bienaldelchaco.org\/2026\/wp-content\/uploads\/2025\/04\/web-logo-2026.png\",\"contentUrl\":\"https:\/\/bienaldelchaco.org\/2026\/wp-content\/uploads\/2025\/04\/web-logo-2026.png\",\"width\":145,\"height\":50,\"caption\":\"Bienal del Chaco\"},\"image\":{\"@id\":\"https:\/\/bienaldelchaco.org\/2026\/#\/schema\/logo\/image\/\"},\"sameAs\":[\"https:\/\/www.facebook.com\/bienaldelchaco\",\"https:\/\/x.com\/bienaldelchaco\",\"https:\/\/www.instagram.com\/bienaldelchaco\/\",\"https:\/\/www.youtube.com\/BienaldelChaco\"]},{\"@type\":\"Person\",\"@id\":\"https:\/\/bienaldelchaco.org\/2026\/#\/schema\/person\/1b8918c48c8b750f041d7dcc1614ef18\",\"name\":\"bitnessadmin\",\"image\":{\"@type\":\"ImageObject\",\"inLanguage\":\"es-AR\",\"@id\":\"https:\/\/bienaldelchaco.org\/2026\/#\/schema\/person\/image\/\",\"url\":\"https:\/\/secure.gravatar.com\/avatar\/441b367b6997ee3aae034996bf7b8bf6b85d8dd458e3cd0f1a0f7669a04bb0d9?s=96&d=mm&r=g\",\"contentUrl\":\"https:\/\/secure.gravatar.com\/avatar\/441b367b6997ee3aae034996bf7b8bf6b85d8dd458e3cd0f1a0f7669a04bb0d9?s=96&d=mm&r=g\",\"caption\":\"bitnessadmin\"},\"sameAs\":[\"https:\/\/bienaldelchaco.org\/2026\"],\"url\":\"https:\/\/bienaldelchaco.org\/2026\/author\/bitnessadmin\/\"}]}<\/script>\n<!-- \/ Yoast SEO plugin. -->","yoast_head_json":{"title":"La Bienal del Chaco ampl\u00eda su alcance internacional con apoyo de Canciller\u00eda Argentina - Bienal del Chaco","robots":{"index":"index","follow":"follow","max-snippet":"max-snippet:-1","max-image-preview":"max-image-preview:large","max-video-preview":"max-video-preview:-1"},"canonical":"https:\/\/bienaldelchaco.org\/2026\/la-bienal-del-chaco-amplia-su-alcance-internacional-con-apoyo-de-cancilleria-argentina\/","og_locale":"es_ES","og_type":"article","og_title":"La Bienal del Chaco ampl\u00eda su alcance internacional con apoyo de Canciller\u00eda Argentina - Bienal del Chaco","og_description":"[vc_row css_animation=&#8221;&#8221; row_type=&#8221;row&#8221; use_row_as_full_screen_section=&#8221;no&#8221; type=&#8221;full_width&#8221; angled_section=&#8221;no&#8221; text_align=&#8221;left&#8221; background_image_as_pattern=&#8221;without_pattern&#8221;][vc_column][vc_column_text css=&#8221;&#8221;]Las representaciones argentinas en el exterior difundieron la convocatoria de la Bienal Internacional de Escultura del Chaco 2026 en m\u00e1s de 30 pa\u00edses. La gesti\u00f3n fue articulada por la Canciller\u00eda Argentina y permitir\u00e1 ampliar la proyecci\u00f3n internacional...","og_url":"https:\/\/bienaldelchaco.org\/2026\/la-bienal-del-chaco-amplia-su-alcance-internacional-con-apoyo-de-cancilleria-argentina\/","og_site_name":"Bienal del Chaco","article_publisher":"https:\/\/www.facebook.com\/bienaldelchaco","article_published_time":"2026-03-06T23:02:59+00:00","article_modified_time":"2026-03-19T23:07:12+00:00","og_image":[{"width":987,"height":555,"url":"https:\/\/bienaldelchaco.org\/2026\/wp-content\/uploads\/2026\/03\/bienal-de-esculturas-chaco-06082025-2075302.webp","type":"image\/webp"}],"author":"bitnessadmin","twitter_card":"summary_large_image","twitter_creator":"@bienaldelchaco","twitter_site":"@bienaldelchaco","twitter_misc":{"Escrito por":"bitnessadmin","Tiempo de lectura":"4 minutos"},"schema":{"@context":"https:\/\/schema.org","@graph":[{"@type":"Article","@id":"https:\/\/bienaldelchaco.org\/2026\/la-bienal-del-chaco-amplia-su-alcance-internacional-con-apoyo-de-cancilleria-argentina\/#article","isPartOf":{"@id":"https:\/\/bienaldelchaco.org\/2026\/la-bienal-del-chaco-amplia-su-alcance-internacional-con-apoyo-de-cancilleria-argentina\/"},"author":{"name":"bitnessadmin","@id":"https:\/\/bienaldelchaco.org\/2026\/#\/schema\/person\/1b8918c48c8b750f041d7dcc1614ef18"},"headline":"La Bienal del Chaco ampl\u00eda su alcance internacional con apoyo de Canciller\u00eda Argentina","datePublished":"2026-03-06T23:02:59+00:00","dateModified":"2026-03-19T23:07:12+00:00","mainEntityOfPage":{"@id":"https:\/\/bienaldelchaco.org\/2026\/la-bienal-del-chaco-amplia-su-alcance-internacional-con-apoyo-de-cancilleria-argentina\/"},"wordCount":751,"commentCount":0,"publisher":{"@id":"https:\/\/bienaldelchaco.org\/2026\/#organization"},"image":{"@id":"https:\/\/bienaldelchaco.org\/2026\/la-bienal-del-chaco-amplia-su-alcance-internacional-con-apoyo-de-cancilleria-argentina\/#primaryimage"},"thumbnailUrl":"https:\/\/bienaldelchaco.org\/2026\/wp-content\/uploads\/2026\/03\/bienal-de-esculturas-chaco-06082025-2075302.webp","inLanguage":"es-AR","potentialAction":[{"@type":"CommentAction","name":"Comment","target":["https:\/\/bienaldelchaco.org\/2026\/la-bienal-del-chaco-amplia-su-alcance-internacional-con-apoyo-de-cancilleria-argentina\/#respond"]}]},{"@type":"WebPage","@id":"https:\/\/bienaldelchaco.org\/2026\/la-bienal-del-chaco-amplia-su-alcance-internacional-con-apoyo-de-cancilleria-argentina\/","url":"https:\/\/bienaldelchaco.org\/2026\/la-bienal-del-chaco-amplia-su-alcance-internacional-con-apoyo-de-cancilleria-argentina\/","name":"La Bienal del Chaco ampl\u00eda su alcance internacional con apoyo de Canciller\u00eda Argentina - Bienal del Chaco","isPartOf":{"@id":"https:\/\/bienaldelchaco.org\/2026\/#website"},"primaryImageOfPage":{"@id":"https:\/\/bienaldelchaco.org\/2026\/la-bienal-del-chaco-amplia-su-alcance-internacional-con-apoyo-de-cancilleria-argentina\/#primaryimage"},"image":{"@id":"https:\/\/bienaldelchaco.org\/2026\/la-bienal-del-chaco-amplia-su-alcance-internacional-con-apoyo-de-cancilleria-argentina\/#primaryimage"},"thumbnailUrl":"https:\/\/bienaldelchaco.org\/2026\/wp-content\/uploads\/2026\/03\/bienal-de-esculturas-chaco-06082025-2075302.webp","datePublished":"2026-03-06T23:02:59+00:00","dateModified":"2026-03-19T23:07:12+00:00","breadcrumb":{"@id":"https:\/\/bienaldelchaco.org\/2026\/la-bienal-del-chaco-amplia-su-alcance-internacional-con-apoyo-de-cancilleria-argentina\/#breadcrumb"},"inLanguage":"es-AR","potentialAction":[{"@type":"ReadAction","target":["https:\/\/bienaldelchaco.org\/2026\/la-bienal-del-chaco-amplia-su-alcance-internacional-con-apoyo-de-cancilleria-argentina\/"]}]},{"@type":"ImageObject","inLanguage":"es-AR","@id":"https:\/\/bienaldelchaco.org\/2026\/la-bienal-del-chaco-amplia-su-alcance-internacional-con-apoyo-de-cancilleria-argentina\/#primaryimage","url":"https:\/\/bienaldelchaco.org\/2026\/wp-content\/uploads\/2026\/03\/bienal-de-esculturas-chaco-06082025-2075302.webp","contentUrl":"https:\/\/bienaldelchaco.org\/2026\/wp-content\/uploads\/2026\/03\/bienal-de-esculturas-chaco-06082025-2075302.webp","width":987,"height":555},{"@type":"BreadcrumbList","@id":"https:\/\/bienaldelchaco.org\/2026\/la-bienal-del-chaco-amplia-su-alcance-internacional-con-apoyo-de-cancilleria-argentina\/#breadcrumb","itemListElement":[{"@type":"ListItem","position":1,"name":"Inicio","item":"https:\/\/bienaldelchaco.org\/2026\/"},{"@type":"ListItem","position":2,"name":"La Bienal del Chaco ampl\u00eda su alcance internacional con apoyo de Canciller\u00eda Argentina"}]},{"@type":"WebSite","@id":"https:\/\/bienaldelchaco.org\/2026\/#website","url":"https:\/\/bienaldelchaco.org\/2026\/","name":"Bienal del Chaco","description":"","publisher":{"@id":"https:\/\/bienaldelchaco.org\/2026\/#organization"},"potentialAction":[{"@type":"SearchAction","target":{"@type":"EntryPoint","urlTemplate":"https:\/\/bienaldelchaco.org\/2026\/?s={search_term_string}"},"query-input":{"@type":"PropertyValueSpecification","valueRequired":true,"valueName":"search_term_string"}}],"inLanguage":"es-AR"},{"@type":"Organization","@id":"https:\/\/bienaldelchaco.org\/2026\/#organization","name":"Bienal del Chaco","url":"https:\/\/bienaldelchaco.org\/2026\/","logo":{"@type":"ImageObject","inLanguage":"es-AR","@id":"https:\/\/bienaldelchaco.org\/2026\/#\/schema\/logo\/image\/","url":"https:\/\/bienaldelchaco.org\/2026\/wp-content\/uploads\/2025\/04\/web-logo-2026.png","contentUrl":"https:\/\/bienaldelchaco.org\/2026\/wp-content\/uploads\/2025\/04\/web-logo-2026.png","width":145,"height":50,"caption":"Bienal del Chaco"},"image":{"@id":"https:\/\/bienaldelchaco.org\/2026\/#\/schema\/logo\/image\/"},"sameAs":["https:\/\/www.facebook.com\/bienaldelchaco","https:\/\/x.com\/bienaldelchaco","https:\/\/www.instagram.com\/bienaldelchaco\/","https:\/\/www.youtube.com\/BienaldelChaco"]},{"@type":"Person","@id":"https:\/\/bienaldelchaco.org\/2026\/#\/schema\/person\/1b8918c48c8b750f041d7dcc1614ef18","name":"bitnessadmin","image":{"@type":"ImageObject","inLanguage":"es-AR","@id":"https:\/\/bienaldelchaco.org\/2026\/#\/schema\/person\/image\/","url":"https:\/\/secure.gravatar.com\/avatar\/441b367b6997ee3aae034996bf7b8bf6b85d8dd458e3cd0f1a0f7669a04bb0d9?s=96&d=mm&r=g","contentUrl":"https:\/\/secure.gravatar.com\/avatar\/441b367b6997ee3aae034996bf7b8bf6b85d8dd458e3cd0f1a0f7669a04bb0d9?s=96&d=mm&r=g","caption":"bitnessadmin"},"sameAs":["https:\/\/bienaldelchaco.org\/2026"],"url":"https:\/\/bienaldelchaco.org\/2026\/author\/bitnessadmin\/"}]}},"_links":{"self":[{"href":"https:\/\/bienaldelchaco.org\/2026\/wp-json\/wp\/v2\/posts\/1363","targetHints":{"allow":["GET"]}}],"collection":[{"href":"https:\/\/bienaldelchaco.org\/2026\/wp-json\/wp\/v2\/posts"}],"about":[{"href":"https:\/\/bienaldelchaco.org\/2026\/wp-json\/wp\/v2\/types\/post"}],"author":[{"embeddable":true,"href":"https:\/\/bienaldelchaco.org\/2026\/wp-json\/wp\/v2\/users\/1"}],"replies":[{"embeddable":true,"href":"https:\/\/bienaldelchaco.org\/2026\/wp-json\/wp\/v2\/comments?post=1363"}],"version-history":[{"count":3,"href":"https:\/\/bienaldelchaco.org\/2026\/wp-json\/wp\/v2\/posts\/1363\/revisions"}],"predecessor-version":[{"id":1367,"href":"https:\/\/bienaldelchaco.org\/2026\/wp-json\/wp\/v2\/posts\/1363\/revisions\/1367"}],"wp:featuredmedia":[{"embeddable":true,"href":"https:\/\/bienaldelchaco.org\/2026\/wp-json\/wp\/v2\/media\/1364"}],"wp:attachment":[{"href":"https:\/\/bienaldelchaco.org\/2026\/wp-json\/wp\/v2\/media?parent=1363"}],"wp:term":[{"taxonomy":"category","embeddable":true,"href":"https:\/\/bienaldelchaco.org\/2026\/wp-json\/wp\/v2\/categories?post=1363"},{"taxonomy":"post_tag","embeddable":true,"href":"https:\/\/bienaldelchaco.org\/2026\/wp-json\/wp\/v2\/tags?post=1363"}],"curies":[{"name":"wp","href":"https:\/\/api.w.org\/{rel}","templated":true}]}}