{"id":1368,"date":"2026-03-06T20:06:51","date_gmt":"2026-03-06T23:06:51","guid":{"rendered":"https:\/\/bienaldelchaco.org\/2026\/?p=1368"},"modified":"2026-03-19T20:12:49","modified_gmt":"2026-03-19T23:12:49","slug":"la-bienal-internacional-de-escultura-del-chaco-2026-ya-tiene-a-los-diez-escultores-seleccionados","status":"publish","type":"post","link":"https:\/\/bienaldelchaco.org\/2026\/la-bienal-internacional-de-escultura-del-chaco-2026-ya-tiene-a-los-diez-escultores-seleccionados\/","title":{"rendered":"La Bienal Internacional de Escultura del Chaco 2026 ya tiene a los diez escultores seleccionados"},"content":{"rendered":"<div class=\"wpb-content-wrapper\"><p>[vc_row css_animation=&#8221;&#8221; row_type=&#8221;row&#8221; use_row_as_full_screen_section=&#8221;no&#8221; type=&#8221;full_width&#8221; angled_section=&#8221;no&#8221; text_align=&#8221;left&#8221; background_image_as_pattern=&#8221;without_pattern&#8221;][vc_column][vc_column_text css=&#8221;&#8221;]<\/p>\n<div class=\"subtitle\">\n<p>Se anunciaron oficialmente los diez escultores seleccionados y la agenda completa de la Bienal.<\/p>\n<\/div>\n<div class=\"intro\"><!--more--><\/div>\n<p>Hace 38 a\u00f1os se realiz\u00f3 el primer Concurso de Escultura a Cielo Abierto en la Plaza 25 de Mayo. En esa ocasi\u00f3n, el material elegido para trabajar fue la madera. La organizaci\u00f3n estaba a cargo de\u00a0<a href=\"https:\/\/www.fundacionkonex.org\/b1574-fundacion-el-fogon-de-los-arrieros\" target=\"_blank\" rel=\"nofollow noopener\">El fog\u00f3n de los arrieros<\/a>\u00a0y partir de 1989 tom\u00f3 la posta la\u00a0<a href=\"https:\/\/www.fundacionurunday.org\/\" target=\"_blank\" rel=\"nofollow noopener\">Fundaci\u00f3n Urunday<\/a>,\u00a0con el gran impulsor del arte escult\u00f3rico y luchador incansable\u00a0que fue\u00a0<a href=\"https:\/\/www.bienaldelchaco.org\/2024\/de-hijo-de-sereno-de-plaza-a-escultor-llevado-en-andas-por-la-gente-vida-y-obra-del-chaqueno-fabriciano-gomez\/\" target=\"_blank\" rel=\"nofollow noopener\">Fabriciano G\u00f3mez<\/a>\u00a0(1944-2021). El proyecto creci\u00f3 de tal modo que transform\u00f3 a Resistencia\u00a0en la capital de la escultura porque en t\u00e9rminos relativos es la ciudad que m\u00e1s esculturas tiene y se constituy\u00f3 en una marca de identidad.<\/p>\n<p>Recientemente,\u00a0en coincidencia con\u00a0el\u00a0<a href=\"https:\/\/www.argentina.gob.ar\/noticias\/6-de-marzo-dia-internacional-del-escultor\" target=\"_blank\" rel=\"nofollow noopener\">D\u00eda Internacional del Escultor<\/a>, en la fresca noche chaque\u00f1a, se abrieron las puertas, una vez m\u00e1s, a la pr\u00f3xima edici\u00f3n de la\u00a0<a href=\"https:\/\/www.tiempoar.com.ar\/wp-admin\/post.php?post=1062587&amp;action=edit\">Bienal\u00a0Internacional de Escultura<\/a>\u00a02026, en el auditorio de la Casa de las Culturas.<\/p>\n<div class=\"widget-text wp_widget_plugin_box ad-120\"><\/div>\n<div class=\"widget_text col-7 entre-1 d-none d-sm-none d-md-block d-lg-block\">\n<div class=\"textwidget custom-html-widget\"><\/div>\n<\/div>\n<div class=\"img-container mt-3\"><\/div>\n<p><img loading=\"lazy\" decoding=\"async\" class=\"aligncenter wp-image-1372 size-full\" src=\"https:\/\/bienaldelchaco.org\/2026\/wp-content\/uploads\/2026\/03\/bienal-del-chaco-2026-1-1024x683-1.jpg\" alt=\"\" width=\"1024\" height=\"683\" srcset=\"https:\/\/bienaldelchaco.org\/2026\/wp-content\/uploads\/2026\/03\/bienal-del-chaco-2026-1-1024x683-1.jpg 1024w, https:\/\/bienaldelchaco.org\/2026\/wp-content\/uploads\/2026\/03\/bienal-del-chaco-2026-1-1024x683-1-300x200.jpg 300w, https:\/\/bienaldelchaco.org\/2026\/wp-content\/uploads\/2026\/03\/bienal-del-chaco-2026-1-1024x683-1-768x512.jpg 768w, https:\/\/bienaldelchaco.org\/2026\/wp-content\/uploads\/2026\/03\/bienal-del-chaco-2026-1-1024x683-1-700x467.jpg 700w\" sizes=\"auto, (max-width: 1024px) 100vw, 1024px\" \/><\/p>\n<p>En representaci\u00f3n\u00a0del gobernador del\u00a0Chaco,\u00a0estuvo presente\u00a0la secretaria general de gobernaci\u00f3n, la doctora Carolina Meri\u00f1o; la senadora nacional Silvana Sneider, y diputados provinciales en representaci\u00f3n de la se\u00f1ora presidente del poder legislativo, el presidente del Instituto de Cultura Mario Zorrilla, autoridades del Poder Judicial y el rector de FADyCC Gabriel Romero, Marylin Cristofani entre otras autoridades.<\/p>\n<p>Se escucharon las palabras de Josese Eidman, presidente de la Fundaci\u00f3n Urunday:\u00a0quien se\u00f1al\u00f3: \u201cNo es una casualidad. No es un hecho aislado o fortuito. Son treinta y ocho a\u00f1os de fe y trabajo colectivo, que hoy ponen a Resistencia y al\u00a0Chaco\u00a0en el centro de una conversaci\u00f3n internacional sobre patrimonio cultural, derecho y pol\u00edticas p\u00fablicas.\u201d<\/p>\n<p>\u00c9l mismo, anunci\u00f3 otra novedad sobre la edici\u00f3n: \u201cLa\u00a0Bienal\u00a02026 ser\u00e1 sede de la Reuni\u00f3n Anual y el Simposio del ICLAFI, el Comit\u00e9 Cient\u00edfico Internacional de Asuntos Legales, Administrativos y Financieros de ICOMOS, organismo consultivo oficial de la UNESCO en materia de patrimonio cultural.\u201d\u00a0 Este anuncio sigue posicionando a este evento como una plataforma de desarrollo cultural ampliada, que incorpor\u00f3 e incorpora nuevas disciplinas art\u00edsticas y expresiones culturales, y que en cada edici\u00f3n convoca a m\u00e1s visitantes.<\/p>\n<p>&nbsp;<\/p>\n<h4>La Bienal y los escultores<\/h4>\n<p>La\u00a0Bienal\u00a0Internacional de Escultura de este a\u00f1o\u00a0 recibi\u00f3 439 postulaciones provenientes de 70 pa\u00edses. La trayectoria de los artistas y la calidad de los proyectos fueron los criterios para seleccionar a los 10 escultores consagrados.<\/p>\n<p>Los artistas seleccionados del mundo que vendr\u00e1n a Resistencia en la edici\u00f3n 2026 son:\u00a0<a href=\"argentina: N%C3%A9stor Vildoza;\">Argentina: N\u00e9stor Vildoza;<\/a>\u00a0Bielorrusia: Alex Sorokin;, Bulgaria: Georgi Minchev; Chile: Mauricio Guajardo; Espa\u00f1a: Jos\u00e9 Carlos Cabello Mill\u00e1n; Italia: Francesca Bernardini; Polonia: Anna Teresa Rasinska, Turqu\u00eda: Furkan Depeli; Ucrania: Lyudmyla Mysko; Uzbekist\u00e1n: Ulash Urakov.<\/p>\n<div class=\"img-container mt-3\"><\/div>\n<p><img loading=\"lazy\" decoding=\"async\" class=\"aligncenter wp-image-1371 size-full\" src=\"https:\/\/bienaldelchaco.org\/2026\/wp-content\/uploads\/2026\/03\/bienal-del-chaco-2026-3-1024x683-1.jpg\" alt=\"\" width=\"1024\" height=\"683\" srcset=\"https:\/\/bienaldelchaco.org\/2026\/wp-content\/uploads\/2026\/03\/bienal-del-chaco-2026-3-1024x683-1.jpg 1024w, https:\/\/bienaldelchaco.org\/2026\/wp-content\/uploads\/2026\/03\/bienal-del-chaco-2026-3-1024x683-1-300x200.jpg 300w, https:\/\/bienaldelchaco.org\/2026\/wp-content\/uploads\/2026\/03\/bienal-del-chaco-2026-3-1024x683-1-768x512.jpg 768w, https:\/\/bienaldelchaco.org\/2026\/wp-content\/uploads\/2026\/03\/bienal-del-chaco-2026-3-1024x683-1-700x467.jpg 700w\" sizes=\"auto, (max-width: 1024px) 100vw, 1024px\" \/><\/p>\n<p>El material sobre el cual van a trabajar los 10 escultores internacionales es el m\u00e1rmol travertino y acero inoxidable (cada escultor eligi\u00f3 con qu\u00e9 material trabajar de manera alternativa o complementaria). Los diez proyectos que se llevar\u00e1n a cabo al aire libre durante las nueve jornadas de ceremonia est\u00e1n seleccionados. Solo queda esperar a julio para ver a los escultores internacionales en acci\u00f3n.<\/p>\n<p>En la edici\u00f3n 2026 tendr\u00e1 lugar el D\u00e9cimo Encuentro de Escultores Invitados. Consagrados artistas realizar\u00e1n sus obras con amplia libertad de t\u00e9cnicas y materiales Los convocados son: Desir\u00e9e de Ridder, Carola Zech, Norma Siguelboim, Eka Acosta, Rafael Blasco Ciscar, Lucas Caricato y Oscar Leiva<\/p>\n<p>Adem\u00e1s, se mencionaron\u00a0 las actividades que se realizar\u00e1n desde el \u00a017 de julio al 26 de julio:\u00a0<strong>Premio desaf\u00edo<\/strong>\u00a0(Hierros Lider),\u00a0<strong>Muestras<\/strong>: (Asociaci\u00f3n de Escultores Chaque\u00f1os),\u00a0<strong>Artesan\u00eda<\/strong>\u00a0(S\u00e9ptimo Encuentro de Maestros Artesanos Argentinos y el Noveno Encuentro de Arte Ind\u00edgena y Artesan\u00eda de Pueblos Originarios.),\u00a0<strong>Festival Filarm\u00f3nico Juvenil<\/strong>\u00a0(La Fundaci\u00f3n Pradier \u2013 Redes Culturales),\u00a0<strong>Madre canci\u00f3n, agit\u00e1 la Bienal<\/strong>\u00a0(Circuito Cultural Guaran\u00ed y G5 Conexiones),\u00a0<strong>Congrereso Nacional de Artes\u00a0<\/strong>(Facultad de Artes, Dise\u00f1o y Ciencias de la Cultura de la Universidad Nacional del Nordeste),\u00a0<strong>Cursos, Talleres , Artes esc\u00e9micas\u00a0 y compositores.<\/strong><\/p>\n<p>La ceremonia de presentaci\u00f3n de\u00a0 la\u00a0Bienal\u00a0del\u00a0Chaco, cerr\u00f3 con una intervenci\u00f3n art\u00edstica Alejandro Acosta y junto a la participaci\u00f3n de\u00a0 D\u00e9bora Monz\u00f3n, Lourdes Orellanoz, Florencia Pared Ferrazzano, P\u00eda Rol\u00f3n, Mar\u00eda de los \u00c1ngeles Sol\u00eds y Daiana Soto, bailarinas del\u00a0<a href=\"https:\/\/www.instagram.com\/ballet_ferrazzano\/\" target=\"_blank\" rel=\"nofollow noopener\">Ballet Ferrazzano<\/a>, del\u00a0<a href=\"https:\/\/www.instagram.com\/balletporfirio\/\" target=\"_blank\" rel=\"nofollow noopener\">Ballet Porfirio<\/a>\u00a0y del\u00a0<a href=\"https:\/\/www.facebook.com\/balletcontemporaneo.delchaco\/?locale=es_LA\" target=\"_blank\" rel=\"nofollow noopener\">Ballet Contempor\u00e1neo del\u00a0Chaco\u00a0<\/a>, elencos de esa provincia \u00a0que trabajaron juntos para esta gala. Un momento de alto impacto fue la sorpresiva aparici\u00f3n de Fabriciano G\u00f3mez facilitada por la Inteligencia artificial.[\/vc_column_text][vc_empty_space height=&#8221;35px&#8221;][vc_column_text css=&#8221;&#8221;]Fuente:\u00a0 <a href=\"https:\/\/www.tiempoar.com.ar\/ta_article\/bienal-escultura-chaco-2026\/\" target=\"_blank\" rel=\"noopener\">https:\/\/www.tiempoar.com.ar\/ta_article\/bienal-escultura-chaco-2026\/<\/a>[\/vc_column_text][vc_empty_space height=&#8221;100px&#8221;][\/vc_column][\/vc_row]<\/p>\n<\/div>","protected":false},"excerpt":{"rendered":"<p>[vc_row css_animation=&#8221;&#8221; row_type=&#8221;row&#8221; use_row_as_full_screen_section=&#8221;no&#8221; type=&#8221;full_width&#8221; angled_section=&#8221;no&#8221; text_align=&#8221;left&#8221; background_image_as_pattern=&#8221;without_pattern&#8221;][vc_column][vc_column_text css=&#8221;&#8221;] Se anunciaron oficialmente los diez escultores seleccionados y la agenda completa de la Bienal.<\/p>\n","protected":false},"author":1,"featured_media":1370,"comment_status":"open","ping_status":"open","sticky":false,"template":"","format":"standard","meta":{"footnotes":""},"categories":[1],"tags":[],"class_list":["post-1368","post","type-post","status-publish","format-standard","has-post-thumbnail","hentry","category-sin-categoria"],"yoast_head":"<!-- This site is optimized with the Yoast SEO plugin v25.6 - https:\/\/yoast.com\/wordpress\/plugins\/seo\/ -->\n<title>La Bienal Internacional de Escultura del Chaco 2026 ya tiene a los diez escultores seleccionados - Bienal del Chaco<\/title>\n<meta name=\"robots\" content=\"index, follow, max-snippet:-1, max-image-preview:large, max-video-preview:-1\" \/>\n<link rel=\"canonical\" href=\"https:\/\/bienaldelchaco.org\/2026\/la-bienal-internacional-de-escultura-del-chaco-2026-ya-tiene-a-los-diez-escultores-seleccionados\/\" \/>\n<meta property=\"og:locale\" content=\"es_ES\" \/>\n<meta property=\"og:type\" content=\"article\" \/>\n<meta property=\"og:title\" content=\"La Bienal Internacional de Escultura del Chaco 2026 ya tiene a los diez escultores seleccionados - Bienal del Chaco\" \/>\n<meta property=\"og:description\" content=\"[vc_row css_animation=&#8221;&#8221; row_type=&#8221;row&#8221; use_row_as_full_screen_section=&#8221;no&#8221; type=&#8221;full_width&#8221; angled_section=&#8221;no&#8221; text_align=&#8221;left&#8221; background_image_as_pattern=&#8221;without_pattern&#8221;][vc_column][vc_column_text css=&#8221;&#8221;] Se anunciaron oficialmente los diez escultores seleccionados y la agenda completa de la Bienal.\" \/>\n<meta property=\"og:url\" content=\"https:\/\/bienaldelchaco.org\/2026\/la-bienal-internacional-de-escultura-del-chaco-2026-ya-tiene-a-los-diez-escultores-seleccionados\/\" \/>\n<meta property=\"og:site_name\" content=\"Bienal del Chaco\" \/>\n<meta property=\"article:publisher\" content=\"https:\/\/www.facebook.com\/bienaldelchaco\" \/>\n<meta property=\"article:published_time\" content=\"2026-03-06T23:06:51+00:00\" \/>\n<meta property=\"article:modified_time\" content=\"2026-03-19T23:12:49+00:00\" \/>\n<meta property=\"og:image\" content=\"https:\/\/bienaldelchaco.org\/2026\/wp-content\/uploads\/2026\/03\/bienal-del-chaco-2026-5.jpg\" \/>\n\t<meta property=\"og:image:width\" content=\"1200\" \/>\n\t<meta property=\"og:image:height\" content=\"800\" \/>\n\t<meta property=\"og:image:type\" content=\"image\/jpeg\" \/>\n<meta name=\"author\" content=\"bitnessadmin\" \/>\n<meta name=\"twitter:card\" content=\"summary_large_image\" \/>\n<meta name=\"twitter:creator\" content=\"@bienaldelchaco\" \/>\n<meta name=\"twitter:site\" content=\"@bienaldelchaco\" \/>\n<meta name=\"twitter:label1\" content=\"Escrito por\" \/>\n\t<meta name=\"twitter:data1\" content=\"bitnessadmin\" \/>\n\t<meta name=\"twitter:label2\" content=\"Tiempo de lectura\" \/>\n\t<meta name=\"twitter:data2\" content=\"4 minutos\" \/>\n<script type=\"application\/ld+json\" class=\"yoast-schema-graph\">{\"@context\":\"https:\/\/schema.org\",\"@graph\":[{\"@type\":\"Article\",\"@id\":\"https:\/\/bienaldelchaco.org\/2026\/la-bienal-internacional-de-escultura-del-chaco-2026-ya-tiene-a-los-diez-escultores-seleccionados\/#article\",\"isPartOf\":{\"@id\":\"https:\/\/bienaldelchaco.org\/2026\/la-bienal-internacional-de-escultura-del-chaco-2026-ya-tiene-a-los-diez-escultores-seleccionados\/\"},\"author\":{\"name\":\"bitnessadmin\",\"@id\":\"https:\/\/bienaldelchaco.org\/2026\/#\/schema\/person\/1b8918c48c8b750f041d7dcc1614ef18\"},\"headline\":\"La Bienal Internacional de Escultura del Chaco 2026 ya tiene a los diez escultores seleccionados\",\"datePublished\":\"2026-03-06T23:06:51+00:00\",\"dateModified\":\"2026-03-19T23:12:49+00:00\",\"mainEntityOfPage\":{\"@id\":\"https:\/\/bienaldelchaco.org\/2026\/la-bienal-internacional-de-escultura-del-chaco-2026-ya-tiene-a-los-diez-escultores-seleccionados\/\"},\"wordCount\":858,\"commentCount\":0,\"publisher\":{\"@id\":\"https:\/\/bienaldelchaco.org\/2026\/#organization\"},\"image\":{\"@id\":\"https:\/\/bienaldelchaco.org\/2026\/la-bienal-internacional-de-escultura-del-chaco-2026-ya-tiene-a-los-diez-escultores-seleccionados\/#primaryimage\"},\"thumbnailUrl\":\"https:\/\/bienaldelchaco.org\/2026\/wp-content\/uploads\/2026\/03\/bienal-del-chaco-2026-5.jpg\",\"inLanguage\":\"es-AR\",\"potentialAction\":[{\"@type\":\"CommentAction\",\"name\":\"Comment\",\"target\":[\"https:\/\/bienaldelchaco.org\/2026\/la-bienal-internacional-de-escultura-del-chaco-2026-ya-tiene-a-los-diez-escultores-seleccionados\/#respond\"]}]},{\"@type\":\"WebPage\",\"@id\":\"https:\/\/bienaldelchaco.org\/2026\/la-bienal-internacional-de-escultura-del-chaco-2026-ya-tiene-a-los-diez-escultores-seleccionados\/\",\"url\":\"https:\/\/bienaldelchaco.org\/2026\/la-bienal-internacional-de-escultura-del-chaco-2026-ya-tiene-a-los-diez-escultores-seleccionados\/\",\"name\":\"La Bienal Internacional de Escultura del Chaco 2026 ya tiene a los diez escultores seleccionados - Bienal del Chaco\",\"isPartOf\":{\"@id\":\"https:\/\/bienaldelchaco.org\/2026\/#website\"},\"primaryImageOfPage\":{\"@id\":\"https:\/\/bienaldelchaco.org\/2026\/la-bienal-internacional-de-escultura-del-chaco-2026-ya-tiene-a-los-diez-escultores-seleccionados\/#primaryimage\"},\"image\":{\"@id\":\"https:\/\/bienaldelchaco.org\/2026\/la-bienal-internacional-de-escultura-del-chaco-2026-ya-tiene-a-los-diez-escultores-seleccionados\/#primaryimage\"},\"thumbnailUrl\":\"https:\/\/bienaldelchaco.org\/2026\/wp-content\/uploads\/2026\/03\/bienal-del-chaco-2026-5.jpg\",\"datePublished\":\"2026-03-06T23:06:51+00:00\",\"dateModified\":\"2026-03-19T23:12:49+00:00\",\"breadcrumb\":{\"@id\":\"https:\/\/bienaldelchaco.org\/2026\/la-bienal-internacional-de-escultura-del-chaco-2026-ya-tiene-a-los-diez-escultores-seleccionados\/#breadcrumb\"},\"inLanguage\":\"es-AR\",\"potentialAction\":[{\"@type\":\"ReadAction\",\"target\":[\"https:\/\/bienaldelchaco.org\/2026\/la-bienal-internacional-de-escultura-del-chaco-2026-ya-tiene-a-los-diez-escultores-seleccionados\/\"]}]},{\"@type\":\"ImageObject\",\"inLanguage\":\"es-AR\",\"@id\":\"https:\/\/bienaldelchaco.org\/2026\/la-bienal-internacional-de-escultura-del-chaco-2026-ya-tiene-a-los-diez-escultores-seleccionados\/#primaryimage\",\"url\":\"https:\/\/bienaldelchaco.org\/2026\/wp-content\/uploads\/2026\/03\/bienal-del-chaco-2026-5.jpg\",\"contentUrl\":\"https:\/\/bienaldelchaco.org\/2026\/wp-content\/uploads\/2026\/03\/bienal-del-chaco-2026-5.jpg\",\"width\":1200,\"height\":800},{\"@type\":\"BreadcrumbList\",\"@id\":\"https:\/\/bienaldelchaco.org\/2026\/la-bienal-internacional-de-escultura-del-chaco-2026-ya-tiene-a-los-diez-escultores-seleccionados\/#breadcrumb\",\"itemListElement\":[{\"@type\":\"ListItem\",\"position\":1,\"name\":\"Inicio\",\"item\":\"https:\/\/bienaldelchaco.org\/2026\/\"},{\"@type\":\"ListItem\",\"position\":2,\"name\":\"La Bienal Internacional de Escultura del Chaco 2026 ya tiene a los diez escultores seleccionados\"}]},{\"@type\":\"WebSite\",\"@id\":\"https:\/\/bienaldelchaco.org\/2026\/#website\",\"url\":\"https:\/\/bienaldelchaco.org\/2026\/\",\"name\":\"Bienal del Chaco\",\"description\":\"\",\"publisher\":{\"@id\":\"https:\/\/bienaldelchaco.org\/2026\/#organization\"},\"potentialAction\":[{\"@type\":\"SearchAction\",\"target\":{\"@type\":\"EntryPoint\",\"urlTemplate\":\"https:\/\/bienaldelchaco.org\/2026\/?s={search_term_string}\"},\"query-input\":{\"@type\":\"PropertyValueSpecification\",\"valueRequired\":true,\"valueName\":\"search_term_string\"}}],\"inLanguage\":\"es-AR\"},{\"@type\":\"Organization\",\"@id\":\"https:\/\/bienaldelchaco.org\/2026\/#organization\",\"name\":\"Bienal del Chaco\",\"url\":\"https:\/\/bienaldelchaco.org\/2026\/\",\"logo\":{\"@type\":\"ImageObject\",\"inLanguage\":\"es-AR\",\"@id\":\"https:\/\/bienaldelchaco.org\/2026\/#\/schema\/logo\/image\/\",\"url\":\"https:\/\/bienaldelchaco.org\/2026\/wp-content\/uploads\/2025\/04\/web-logo-2026.png\",\"contentUrl\":\"https:\/\/bienaldelchaco.org\/2026\/wp-content\/uploads\/2025\/04\/web-logo-2026.png\",\"width\":145,\"height\":50,\"caption\":\"Bienal del Chaco\"},\"image\":{\"@id\":\"https:\/\/bienaldelchaco.org\/2026\/#\/schema\/logo\/image\/\"},\"sameAs\":[\"https:\/\/www.facebook.com\/bienaldelchaco\",\"https:\/\/x.com\/bienaldelchaco\",\"https:\/\/www.instagram.com\/bienaldelchaco\/\",\"https:\/\/www.youtube.com\/BienaldelChaco\"]},{\"@type\":\"Person\",\"@id\":\"https:\/\/bienaldelchaco.org\/2026\/#\/schema\/person\/1b8918c48c8b750f041d7dcc1614ef18\",\"name\":\"bitnessadmin\",\"image\":{\"@type\":\"ImageObject\",\"inLanguage\":\"es-AR\",\"@id\":\"https:\/\/bienaldelchaco.org\/2026\/#\/schema\/person\/image\/\",\"url\":\"https:\/\/secure.gravatar.com\/avatar\/441b367b6997ee3aae034996bf7b8bf6b85d8dd458e3cd0f1a0f7669a04bb0d9?s=96&d=mm&r=g\",\"contentUrl\":\"https:\/\/secure.gravatar.com\/avatar\/441b367b6997ee3aae034996bf7b8bf6b85d8dd458e3cd0f1a0f7669a04bb0d9?s=96&d=mm&r=g\",\"caption\":\"bitnessadmin\"},\"sameAs\":[\"https:\/\/bienaldelchaco.org\/2026\"],\"url\":\"https:\/\/bienaldelchaco.org\/2026\/author\/bitnessadmin\/\"}]}<\/script>\n<!-- \/ Yoast SEO plugin. -->","yoast_head_json":{"title":"La Bienal Internacional de Escultura del Chaco 2026 ya tiene a los diez escultores seleccionados - Bienal del Chaco","robots":{"index":"index","follow":"follow","max-snippet":"max-snippet:-1","max-image-preview":"max-image-preview:large","max-video-preview":"max-video-preview:-1"},"canonical":"https:\/\/bienaldelchaco.org\/2026\/la-bienal-internacional-de-escultura-del-chaco-2026-ya-tiene-a-los-diez-escultores-seleccionados\/","og_locale":"es_ES","og_type":"article","og_title":"La Bienal Internacional de Escultura del Chaco 2026 ya tiene a los diez escultores seleccionados - Bienal del Chaco","og_description":"[vc_row css_animation=&#8221;&#8221; row_type=&#8221;row&#8221; use_row_as_full_screen_section=&#8221;no&#8221; type=&#8221;full_width&#8221; angled_section=&#8221;no&#8221; text_align=&#8221;left&#8221; background_image_as_pattern=&#8221;without_pattern&#8221;][vc_column][vc_column_text css=&#8221;&#8221;] Se anunciaron oficialmente los diez escultores seleccionados y la agenda completa de la Bienal.","og_url":"https:\/\/bienaldelchaco.org\/2026\/la-bienal-internacional-de-escultura-del-chaco-2026-ya-tiene-a-los-diez-escultores-seleccionados\/","og_site_name":"Bienal del Chaco","article_publisher":"https:\/\/www.facebook.com\/bienaldelchaco","article_published_time":"2026-03-06T23:06:51+00:00","article_modified_time":"2026-03-19T23:12:49+00:00","og_image":[{"width":1200,"height":800,"url":"https:\/\/bienaldelchaco.org\/2026\/wp-content\/uploads\/2026\/03\/bienal-del-chaco-2026-5.jpg","type":"image\/jpeg"}],"author":"bitnessadmin","twitter_card":"summary_large_image","twitter_creator":"@bienaldelchaco","twitter_site":"@bienaldelchaco","twitter_misc":{"Escrito por":"bitnessadmin","Tiempo de lectura":"4 minutos"},"schema":{"@context":"https:\/\/schema.org","@graph":[{"@type":"Article","@id":"https:\/\/bienaldelchaco.org\/2026\/la-bienal-internacional-de-escultura-del-chaco-2026-ya-tiene-a-los-diez-escultores-seleccionados\/#article","isPartOf":{"@id":"https:\/\/bienaldelchaco.org\/2026\/la-bienal-internacional-de-escultura-del-chaco-2026-ya-tiene-a-los-diez-escultores-seleccionados\/"},"author":{"name":"bitnessadmin","@id":"https:\/\/bienaldelchaco.org\/2026\/#\/schema\/person\/1b8918c48c8b750f041d7dcc1614ef18"},"headline":"La Bienal Internacional de Escultura del Chaco 2026 ya tiene a los diez escultores seleccionados","datePublished":"2026-03-06T23:06:51+00:00","dateModified":"2026-03-19T23:12:49+00:00","mainEntityOfPage":{"@id":"https:\/\/bienaldelchaco.org\/2026\/la-bienal-internacional-de-escultura-del-chaco-2026-ya-tiene-a-los-diez-escultores-seleccionados\/"},"wordCount":858,"commentCount":0,"publisher":{"@id":"https:\/\/bienaldelchaco.org\/2026\/#organization"},"image":{"@id":"https:\/\/bienaldelchaco.org\/2026\/la-bienal-internacional-de-escultura-del-chaco-2026-ya-tiene-a-los-diez-escultores-seleccionados\/#primaryimage"},"thumbnailUrl":"https:\/\/bienaldelchaco.org\/2026\/wp-content\/uploads\/2026\/03\/bienal-del-chaco-2026-5.jpg","inLanguage":"es-AR","potentialAction":[{"@type":"CommentAction","name":"Comment","target":["https:\/\/bienaldelchaco.org\/2026\/la-bienal-internacional-de-escultura-del-chaco-2026-ya-tiene-a-los-diez-escultores-seleccionados\/#respond"]}]},{"@type":"WebPage","@id":"https:\/\/bienaldelchaco.org\/2026\/la-bienal-internacional-de-escultura-del-chaco-2026-ya-tiene-a-los-diez-escultores-seleccionados\/","url":"https:\/\/bienaldelchaco.org\/2026\/la-bienal-internacional-de-escultura-del-chaco-2026-ya-tiene-a-los-diez-escultores-seleccionados\/","name":"La Bienal Internacional de Escultura del Chaco 2026 ya tiene a los diez escultores seleccionados - Bienal del Chaco","isPartOf":{"@id":"https:\/\/bienaldelchaco.org\/2026\/#website"},"primaryImageOfPage":{"@id":"https:\/\/bienaldelchaco.org\/2026\/la-bienal-internacional-de-escultura-del-chaco-2026-ya-tiene-a-los-diez-escultores-seleccionados\/#primaryimage"},"image":{"@id":"https:\/\/bienaldelchaco.org\/2026\/la-bienal-internacional-de-escultura-del-chaco-2026-ya-tiene-a-los-diez-escultores-seleccionados\/#primaryimage"},"thumbnailUrl":"https:\/\/bienaldelchaco.org\/2026\/wp-content\/uploads\/2026\/03\/bienal-del-chaco-2026-5.jpg","datePublished":"2026-03-06T23:06:51+00:00","dateModified":"2026-03-19T23:12:49+00:00","breadcrumb":{"@id":"https:\/\/bienaldelchaco.org\/2026\/la-bienal-internacional-de-escultura-del-chaco-2026-ya-tiene-a-los-diez-escultores-seleccionados\/#breadcrumb"},"inLanguage":"es-AR","potentialAction":[{"@type":"ReadAction","target":["https:\/\/bienaldelchaco.org\/2026\/la-bienal-internacional-de-escultura-del-chaco-2026-ya-tiene-a-los-diez-escultores-seleccionados\/"]}]},{"@type":"ImageObject","inLanguage":"es-AR","@id":"https:\/\/bienaldelchaco.org\/2026\/la-bienal-internacional-de-escultura-del-chaco-2026-ya-tiene-a-los-diez-escultores-seleccionados\/#primaryimage","url":"https:\/\/bienaldelchaco.org\/2026\/wp-content\/uploads\/2026\/03\/bienal-del-chaco-2026-5.jpg","contentUrl":"https:\/\/bienaldelchaco.org\/2026\/wp-content\/uploads\/2026\/03\/bienal-del-chaco-2026-5.jpg","width":1200,"height":800},{"@type":"BreadcrumbList","@id":"https:\/\/bienaldelchaco.org\/2026\/la-bienal-internacional-de-escultura-del-chaco-2026-ya-tiene-a-los-diez-escultores-seleccionados\/#breadcrumb","itemListElement":[{"@type":"ListItem","position":1,"name":"Inicio","item":"https:\/\/bienaldelchaco.org\/2026\/"},{"@type":"ListItem","position":2,"name":"La Bienal Internacional de Escultura del Chaco 2026 ya tiene a los diez escultores seleccionados"}]},{"@type":"WebSite","@id":"https:\/\/bienaldelchaco.org\/2026\/#website","url":"https:\/\/bienaldelchaco.org\/2026\/","name":"Bienal del Chaco","description":"","publisher":{"@id":"https:\/\/bienaldelchaco.org\/2026\/#organization"},"potentialAction":[{"@type":"SearchAction","target":{"@type":"EntryPoint","urlTemplate":"https:\/\/bienaldelchaco.org\/2026\/?s={search_term_string}"},"query-input":{"@type":"PropertyValueSpecification","valueRequired":true,"valueName":"search_term_string"}}],"inLanguage":"es-AR"},{"@type":"Organization","@id":"https:\/\/bienaldelchaco.org\/2026\/#organization","name":"Bienal del Chaco","url":"https:\/\/bienaldelchaco.org\/2026\/","logo":{"@type":"ImageObject","inLanguage":"es-AR","@id":"https:\/\/bienaldelchaco.org\/2026\/#\/schema\/logo\/image\/","url":"https:\/\/bienaldelchaco.org\/2026\/wp-content\/uploads\/2025\/04\/web-logo-2026.png","contentUrl":"https:\/\/bienaldelchaco.org\/2026\/wp-content\/uploads\/2025\/04\/web-logo-2026.png","width":145,"height":50,"caption":"Bienal del Chaco"},"image":{"@id":"https:\/\/bienaldelchaco.org\/2026\/#\/schema\/logo\/image\/"},"sameAs":["https:\/\/www.facebook.com\/bienaldelchaco","https:\/\/x.com\/bienaldelchaco","https:\/\/www.instagram.com\/bienaldelchaco\/","https:\/\/www.youtube.com\/BienaldelChaco"]},{"@type":"Person","@id":"https:\/\/bienaldelchaco.org\/2026\/#\/schema\/person\/1b8918c48c8b750f041d7dcc1614ef18","name":"bitnessadmin","image":{"@type":"ImageObject","inLanguage":"es-AR","@id":"https:\/\/bienaldelchaco.org\/2026\/#\/schema\/person\/image\/","url":"https:\/\/secure.gravatar.com\/avatar\/441b367b6997ee3aae034996bf7b8bf6b85d8dd458e3cd0f1a0f7669a04bb0d9?s=96&d=mm&r=g","contentUrl":"https:\/\/secure.gravatar.com\/avatar\/441b367b6997ee3aae034996bf7b8bf6b85d8dd458e3cd0f1a0f7669a04bb0d9?s=96&d=mm&r=g","caption":"bitnessadmin"},"sameAs":["https:\/\/bienaldelchaco.org\/2026"],"url":"https:\/\/bienaldelchaco.org\/2026\/author\/bitnessadmin\/"}]}},"_links":{"self":[{"href":"https:\/\/bienaldelchaco.org\/2026\/wp-json\/wp\/v2\/posts\/1368","targetHints":{"allow":["GET"]}}],"collection":[{"href":"https:\/\/bienaldelchaco.org\/2026\/wp-json\/wp\/v2\/posts"}],"about":[{"href":"https:\/\/bienaldelchaco.org\/2026\/wp-json\/wp\/v2\/types\/post"}],"author":[{"embeddable":true,"href":"https:\/\/bienaldelchaco.org\/2026\/wp-json\/wp\/v2\/users\/1"}],"replies":[{"embeddable":true,"href":"https:\/\/bienaldelchaco.org\/2026\/wp-json\/wp\/v2\/comments?post=1368"}],"version-history":[{"count":3,"href":"https:\/\/bienaldelchaco.org\/2026\/wp-json\/wp\/v2\/posts\/1368\/revisions"}],"predecessor-version":[{"id":1374,"href":"https:\/\/bienaldelchaco.org\/2026\/wp-json\/wp\/v2\/posts\/1368\/revisions\/1374"}],"wp:featuredmedia":[{"embeddable":true,"href":"https:\/\/bienaldelchaco.org\/2026\/wp-json\/wp\/v2\/media\/1370"}],"wp:attachment":[{"href":"https:\/\/bienaldelchaco.org\/2026\/wp-json\/wp\/v2\/media?parent=1368"}],"wp:term":[{"taxonomy":"category","embeddable":true,"href":"https:\/\/bienaldelchaco.org\/2026\/wp-json\/wp\/v2\/categories?post=1368"},{"taxonomy":"post_tag","embeddable":true,"href":"https:\/\/bienaldelchaco.org\/2026\/wp-json\/wp\/v2\/tags?post=1368"}],"curies":[{"name":"wp","href":"https:\/\/api.w.org\/{rel}","templated":true}]}}