{"id":1375,"date":"2026-02-28T20:14:36","date_gmt":"2026-02-28T23:14:36","guid":{"rendered":"https:\/\/bienaldelchaco.org\/2026\/?p=1375"},"modified":"2026-03-19T20:16:13","modified_gmt":"2026-03-19T23:16:13","slug":"la-bienal-internacional-de-escultura-del-chaco-2026-ya-tiene-a-los-diez-escultores-seleccionados-2","status":"publish","type":"post","link":"https:\/\/bienaldelchaco.org\/2026\/la-bienal-internacional-de-escultura-del-chaco-2026-ya-tiene-a-los-diez-escultores-seleccionados-2\/","title":{"rendered":"La Bienal Internacional de Escultura del Chaco 2026 ya tiene a los diez escultores seleccionados"},"content":{"rendered":"<div class=\"wpb-content-wrapper\"><p>[vc_row css_animation=&#8221;&#8221; row_type=&#8221;row&#8221; use_row_as_full_screen_section=&#8221;no&#8221; type=&#8221;full_width&#8221; angled_section=&#8221;no&#8221; text_align=&#8221;left&#8221; background_image_as_pattern=&#8221;without_pattern&#8221;][vc_column][vc_column_text css=&#8221;&#8221;]<\/p>\n<div class=\"subtitle\">\n<p>El pr\u00f3ximo viernes 6 de marzo, D\u00eda Internacional del Escultor, la Bienal Internacional de Escultura del Chaco dar\u00e1 el primer gran paso hacia una nueva edici\u00f3n con el lanzamiento oficial, que se realizar\u00e1 en la Casa de las Culturas a las 19:30 h. La invitaci\u00f3n est\u00e1 abierta a toda la comunidad.<\/p>\n<\/div>\n<div class=\"intro\"><!--more--><\/div>\n<p>Desde aquel Primer Concurso de Escultura en Madera, realizado en la plaza 25 de Mayo en 1988, hasta convertirse en uno de los encuentros escult\u00f3ricos m\u00e1s importantes del mundo, la Bienal es el resultado de un trabajo sostenido en el tiempo por la comunidad: artistas, instituciones, organizaciones, universidades y ciudadanos que han acompa\u00f1ado y hecho crecer este acontecimiento hasta consolidarlo como una verdadera celebraci\u00f3n de la identidad local.<\/p>\n<p>La edici\u00f3n 2026 convocar\u00e1 a diez prestigiosos escultores internacionales, quienes trabajar\u00e1n a cielo abierto y ante miles de espectadores, creando obras originales e in\u00e9ditas. Sus nombres y pa\u00edses de origen ser\u00e1n revelados durante el acto de lanzamiento, junto con uno de los grandes interrogantes de esta edici\u00f3n: los materiales no perecederos que dar\u00e1n forma a las nuevas esculturas. Tambi\u00e9n, en este acto abierto a todo p\u00fablico, se presentar\u00e1n los ejes que rigen esta edici\u00f3n, actividades y sorpresas que contendr\u00e1 la Bienal del Chaco 2026.<\/p>\n<p>Una vez finalizado el certamen, las obras, como cada Bienal, pasar\u00e1n a integrar el patrimonio urbano, emplaz\u00e1ndose en el espacio p\u00fablico de la ciudad y ampliando ese museo a cielo abierto que distingue a Resistencia en el mapa cultural internacional.<\/p>\n<p>Cada Bienal es una verdadera fiesta popular que convoca a visitantes de distintos puntos del pa\u00eds y del mundo, transformando el Predio de las Bienales en un epicentro art\u00edstico y social. El lanzamiento oficial ser\u00e1 el inicio simb\u00f3lico de esa celebraci\u00f3n colectiva.<\/p>\n<p>\u201cEs un orgullo para nosotros haber construido un acontecimiento de reconocimiento internacional en la escena escult\u00f3rica mundial. Grandes artistas trabajando en p\u00fablico, creando obras que pasan a formar parte del paisaje cotidiano, hacen del arte un bien de todos\u201d, expres\u00f3 Josese Eidman, presidente de la Fundaci\u00f3n Urunday.[\/vc_column_text][vc_empty_space height=&#8221;35px&#8221;][vc_column_text css=&#8221;&#8221;]Fuente:\u00a0 <a href=\"https:\/\/chacodiapordia.com\/bienal-del-chaco-2026-comienza-otro-ano-con-ceremonia-de-lanzamiento\/\" target=\"_blank\" rel=\"noopener\">https:\/\/chacodiapordia.com\/bienal-del-chaco-2026-comienza-otro-ano-con-ceremonia-de-lanzamiento\/<\/a>[\/vc_column_text][vc_empty_space height=&#8221;100px&#8221;][\/vc_column][\/vc_row]<\/p>\n<\/div>","protected":false},"excerpt":{"rendered":"<p>[vc_row css_animation=&#8221;&#8221; row_type=&#8221;row&#8221; use_row_as_full_screen_section=&#8221;no&#8221; type=&#8221;full_width&#8221; angled_section=&#8221;no&#8221; text_align=&#8221;left&#8221; background_image_as_pattern=&#8221;without_pattern&#8221;][vc_column][vc_column_text css=&#8221;&#8221;] El pr\u00f3ximo viernes 6 de marzo, D\u00eda Internacional del Escultor, la Bienal Internacional de Escultura del Chaco dar\u00e1 el primer gran paso hacia una nueva edici\u00f3n con el lanzamiento oficial, que se realizar\u00e1 en la Casa&#8230;<\/p>\n","protected":false},"author":1,"featured_media":1376,"comment_status":"open","ping_status":"open","sticky":false,"template":"","format":"standard","meta":{"footnotes":""},"categories":[1],"tags":[],"class_list":["post-1375","post","type-post","status-publish","format-standard","has-post-thumbnail","hentry","category-sin-categoria"],"yoast_head":"<!-- This site is optimized with the Yoast SEO plugin v25.6 - https:\/\/yoast.com\/wordpress\/plugins\/seo\/ -->\n<title>La Bienal Internacional de Escultura del Chaco 2026 ya tiene a los diez escultores seleccionados - Bienal del Chaco<\/title>\n<meta name=\"robots\" content=\"index, follow, max-snippet:-1, max-image-preview:large, max-video-preview:-1\" \/>\n<link rel=\"canonical\" href=\"https:\/\/bienaldelchaco.org\/2026\/la-bienal-internacional-de-escultura-del-chaco-2026-ya-tiene-a-los-diez-escultores-seleccionados-2\/\" \/>\n<meta property=\"og:locale\" content=\"es_ES\" \/>\n<meta property=\"og:type\" content=\"article\" \/>\n<meta property=\"og:title\" content=\"La Bienal Internacional de Escultura del Chaco 2026 ya tiene a los diez escultores seleccionados - Bienal del Chaco\" \/>\n<meta property=\"og:description\" content=\"[vc_row css_animation=&#8221;&#8221; row_type=&#8221;row&#8221; use_row_as_full_screen_section=&#8221;no&#8221; type=&#8221;full_width&#8221; angled_section=&#8221;no&#8221; text_align=&#8221;left&#8221; background_image_as_pattern=&#8221;without_pattern&#8221;][vc_column][vc_column_text css=&#8221;&#8221;] El pr\u00f3ximo viernes 6 de marzo, D\u00eda Internacional del Escultor, la Bienal Internacional de Escultura del Chaco dar\u00e1 el primer gran paso hacia una nueva edici\u00f3n con el lanzamiento oficial, que se realizar\u00e1 en la Casa...\" \/>\n<meta property=\"og:url\" content=\"https:\/\/bienaldelchaco.org\/2026\/la-bienal-internacional-de-escultura-del-chaco-2026-ya-tiene-a-los-diez-escultores-seleccionados-2\/\" \/>\n<meta property=\"og:site_name\" content=\"Bienal del Chaco\" \/>\n<meta property=\"article:publisher\" content=\"https:\/\/www.facebook.com\/bienaldelchaco\" \/>\n<meta property=\"article:published_time\" content=\"2026-02-28T23:14:36+00:00\" \/>\n<meta property=\"article:modified_time\" content=\"2026-03-19T23:16:13+00:00\" \/>\n<meta property=\"og:image\" content=\"https:\/\/bienaldelchaco.org\/2026\/wp-content\/uploads\/2026\/03\/Bienal26-LogoCultura.jpg\" \/>\n\t<meta property=\"og:image:width\" content=\"800\" \/>\n\t<meta property=\"og:image:height\" content=\"550\" \/>\n\t<meta property=\"og:image:type\" content=\"image\/jpeg\" \/>\n<meta name=\"author\" content=\"bitnessadmin\" \/>\n<meta name=\"twitter:card\" content=\"summary_large_image\" \/>\n<meta name=\"twitter:creator\" content=\"@bienaldelchaco\" \/>\n<meta name=\"twitter:site\" content=\"@bienaldelchaco\" \/>\n<meta name=\"twitter:label1\" content=\"Escrito por\" \/>\n\t<meta name=\"twitter:data1\" content=\"bitnessadmin\" \/>\n\t<meta name=\"twitter:label2\" content=\"Tiempo de lectura\" \/>\n\t<meta name=\"twitter:data2\" content=\"2 minutos\" \/>\n<script type=\"application\/ld+json\" class=\"yoast-schema-graph\">{\"@context\":\"https:\/\/schema.org\",\"@graph\":[{\"@type\":\"Article\",\"@id\":\"https:\/\/bienaldelchaco.org\/2026\/la-bienal-internacional-de-escultura-del-chaco-2026-ya-tiene-a-los-diez-escultores-seleccionados-2\/#article\",\"isPartOf\":{\"@id\":\"https:\/\/bienaldelchaco.org\/2026\/la-bienal-internacional-de-escultura-del-chaco-2026-ya-tiene-a-los-diez-escultores-seleccionados-2\/\"},\"author\":{\"name\":\"bitnessadmin\",\"@id\":\"https:\/\/bienaldelchaco.org\/2026\/#\/schema\/person\/1b8918c48c8b750f041d7dcc1614ef18\"},\"headline\":\"La Bienal Internacional de Escultura del Chaco 2026 ya tiene a los diez escultores seleccionados\",\"datePublished\":\"2026-02-28T23:14:36+00:00\",\"dateModified\":\"2026-03-19T23:16:13+00:00\",\"mainEntityOfPage\":{\"@id\":\"https:\/\/bienaldelchaco.org\/2026\/la-bienal-internacional-de-escultura-del-chaco-2026-ya-tiene-a-los-diez-escultores-seleccionados-2\/\"},\"wordCount\":434,\"commentCount\":0,\"publisher\":{\"@id\":\"https:\/\/bienaldelchaco.org\/2026\/#organization\"},\"image\":{\"@id\":\"https:\/\/bienaldelchaco.org\/2026\/la-bienal-internacional-de-escultura-del-chaco-2026-ya-tiene-a-los-diez-escultores-seleccionados-2\/#primaryimage\"},\"thumbnailUrl\":\"https:\/\/bienaldelchaco.org\/2026\/wp-content\/uploads\/2026\/03\/Bienal26-LogoCultura.jpg\",\"inLanguage\":\"es-AR\",\"potentialAction\":[{\"@type\":\"CommentAction\",\"name\":\"Comment\",\"target\":[\"https:\/\/bienaldelchaco.org\/2026\/la-bienal-internacional-de-escultura-del-chaco-2026-ya-tiene-a-los-diez-escultores-seleccionados-2\/#respond\"]}]},{\"@type\":\"WebPage\",\"@id\":\"https:\/\/bienaldelchaco.org\/2026\/la-bienal-internacional-de-escultura-del-chaco-2026-ya-tiene-a-los-diez-escultores-seleccionados-2\/\",\"url\":\"https:\/\/bienaldelchaco.org\/2026\/la-bienal-internacional-de-escultura-del-chaco-2026-ya-tiene-a-los-diez-escultores-seleccionados-2\/\",\"name\":\"La Bienal Internacional de Escultura del Chaco 2026 ya tiene a los diez escultores seleccionados - Bienal del Chaco\",\"isPartOf\":{\"@id\":\"https:\/\/bienaldelchaco.org\/2026\/#website\"},\"primaryImageOfPage\":{\"@id\":\"https:\/\/bienaldelchaco.org\/2026\/la-bienal-internacional-de-escultura-del-chaco-2026-ya-tiene-a-los-diez-escultores-seleccionados-2\/#primaryimage\"},\"image\":{\"@id\":\"https:\/\/bienaldelchaco.org\/2026\/la-bienal-internacional-de-escultura-del-chaco-2026-ya-tiene-a-los-diez-escultores-seleccionados-2\/#primaryimage\"},\"thumbnailUrl\":\"https:\/\/bienaldelchaco.org\/2026\/wp-content\/uploads\/2026\/03\/Bienal26-LogoCultura.jpg\",\"datePublished\":\"2026-02-28T23:14:36+00:00\",\"dateModified\":\"2026-03-19T23:16:13+00:00\",\"breadcrumb\":{\"@id\":\"https:\/\/bienaldelchaco.org\/2026\/la-bienal-internacional-de-escultura-del-chaco-2026-ya-tiene-a-los-diez-escultores-seleccionados-2\/#breadcrumb\"},\"inLanguage\":\"es-AR\",\"potentialAction\":[{\"@type\":\"ReadAction\",\"target\":[\"https:\/\/bienaldelchaco.org\/2026\/la-bienal-internacional-de-escultura-del-chaco-2026-ya-tiene-a-los-diez-escultores-seleccionados-2\/\"]}]},{\"@type\":\"ImageObject\",\"inLanguage\":\"es-AR\",\"@id\":\"https:\/\/bienaldelchaco.org\/2026\/la-bienal-internacional-de-escultura-del-chaco-2026-ya-tiene-a-los-diez-escultores-seleccionados-2\/#primaryimage\",\"url\":\"https:\/\/bienaldelchaco.org\/2026\/wp-content\/uploads\/2026\/03\/Bienal26-LogoCultura.jpg\",\"contentUrl\":\"https:\/\/bienaldelchaco.org\/2026\/wp-content\/uploads\/2026\/03\/Bienal26-LogoCultura.jpg\",\"width\":800,\"height\":550},{\"@type\":\"BreadcrumbList\",\"@id\":\"https:\/\/bienaldelchaco.org\/2026\/la-bienal-internacional-de-escultura-del-chaco-2026-ya-tiene-a-los-diez-escultores-seleccionados-2\/#breadcrumb\",\"itemListElement\":[{\"@type\":\"ListItem\",\"position\":1,\"name\":\"Inicio\",\"item\":\"https:\/\/bienaldelchaco.org\/2026\/\"},{\"@type\":\"ListItem\",\"position\":2,\"name\":\"La Bienal Internacional de Escultura del Chaco 2026 ya tiene a los diez escultores seleccionados\"}]},{\"@type\":\"WebSite\",\"@id\":\"https:\/\/bienaldelchaco.org\/2026\/#website\",\"url\":\"https:\/\/bienaldelchaco.org\/2026\/\",\"name\":\"Bienal del Chaco\",\"description\":\"\",\"publisher\":{\"@id\":\"https:\/\/bienaldelchaco.org\/2026\/#organization\"},\"potentialAction\":[{\"@type\":\"SearchAction\",\"target\":{\"@type\":\"EntryPoint\",\"urlTemplate\":\"https:\/\/bienaldelchaco.org\/2026\/?s={search_term_string}\"},\"query-input\":{\"@type\":\"PropertyValueSpecification\",\"valueRequired\":true,\"valueName\":\"search_term_string\"}}],\"inLanguage\":\"es-AR\"},{\"@type\":\"Organization\",\"@id\":\"https:\/\/bienaldelchaco.org\/2026\/#organization\",\"name\":\"Bienal del Chaco\",\"url\":\"https:\/\/bienaldelchaco.org\/2026\/\",\"logo\":{\"@type\":\"ImageObject\",\"inLanguage\":\"es-AR\",\"@id\":\"https:\/\/bienaldelchaco.org\/2026\/#\/schema\/logo\/image\/\",\"url\":\"https:\/\/bienaldelchaco.org\/2026\/wp-content\/uploads\/2025\/04\/web-logo-2026.png\",\"contentUrl\":\"https:\/\/bienaldelchaco.org\/2026\/wp-content\/uploads\/2025\/04\/web-logo-2026.png\",\"width\":145,\"height\":50,\"caption\":\"Bienal del Chaco\"},\"image\":{\"@id\":\"https:\/\/bienaldelchaco.org\/2026\/#\/schema\/logo\/image\/\"},\"sameAs\":[\"https:\/\/www.facebook.com\/bienaldelchaco\",\"https:\/\/x.com\/bienaldelchaco\",\"https:\/\/www.instagram.com\/bienaldelchaco\/\",\"https:\/\/www.youtube.com\/BienaldelChaco\"]},{\"@type\":\"Person\",\"@id\":\"https:\/\/bienaldelchaco.org\/2026\/#\/schema\/person\/1b8918c48c8b750f041d7dcc1614ef18\",\"name\":\"bitnessadmin\",\"image\":{\"@type\":\"ImageObject\",\"inLanguage\":\"es-AR\",\"@id\":\"https:\/\/bienaldelchaco.org\/2026\/#\/schema\/person\/image\/\",\"url\":\"https:\/\/secure.gravatar.com\/avatar\/441b367b6997ee3aae034996bf7b8bf6b85d8dd458e3cd0f1a0f7669a04bb0d9?s=96&d=mm&r=g\",\"contentUrl\":\"https:\/\/secure.gravatar.com\/avatar\/441b367b6997ee3aae034996bf7b8bf6b85d8dd458e3cd0f1a0f7669a04bb0d9?s=96&d=mm&r=g\",\"caption\":\"bitnessadmin\"},\"sameAs\":[\"https:\/\/bienaldelchaco.org\/2026\"],\"url\":\"https:\/\/bienaldelchaco.org\/2026\/author\/bitnessadmin\/\"}]}<\/script>\n<!-- \/ Yoast SEO plugin. -->","yoast_head_json":{"title":"La Bienal Internacional de Escultura del Chaco 2026 ya tiene a los diez escultores seleccionados - Bienal del Chaco","robots":{"index":"index","follow":"follow","max-snippet":"max-snippet:-1","max-image-preview":"max-image-preview:large","max-video-preview":"max-video-preview:-1"},"canonical":"https:\/\/bienaldelchaco.org\/2026\/la-bienal-internacional-de-escultura-del-chaco-2026-ya-tiene-a-los-diez-escultores-seleccionados-2\/","og_locale":"es_ES","og_type":"article","og_title":"La Bienal Internacional de Escultura del Chaco 2026 ya tiene a los diez escultores seleccionados - Bienal del Chaco","og_description":"[vc_row css_animation=&#8221;&#8221; row_type=&#8221;row&#8221; use_row_as_full_screen_section=&#8221;no&#8221; type=&#8221;full_width&#8221; angled_section=&#8221;no&#8221; text_align=&#8221;left&#8221; background_image_as_pattern=&#8221;without_pattern&#8221;][vc_column][vc_column_text css=&#8221;&#8221;] El pr\u00f3ximo viernes 6 de marzo, D\u00eda Internacional del Escultor, la Bienal Internacional de Escultura del Chaco dar\u00e1 el primer gran paso hacia una nueva edici\u00f3n con el lanzamiento oficial, que se realizar\u00e1 en la Casa...","og_url":"https:\/\/bienaldelchaco.org\/2026\/la-bienal-internacional-de-escultura-del-chaco-2026-ya-tiene-a-los-diez-escultores-seleccionados-2\/","og_site_name":"Bienal del Chaco","article_publisher":"https:\/\/www.facebook.com\/bienaldelchaco","article_published_time":"2026-02-28T23:14:36+00:00","article_modified_time":"2026-03-19T23:16:13+00:00","og_image":[{"width":800,"height":550,"url":"https:\/\/bienaldelchaco.org\/2026\/wp-content\/uploads\/2026\/03\/Bienal26-LogoCultura.jpg","type":"image\/jpeg"}],"author":"bitnessadmin","twitter_card":"summary_large_image","twitter_creator":"@bienaldelchaco","twitter_site":"@bienaldelchaco","twitter_misc":{"Escrito por":"bitnessadmin","Tiempo de lectura":"2 minutos"},"schema":{"@context":"https:\/\/schema.org","@graph":[{"@type":"Article","@id":"https:\/\/bienaldelchaco.org\/2026\/la-bienal-internacional-de-escultura-del-chaco-2026-ya-tiene-a-los-diez-escultores-seleccionados-2\/#article","isPartOf":{"@id":"https:\/\/bienaldelchaco.org\/2026\/la-bienal-internacional-de-escultura-del-chaco-2026-ya-tiene-a-los-diez-escultores-seleccionados-2\/"},"author":{"name":"bitnessadmin","@id":"https:\/\/bienaldelchaco.org\/2026\/#\/schema\/person\/1b8918c48c8b750f041d7dcc1614ef18"},"headline":"La Bienal Internacional de Escultura del Chaco 2026 ya tiene a los diez escultores seleccionados","datePublished":"2026-02-28T23:14:36+00:00","dateModified":"2026-03-19T23:16:13+00:00","mainEntityOfPage":{"@id":"https:\/\/bienaldelchaco.org\/2026\/la-bienal-internacional-de-escultura-del-chaco-2026-ya-tiene-a-los-diez-escultores-seleccionados-2\/"},"wordCount":434,"commentCount":0,"publisher":{"@id":"https:\/\/bienaldelchaco.org\/2026\/#organization"},"image":{"@id":"https:\/\/bienaldelchaco.org\/2026\/la-bienal-internacional-de-escultura-del-chaco-2026-ya-tiene-a-los-diez-escultores-seleccionados-2\/#primaryimage"},"thumbnailUrl":"https:\/\/bienaldelchaco.org\/2026\/wp-content\/uploads\/2026\/03\/Bienal26-LogoCultura.jpg","inLanguage":"es-AR","potentialAction":[{"@type":"CommentAction","name":"Comment","target":["https:\/\/bienaldelchaco.org\/2026\/la-bienal-internacional-de-escultura-del-chaco-2026-ya-tiene-a-los-diez-escultores-seleccionados-2\/#respond"]}]},{"@type":"WebPage","@id":"https:\/\/bienaldelchaco.org\/2026\/la-bienal-internacional-de-escultura-del-chaco-2026-ya-tiene-a-los-diez-escultores-seleccionados-2\/","url":"https:\/\/bienaldelchaco.org\/2026\/la-bienal-internacional-de-escultura-del-chaco-2026-ya-tiene-a-los-diez-escultores-seleccionados-2\/","name":"La Bienal Internacional de Escultura del Chaco 2026 ya tiene a los diez escultores seleccionados - Bienal del Chaco","isPartOf":{"@id":"https:\/\/bienaldelchaco.org\/2026\/#website"},"primaryImageOfPage":{"@id":"https:\/\/bienaldelchaco.org\/2026\/la-bienal-internacional-de-escultura-del-chaco-2026-ya-tiene-a-los-diez-escultores-seleccionados-2\/#primaryimage"},"image":{"@id":"https:\/\/bienaldelchaco.org\/2026\/la-bienal-internacional-de-escultura-del-chaco-2026-ya-tiene-a-los-diez-escultores-seleccionados-2\/#primaryimage"},"thumbnailUrl":"https:\/\/bienaldelchaco.org\/2026\/wp-content\/uploads\/2026\/03\/Bienal26-LogoCultura.jpg","datePublished":"2026-02-28T23:14:36+00:00","dateModified":"2026-03-19T23:16:13+00:00","breadcrumb":{"@id":"https:\/\/bienaldelchaco.org\/2026\/la-bienal-internacional-de-escultura-del-chaco-2026-ya-tiene-a-los-diez-escultores-seleccionados-2\/#breadcrumb"},"inLanguage":"es-AR","potentialAction":[{"@type":"ReadAction","target":["https:\/\/bienaldelchaco.org\/2026\/la-bienal-internacional-de-escultura-del-chaco-2026-ya-tiene-a-los-diez-escultores-seleccionados-2\/"]}]},{"@type":"ImageObject","inLanguage":"es-AR","@id":"https:\/\/bienaldelchaco.org\/2026\/la-bienal-internacional-de-escultura-del-chaco-2026-ya-tiene-a-los-diez-escultores-seleccionados-2\/#primaryimage","url":"https:\/\/bienaldelchaco.org\/2026\/wp-content\/uploads\/2026\/03\/Bienal26-LogoCultura.jpg","contentUrl":"https:\/\/bienaldelchaco.org\/2026\/wp-content\/uploads\/2026\/03\/Bienal26-LogoCultura.jpg","width":800,"height":550},{"@type":"BreadcrumbList","@id":"https:\/\/bienaldelchaco.org\/2026\/la-bienal-internacional-de-escultura-del-chaco-2026-ya-tiene-a-los-diez-escultores-seleccionados-2\/#breadcrumb","itemListElement":[{"@type":"ListItem","position":1,"name":"Inicio","item":"https:\/\/bienaldelchaco.org\/2026\/"},{"@type":"ListItem","position":2,"name":"La Bienal Internacional de Escultura del Chaco 2026 ya tiene a los diez escultores seleccionados"}]},{"@type":"WebSite","@id":"https:\/\/bienaldelchaco.org\/2026\/#website","url":"https:\/\/bienaldelchaco.org\/2026\/","name":"Bienal del Chaco","description":"","publisher":{"@id":"https:\/\/bienaldelchaco.org\/2026\/#organization"},"potentialAction":[{"@type":"SearchAction","target":{"@type":"EntryPoint","urlTemplate":"https:\/\/bienaldelchaco.org\/2026\/?s={search_term_string}"},"query-input":{"@type":"PropertyValueSpecification","valueRequired":true,"valueName":"search_term_string"}}],"inLanguage":"es-AR"},{"@type":"Organization","@id":"https:\/\/bienaldelchaco.org\/2026\/#organization","name":"Bienal del Chaco","url":"https:\/\/bienaldelchaco.org\/2026\/","logo":{"@type":"ImageObject","inLanguage":"es-AR","@id":"https:\/\/bienaldelchaco.org\/2026\/#\/schema\/logo\/image\/","url":"https:\/\/bienaldelchaco.org\/2026\/wp-content\/uploads\/2025\/04\/web-logo-2026.png","contentUrl":"https:\/\/bienaldelchaco.org\/2026\/wp-content\/uploads\/2025\/04\/web-logo-2026.png","width":145,"height":50,"caption":"Bienal del Chaco"},"image":{"@id":"https:\/\/bienaldelchaco.org\/2026\/#\/schema\/logo\/image\/"},"sameAs":["https:\/\/www.facebook.com\/bienaldelchaco","https:\/\/x.com\/bienaldelchaco","https:\/\/www.instagram.com\/bienaldelchaco\/","https:\/\/www.youtube.com\/BienaldelChaco"]},{"@type":"Person","@id":"https:\/\/bienaldelchaco.org\/2026\/#\/schema\/person\/1b8918c48c8b750f041d7dcc1614ef18","name":"bitnessadmin","image":{"@type":"ImageObject","inLanguage":"es-AR","@id":"https:\/\/bienaldelchaco.org\/2026\/#\/schema\/person\/image\/","url":"https:\/\/secure.gravatar.com\/avatar\/441b367b6997ee3aae034996bf7b8bf6b85d8dd458e3cd0f1a0f7669a04bb0d9?s=96&d=mm&r=g","contentUrl":"https:\/\/secure.gravatar.com\/avatar\/441b367b6997ee3aae034996bf7b8bf6b85d8dd458e3cd0f1a0f7669a04bb0d9?s=96&d=mm&r=g","caption":"bitnessadmin"},"sameAs":["https:\/\/bienaldelchaco.org\/2026"],"url":"https:\/\/bienaldelchaco.org\/2026\/author\/bitnessadmin\/"}]}},"_links":{"self":[{"href":"https:\/\/bienaldelchaco.org\/2026\/wp-json\/wp\/v2\/posts\/1375","targetHints":{"allow":["GET"]}}],"collection":[{"href":"https:\/\/bienaldelchaco.org\/2026\/wp-json\/wp\/v2\/posts"}],"about":[{"href":"https:\/\/bienaldelchaco.org\/2026\/wp-json\/wp\/v2\/types\/post"}],"author":[{"embeddable":true,"href":"https:\/\/bienaldelchaco.org\/2026\/wp-json\/wp\/v2\/users\/1"}],"replies":[{"embeddable":true,"href":"https:\/\/bienaldelchaco.org\/2026\/wp-json\/wp\/v2\/comments?post=1375"}],"version-history":[{"count":1,"href":"https:\/\/bienaldelchaco.org\/2026\/wp-json\/wp\/v2\/posts\/1375\/revisions"}],"predecessor-version":[{"id":1377,"href":"https:\/\/bienaldelchaco.org\/2026\/wp-json\/wp\/v2\/posts\/1375\/revisions\/1377"}],"wp:featuredmedia":[{"embeddable":true,"href":"https:\/\/bienaldelchaco.org\/2026\/wp-json\/wp\/v2\/media\/1376"}],"wp:attachment":[{"href":"https:\/\/bienaldelchaco.org\/2026\/wp-json\/wp\/v2\/media?parent=1375"}],"wp:term":[{"taxonomy":"category","embeddable":true,"href":"https:\/\/bienaldelchaco.org\/2026\/wp-json\/wp\/v2\/categories?post=1375"},{"taxonomy":"post_tag","embeddable":true,"href":"https:\/\/bienaldelchaco.org\/2026\/wp-json\/wp\/v2\/tags?post=1375"}],"curies":[{"name":"wp","href":"https:\/\/api.w.org\/{rel}","templated":true}]}}