{"id":1381,"date":"2026-03-12T20:19:29","date_gmt":"2026-03-12T23:19:29","guid":{"rendered":"https:\/\/bienaldelchaco.org\/2026\/?p=1381"},"modified":"2026-03-19T20:43:03","modified_gmt":"2026-03-19T23:43:03","slug":"resistencia-construyo-un-acontecimiento-cultural-que-no-sucede-en-ninguna-otra-parte-del-mundo","status":"publish","type":"post","link":"https:\/\/bienaldelchaco.org\/2026\/resistencia-construyo-un-acontecimiento-cultural-que-no-sucede-en-ninguna-otra-parte-del-mundo\/","title":{"rendered":"&#8220;Resistencia construy\u00f3 un acontecimiento cultural que no sucede en ninguna otra parte del mundo&#8221;"},"content":{"rendered":"<div class=\"wpb-content-wrapper\"><p>[vc_row css_animation=&#8221;&#8221; row_type=&#8221;row&#8221; use_row_as_full_screen_section=&#8221;no&#8221; type=&#8221;full_width&#8221; angled_section=&#8221;no&#8221; text_align=&#8221;left&#8221; background_image_as_pattern=&#8221;without_pattern&#8221;][vc_column][vc_column_text css=&#8221;&#8221;]<\/p>\n<div class=\"subtitle\">\n<div>\n<p>La Fundaci\u00f3n Urunday present\u00f3 oficialmente a los diez artistas seleccionados que participar\u00e1n del Concurso Internacional de Escultura de la Bienal del Chaco 2026, uno de los eventos culturales m\u00e1s importantes de la regi\u00f3n. El lanzamiento se realiz\u00f3 el viernes pasado en la Casa de las Culturas, con la presencia de autoridades, artistas y una gran cantidad de p\u00fablico.<\/p>\n<\/div>\n<\/div>\n<div class=\"intro\"><!--more--><\/div>\n<p>[\/vc_column_text][vc_empty_space][vc_raw_html css=&#8221;&#8221;]JTNDc3R5bGUlM0UlMEQlMEEucGxheWVyLWNhcmQlMjAlN0IlMEQlMEElMjAlMjBiYWNrZ3JvdW5kJTNBJTIwJTIzZmZmJTNCJTBEJTBBJTIwJTIwYm9yZGVyJTNBJTIwMXB4JTIwc29saWQlMjAlMjNlNWU1ZTUlM0IlMEQlMEElMjAlMjBib3JkZXItcmFkaXVzJTNBJTIwMTJweCUzQiUwRCUwQSUyMCUyMHBhZGRpbmclM0ElMjAxLjI1cmVtJTIwMS41cmVtJTNCJTBEJTBBJTIwJTIwbWF4LXdpZHRoJTNBJTIwNTYwcHglM0IlMEQlMEElN0QlMEQlMEEucGxheWVyLXRpdGxlJTIwJTdCJTBEJTBBJTIwJTIwZm9udC1zaXplJTNBJTIwMTNweCUzQiUwRCUwQSUyMCUyMGNvbG9yJTNBJTIwJTIzNjY2JTNCJTBEJTBBJTIwJTIwbWFyZ2luJTNBJTIwMCUyMDAlMjAxcmVtJTNCJTBEJTBBJTIwJTIwd2hpdGUtc3BhY2UlM0ElMjBub3dyYXAlM0IlMEQlMEElMjAlMjBvdmVyZmxvdyUzQSUyMGhpZGRlbiUzQiUwRCUwQSUyMCUyMHRleHQtb3ZlcmZsb3clM0ElMjBlbGxpcHNpcyUzQiUwRCUwQSU3RCUwRCUwQS5wcm9ncmVzcy13cmFwJTIwJTdCJTBEJTBBJTIwJTIwcG9zaXRpb24lM0ElMjByZWxhdGl2ZSUzQiUwRCUwQSUyMCUyMGhlaWdodCUzQSUyMDRweCUzQiUwRCUwQSUyMCUyMGJhY2tncm91bmQlM0ElMjAlMjNlNWU1ZTUlM0IlMEQlMEElMjAlMjBib3JkZXItcmFkaXVzJTNBJTIwMnB4JTNCJTBEJTBBJTIwJTIwY3Vyc29yJTNBJTIwcG9pbnRlciUzQiUwRCUwQSUyMCUyMG1hcmdpbiUzQSUyMDAuNzVyZW0lMjAwJTNCJTBEJTBBJTdEJTBEJTBBLnByb2dyZXNzLWJhciUyMCU3QiUwRCUwQSUyMCUyMGhlaWdodCUzQSUyMDRweCUzQiUwRCUwQSUyMCUyMGJhY2tncm91bmQlM0ElMjAlMjNjYjMxMzElM0IlMEQlMEElMjAlMjBib3JkZXItcmFkaXVzJTNBJTIwMnB4JTNCJTBEJTBBJTIwJTIwd2lkdGglM0ElMjAwJTI1JTNCJTBEJTBBJTIwJTIwcG9pbnRlci1ldmVudHMlM0ElMjBub25lJTNCJTBEJTBBJTdEJTBEJTBBLnRpbWVzJTIwJTdCJTBEJTBBJTIwJTIwZGlzcGxheSUzQSUyMGZsZXglM0IlMEQlMEElMjAlMjBqdXN0aWZ5LWNvbnRlbnQlM0ElMjBzcGFjZS1iZXR3ZWVuJTNCJTBEJTBBJTIwJTIwZm9udC1zaXplJTNBJTIwMTJweCUzQiUwRCUwQSUyMCUyMGNvbG9yJTNBJTIwJTIzOTk5JTNCJTBEJTBBJTIwJTIwbWFyZ2luLWJvdHRvbSUzQSUyMDAuNzVyZW0lM0IlMEQlMEElN0QlMEQlMEEuYnRuLXBsYXklMjAlN0IlMEQlMEElMjAlMjB3aWR0aCUzQSUyMDQwcHglM0IlMEQlMEElMjAlMjBoZWlnaHQlM0ElMjA0MHB4JTNCJTBEJTBBJTIwJTIwYm9yZGVyLXJhZGl1cyUzQSUyMDUwJTI1JTNCJTBEJTBBJTIwJTIwYm9yZGVyJTNBJTIwMS41cHglMjBzb2xpZCUyMCUyM2NiMzEzMSUzQiUwRCUwQSUyMCUyMGJhY2tncm91bmQlM0ElMjB0cmFuc3BhcmVudCUzQiUwRCUwQSUyMCUyMGNvbG9yJTNBJTIwJTIzY2IzMTMxJTNCJTBEJTBBJTIwJTIwY3Vyc29yJTNBJTIwcG9pbnRlciUzQiUwRCUwQSUyMCUyMGRpc3BsYXklM0ElMjBmbGV4JTNCJTBEJTBBJTIwJTIwYWxpZ24taXRlbXMlM0ElMjBjZW50ZXIlM0IlMEQlMEElMjAlMjBqdXN0aWZ5LWNvbnRlbnQlM0ElMjBjZW50ZXIlM0IlMEQlMEElMjAlMjBmbGV4LXNocmluayUzQSUyMDAlM0IlMEQlMEElN0QlMEQlMEEuYnRuLXBsYXklM0Fob3ZlciUyMCU3QiUwRCUwQSUyMCUyMGJhY2tncm91bmQlM0ElMjAlMjNjYjMxMzElM0IlMEQlMEElMjAlMjBjb2xvciUzQSUyMCUyM2ZmZiUzQiUwRCUwQSU3RCUwRCUwQS5jb250cm9scyUyMCU3QiUwRCUwQSUyMCUyMGRpc3BsYXklM0ElMjBmbGV4JTNCJTBEJTBBJTIwJTIwYWxpZ24taXRlbXMlM0ElMjBjZW50ZXIlM0IlMEQlMEElMjAlMjBnYXAlM0ElMjAxMnB4JTNCJTBEJTBBJTdEJTBEJTBBLnZvbHVtZS1yb3clMjAlN0IlMEQlMEElMjAlMjBkaXNwbGF5JTNBJTIwZmxleCUzQiUwRCUwQSUyMCUyMGFsaWduLWl0ZW1zJTNBJTIwY2VudGVyJTNCJTBEJTBBJTIwJTIwZ2FwJTNBJTIwOHB4JTNCJTBEJTBBJTIwJTIwbWFyZ2luLWxlZnQlM0ElMjBhdXRvJTNCJTBEJTBBJTdEJTBEJTBBJTNDJTJGc3R5bGUlM0UlMEQlMEElMEQlMEElM0NkaXYlMjBjbGFzcyUzRCUyMnBsYXllci1jYXJkJTIyJTNFJTBEJTBBJTIwJTIwJTNDcCUyMGNsYXNzJTNEJTIycGxheWVyLXRpdGxlJTIyJTNFSm9zJUMzJUE5JTIwRWlkbWFuJTIwJUUyJTgwJTk0JTIwUHRlLiUyMEZ1bmRhY2klQzMlQjNuJTIwVXJ1bmRheSUyMCVDMiVCNyUyMEJpZW5hbCUyMDIwMjYlM0MlMkZwJTNFJTBEJTBBJTIwJTIwJTNDZGl2JTIwY2xhc3MlM0QlMjJwcm9ncmVzcy13cmFwJTIyJTIwaWQlM0QlMjJwcm9nLXdyYXAlMjIlM0UlMEQlMEElMjAlMjAlMjAlMjAlM0NkaXYlMjBjbGFzcyUzRCUyMnByb2dyZXNzLWJhciUyMiUyMGlkJTNEJTIycHJvZy1iYXIlMjIlM0UlM0MlMkZkaXYlM0UlMEQlMEElMjAlMjAlM0MlMkZkaXYlM0UlMEQlMEElMjAlMjAlM0NkaXYlMjBjbGFzcyUzRCUyMnRpbWVzJTIyJTNFJTBEJTBBJTIwJTIwJTIwJTIwJTNDc3BhbiUyMGlkJTNEJTIyY3VyLXRpbWUlMjIlM0UwJTNBMDAlM0MlMkZzcGFuJTNFJTBEJTBBJTIwJTIwJTIwJTIwJTNDc3BhbiUyMGlkJTNEJTIyZHVyLXRpbWUlMjIlM0UwJTNBMDAlM0MlMkZzcGFuJTNFJTBEJTBBJTIwJTIwJTNDJTJGZGl2JTNFJTBEJTBBJTIwJTIwJTNDZGl2JTIwY2xhc3MlM0QlMjJjb250cm9scyUyMiUzRSUwRCUwQSUyMCUyMCUyMCUyMCUzQ2J1dHRvbiUyMGNsYXNzJTNEJTIyYnRuLXBsYXklMjIlMjBpZCUzRCUyMmJ0bi1wbGF5JTIyJTNFJTBEJTBBJTIwJTIwJTIwJTIwJTIwJTIwJTNDc3ZnJTIwaWQlM0QlMjJpY29uLXBsYXklMjIlMjB3aWR0aCUzRCUyMjE2JTIyJTIwaGVpZ2h0JTNEJTIyMTYlMjIlMjB2aWV3Qm94JTNEJTIyMCUyMDAlMjAyNCUyMDI0JTIyJTIwZmlsbCUzRCUyMmN1cnJlbnRDb2xvciUyMiUzRSUzQ3BhdGglMjBkJTNEJTIyTTglMjA1djE0bDExLTd6JTIyJTJGJTNFJTNDJTJGc3ZnJTNFJTBEJTBBJTIwJTIwJTIwJTIwJTIwJTIwJTNDc3ZnJTIwaWQlM0QlMjJpY29uLXBhdXNlJTIyJTIwd2lkdGglM0QlMjIxNiUyMiUyMGhlaWdodCUzRCUyMjE2JTIyJTIwdmlld0JveCUzRCUyMjAlMjAwJTIwMjQlMjAyNCUyMiUyMGZpbGwlM0QlMjJjdXJyZW50Q29sb3IlMjIlMjBzdHlsZSUzRCUyMmRpc3BsYXklM0Fub25lJTIyJTNFJTNDcGF0aCUyMGQlM0QlMjJNNiUyMDE5aDRWNUg2djE0em04LTE0djE0aDRWNWgtNHolMjIlMkYlM0UlM0MlMkZzdmclM0UlMEQlMEElMjAlMjAlMjAlMjAlM0MlMkZidXR0b24lM0UlMEQlMEElMjAlMjAlMjAlMjAlM0NkaXYlMjBjbGFzcyUzRCUyMnZvbHVtZS1yb3clMjIlM0UlMEQlMEElMjAlMjAlMjAlMjAlMjAlMjAlM0NzdmclMjB3aWR0aCUzRCUyMjE2JTIyJTIwaGVpZ2h0JTNEJTIyMTYlMjIlMjB2aWV3Qm94JTNEJTIyMCUyMDAlMjAyNCUyMDI0JTIyJTIwZmlsbCUzRCUyMiUyMzk5OSUyMiUzRSUzQ3BhdGglMjBkJTNEJTIyTTMlMjA5djZoNGw1JTIwNVY0TDclMjA5SDN6bTEzLjUlMjAzYzAtMS43Ny0xLjAyLTMuMjktMi41LTQuMDN2OC4wNWMxLjQ4LS43MyUyMDIuNS0yLjI1JTIwMi41LTQuMDJ6JTIyJTJGJTNFJTNDJTJGc3ZnJTNFJTBEJTBBJTIwJTIwJTIwJTIwJTIwJTIwJTNDaW5wdXQlMjB0eXBlJTNEJTIycmFuZ2UlMjIlMjBpZCUzRCUyMnZvbCUyMiUyMG1pbiUzRCUyMjAlMjIlMjBtYXglM0QlMjIxJTIyJTIwc3RlcCUzRCUyMjAuMDUlMjIlMjB2YWx1ZSUzRCUyMjElMjIlMjBzdHlsZSUzRCUyMndpZHRoJTNBNzJweCUzQiUyMiUzRSUwRCUwQSUyMCUyMCUyMCUyMCUzQyUyRmRpdiUzRSUwRCUwQSUyMCUyMCUzQyUyRmRpdiUzRSUwRCUwQSUzQyUyRmRpdiUzRSUwRCUwQSUwRCUwQSUzQ2F1ZGlvJTIwaWQlM0QlMjJhdWRpbyUyMiUyMHNyYyUzRCUyMmh0dHBzJTNBJTJGJTJGd3d3LmxpYmVydGFkZGlnaXRhbC5jb20uYXIlMkZjb250ZW50JTJGYXVkaW8lMkYzJTJGNjcwNTMubXAzJTIyJTIwcHJlbG9hZCUzRCUyMm1ldGFkYXRhJTIyJTNFJTNDJTJGYXVkaW8lM0UlMEQlMEElMEQlMEElM0NzY3JpcHQlM0UlMEQlMEFjb25zdCUyMGF1ZGlvJTIwJTNEJTIwZG9jdW1lbnQuZ2V0RWxlbWVudEJ5SWQlMjglMjdhdWRpbyUyNyUyOSUzQiUwRCUwQWNvbnN0JTIwYnRuUGxheSUyMCUzRCUyMGRvY3VtZW50LmdldEVsZW1lbnRCeUlkJTI4JTI3YnRuLXBsYXklMjclMjklM0IlMEQlMEFjb25zdCUyMGljb25QbGF5JTIwJTNEJTIwZG9jdW1lbnQuZ2V0RWxlbWVudEJ5SWQlMjglMjdpY29uLXBsYXklMjclMjklM0IlMEQlMEFjb25zdCUyMGljb25QYXVzZSUyMCUzRCUyMGRvY3VtZW50LmdldEVsZW1lbnRCeUlkJTI4JTI3aWNvbi1wYXVzZSUyNyUyOSUzQiUwRCUwQWNvbnN0JTIwcHJvZ0JhciUyMCUzRCUyMGRvY3VtZW50LmdldEVsZW1lbnRCeUlkJTI4JTI3cHJvZy1iYXIlMjclMjklM0IlMEQlMEFjb25zdCUyMHByb2dXcmFwJTIwJTNEJTIwZG9jdW1lbnQuZ2V0RWxlbWVudEJ5SWQlMjglMjdwcm9nLXdyYXAlMjclMjklM0IlMEQlMEFjb25zdCUyMGN1clRpbWUlMjAlM0QlMjBkb2N1bWVudC5nZXRFbGVtZW50QnlJZCUyOCUyN2N1ci10aW1lJTI3JTI5JTNCJTBEJTBBY29uc3QlMjBkdXJUaW1lJTIwJTNEJTIwZG9jdW1lbnQuZ2V0RWxlbWVudEJ5SWQlMjglMjdkdXItdGltZSUyNyUyOSUzQiUwRCUwQWNvbnN0JTIwdm9sJTIwJTNEJTIwZG9jdW1lbnQuZ2V0RWxlbWVudEJ5SWQlMjglMjd2b2wlMjclMjklM0IlMEQlMEElMEQlMEFmdW5jdGlvbiUyMGZtdCUyOHMlMjklMjAlN0IlMEQlMEElMjAlMjBjb25zdCUyMG0lMjAlM0QlMjBNYXRoLmZsb29yJTI4cyUyMCUyRiUyMDYwJTI5JTNCJTBEJTBBJTIwJTIwY29uc3QlMjBzZWMlMjAlM0QlMjBNYXRoLmZsb29yJTI4cyUyMCUyNSUyMDYwJTI5JTNCJTBEJTBBJTIwJTIwcmV0dXJuJTIwbSUyMCUyQiUyMCUyNyUzQSUyNyUyMCUyQiUyMCUyOHNlYyUyMCUzQyUyMDEwJTIwJTNGJTIwJTI3MCUyNyUyMCUzQSUyMCUyNyUyNyUyOSUyMCUyQiUyMHNlYyUzQiUwRCUwQSU3RCUwRCUwQSUwRCUwQWJ0blBsYXkuYWRkRXZlbnRMaXN0ZW5lciUyOCUyN2NsaWNrJTI3JTJDJTIwJTI4JTI5JTIwJTNEJTNFJTIwJTdCJTBEJTBBJTIwJTIwaWYlMjAlMjhhdWRpby5wYXVzZWQlMjklMjAlN0IlMjBhdWRpby5wbGF5JTI4JTI5JTNCJTIwJTdEJTIwZWxzZSUyMCU3QiUyMGF1ZGlvLnBhdXNlJTI4JTI5JTNCJTIwJTdEJTBEJTBBJTdEJTI5JTNCJTBEJTBBYXVkaW8uYWRkRXZlbnRMaXN0ZW5lciUyOCUyN3BsYXklMjclMkMlMjAlMjglMjklMjAlM0QlM0UlMjAlN0IlMEQlMEElMjAlMjBpY29uUGxheS5zdHlsZS5kaXNwbGF5JTIwJTNEJTIwJTI3bm9uZSUyNyUzQiUwRCUwQSUyMCUyMGljb25QYXVzZS5zdHlsZS5kaXNwbGF5JTIwJTNEJTIwJTI3JTI3JTNCJTBEJTBBJTdEJTI5JTNCJTBEJTBBYXVkaW8uYWRkRXZlbnRMaXN0ZW5lciUyOCUyN3BhdXNlJTI3JTJDJTIwJTI4JTI5JTIwJTNEJTNFJTIwJTdCJTBEJTBBJTIwJTIwaWNvblBsYXkuc3R5bGUuZGlzcGxheSUyMCUzRCUyMCUyNyUyNyUzQiUwRCUwQSUyMCUyMGljb25QYXVzZS5zdHlsZS5kaXNwbGF5JTIwJTNEJTIwJTI3bm9uZSUyNyUzQiUwRCUwQSU3RCUyOSUzQiUwRCUwQWF1ZGlvLmFkZEV2ZW50TGlzdGVuZXIlMjglMjd0aW1ldXBkYXRlJTI3JTJDJTIwJTI4JTI5JTIwJTNEJTNFJTIwJTdCJTBEJTBBJTIwJTIwaWYlMjAlMjglMjFhdWRpby5kdXJhdGlvbiUyOSUyMHJldHVybiUzQiUwRCUwQSUyMCUyMHByb2dCYXIuc3R5bGUud2lkdGglMjAlM0QlMjAlMjhhdWRpby5jdXJyZW50VGltZSUyMCUyRiUyMGF1ZGlvLmR1cmF0aW9uJTIwJTJBJTIwMTAwJTI5JTIwJTJCJTIwJTI3JTI1JTI3JTNCJTBEJTBBJTIwJTIwY3VyVGltZS50ZXh0Q29udGVudCUyMCUzRCUyMGZtdCUyOGF1ZGlvLmN1cnJlbnRUaW1lJTI5JTNCJTBEJTBBJTdEJTI5JTNCJTBEJTBBYXVkaW8uYWRkRXZlbnRMaXN0ZW5lciUyOCUyN2xvYWRlZG1ldGFkYXRhJTI3JTJDJTIwJTI4JTI5JTIwJTNEJTNFJTIwJTdCJTBEJTBBJTIwJTIwZHVyVGltZS50ZXh0Q29udGVudCUyMCUzRCUyMGZtdCUyOGF1ZGlvLmR1cmF0aW9uJTI5JTNCJTBEJTBBJTdEJTI5JTNCJTBEJTBBcHJvZ1dyYXAuYWRkRXZlbnRMaXN0ZW5lciUyOCUyN2NsaWNrJTI3JTJDJTIwJTI4ZSUyOSUyMCUzRCUzRSUyMCU3QiUwRCUwQSUyMCUyMGNvbnN0JTIwcmVjdCUyMCUzRCUyMHByb2dXcmFwLmdldEJvdW5kaW5nQ2xpZW50UmVjdCUyOCUyOSUzQiUwRCUwQSUyMCUyMGF1ZGlvLmN1cnJlbnRUaW1lJTIwJTNEJTIwJTI4JTI4ZS5jbGllbnRYJTIwLSUyMHJlY3QubGVmdCUyOSUyMCUyRiUyMHJlY3Qud2lkdGglMjklMjAlMkElMjBhdWRpby5kdXJhdGlvbiUzQiUwRCUwQSU3RCUyOSUzQiUwRCUwQXZvbC5hZGRFdmVudExpc3RlbmVyJTI4JTI3aW5wdXQlMjclMkMlMjAlMjglMjklMjAlM0QlM0UlMjAlN0IlMEQlMEElMjAlMjBhdWRpby52b2x1bWUlMjAlM0QlMjB2b2wudmFsdWUlM0IlMEQlMEElN0QlMjklM0IlMEQlMEElM0MlMkZzY3JpcHQlM0U=[\/vc_raw_html][vc_empty_space][\/vc_column][\/vc_row][vc_row css_animation=&#8221;&#8221; row_type=&#8221;row&#8221; use_row_as_full_screen_section=&#8221;no&#8221; type=&#8221;full_width&#8221; angled_section=&#8221;no&#8221; text_align=&#8221;left&#8221; background_image_as_pattern=&#8221;without_pattern&#8221;][vc_column][vc_column_text css=&#8221;&#8221;]<\/p>\n<div class=\"subtitle\">\n<div><\/div>\n<\/div>\n<p>El presidente de la Fundaci\u00f3n Urunday, Jos\u00e9 Eidman, destac\u00f3 el acompa\u00f1amiento de la comunidad y la importancia del momento para la organizaci\u00f3n.\u00a0<em>&#8220;Fue un momento hermoso, lleno de gente, amigos y autoridades. Es un momento muy esperado para nosotros y se ve que para la gente tambi\u00e9n, porque nos acompa\u00f1\u00f3 y la sala se llen\u00f3&#8221;<\/em>, expres\u00f3.<\/p>\n<p>Durante la presentaci\u00f3n se dieron a conocer los nombres y nacionalidades de los escultores que competir\u00e1n en esta nueva edici\u00f3n, resultado de un proceso de selecci\u00f3n que demand\u00f3 varios meses y que cont\u00f3 con una convocatoria r\u00e9cord.<\/p>\n<p>&nbsp;<\/p>\n<h4 style=\"padding-bottom: 12px;\">Una selecci\u00f3n entre casi 400 artistas<\/h4>\n<p>Seg\u00fan explic\u00f3 Eidman,\u00a0<strong>la Bienal recibi\u00f3 439 postulaciones de artistas de todo el mundo<\/strong>, una cifra que demuestra el creciente inter\u00e9s internacional por participar del certamen.<\/p>\n<p><em>&#8220;Recibimos 439 postulaciones, que es un mont\u00f3n. Despu\u00e9s el reglamento establece determinadas pautas que hay que cumplir y algunos proyectos no se ajustan a esas condiciones. Finalmente quedaron validados 393&#8221;<\/em>, detall\u00f3.<\/p>\n<p>A partir de all\u00ed comenz\u00f3 un proceso de evaluaci\u00f3n en distintas etapas. Primero intervino un grupo de especialistas en artes visuales que realiz\u00f3 una preselecci\u00f3n art\u00edstica. Luego se sum\u00f3 un equipo t\u00e9cnico integrado por ingenieros, arquitectos y paisajistas que evalu\u00f3 aspectos vinculados a la seguridad y viabilidad de las obras, teniendo en cuenta que las esculturas se realizan en el espacio p\u00fablico.<\/p>\n<p><em>&#8220;La particularidad de las obras de la Bienal es que pasan a formar parte del espacio p\u00fablico, por lo que deben cumplir condiciones t\u00e9cnicas y de seguridad adem\u00e1s del valor art\u00edstico&#8221;<\/em>, explic\u00f3.<\/p>\n<p>Tras ese proceso, el equipo curatorial de la fundaci\u00f3n defini\u00f3 la n\u00f3mina final de diez artistas, provenientes de distintos pa\u00edses. Para Eidman, se trata de una de las selecciones m\u00e1s destacadas en la historia del certamen.<\/p>\n<p><em>&#8220;Estamos muy contentos con la calidad de los artistas que participar\u00e1n.\u00a0<strong>Hoy considero que es una de las mejores selecciones que hemos tenido<\/strong>&#8220;<\/em>, asegur\u00f3.<\/p>\n<p>&nbsp;<\/p>\n<h4 style=\"padding-bottom: 12px;\">Artistas de todo el mundo<\/h4>\n<p>Los escultores seleccionados representan a distintos pa\u00edses y tradiciones escult\u00f3ricas. Quienes participar\u00e1n en la edici\u00f3n 2026 son:<\/p>\n<ul>\n<li><strong>Argentina<\/strong>: N\u00e9stor Vildoza;<\/li>\n<li><strong>Bielorrusia<\/strong>: Alex Sorokin;<\/li>\n<li><strong>Bulgaria<\/strong>: Georgi Minchev;<\/li>\n<li><strong>Chile<\/strong>: Mauricio Guajardo;<\/li>\n<li><strong>Espa\u00f1a<\/strong>: Jos\u00e9 Carlos Cabello Mill\u00e1n;<\/li>\n<li><strong>Italia<\/strong>: Francesca Bernardini;<\/li>\n<li><strong>Polonia<\/strong>: Anna Teresa Rasinska;<\/li>\n<li><strong>Turqu\u00eda<\/strong>: Furkan Depeli;<\/li>\n<li><strong>Ucrania<\/strong>: Lyudmyla Mysko;<\/li>\n<li><strong>Uzbekist\u00e1n<\/strong>: Ulash Urakov.<\/li>\n<\/ul>\n<p>Eidman destac\u00f3 especialmente la diversidad geogr\u00e1fica de los participantes y la posibilidad de conocer distintas corrientes de la escultura contempor\u00e1nea.<\/p>\n<p><em>&#8220;La Bienal nos permite acceder a un panorama muy amplio de la escultura mundial. Es importante tener esa diversidad, pero tambi\u00e9n asegurar la trayectoria y la calidad de los artistas, porque las obras que realizan quedan para el patrimonio p\u00fablico&#8221;<\/em>, afirm\u00f3.<\/p>\n<p>&nbsp;<\/p>\n<h4 style=\"padding-bottom: 12px;\">Un taller a cielo abierto<\/h4>\n<p>Como es tradicional, los escultores trabajar\u00e1n en el predio del Domo del Centenario frente al p\u00fablico. Los artistas llegar\u00e1n d\u00edas antes del inicio oficial para instalarse y preparar el trabajo.<\/p>\n<p><em>&#8220;Deben estar en Resistencia el d\u00eda 17 de julio para el acto de apertura y el 18 ya comienzan a trabajar en los horarios establecidos por reglamento. Es un programa muy intenso&#8221;<\/em>, explic\u00f3 Eidman.<\/p>\n<p>&nbsp;<\/p>\n<h4 style=\"padding-bottom: 12px;\">Arte, cultura y participaci\u00f3n popular<\/h4>\n<p>M\u00e1s all\u00e1 del concurso internacional, la Bienal se consolid\u00f3 con el paso de los a\u00f1os como un gran acontecimiento cultural y popular que convoca a miles de visitantes.<\/p>\n<blockquote><p>\u00a0<em>Hoy es uno de los espacios m\u00e1s relevantes de la escultura a cielo abierto a nivel mundial. Pero al mismo tiempo hemos construido un acontecimiento popular, algo que no sucede en ninguna otra parte del mundo<\/em><\/p><\/blockquote>\n<p>El evento incluye m\u00faltiples actividades culturales, educativas y art\u00edsticas abiertas al p\u00fablico, adem\u00e1s de una gran exposici\u00f3n con emprendedores, gastronom\u00eda y empresas.<\/p>\n<p><em>&#8220;La experiencia de arte p\u00fablico que se genera en la Bienal es una de las m\u00e1s importantes de la Argentina por la cantidad de asistentes y por la participaci\u00f3n de la comunidad&#8221;<\/em>, remarc\u00f3.<\/p>\n<p>&nbsp;<\/p>\n<h4 style=\"padding-bottom: 12px;\">Una escultura de yaguaret\u00e9 que invitar\u00e1 al p\u00fablico a participar<\/h4>\n<p>Entre las propuestas destacadas de esta edici\u00f3n tambi\u00e9n se encuentra una obra especial que se realizar\u00e1 fuera de concurso y que buscar\u00e1 involucrar directamente al p\u00fablico. Se trata de una escultura de un yaguaret\u00e9 de gran escala que ser\u00e1 realizada por la artista argentina\u00a0<strong>Desir\u00e9e De Ridder<\/strong>.<\/p>\n<p>Seg\u00fan explic\u00f3 Eidman,\u00a0<strong>la obra tendr\u00e1 aproximadamente tres metros y medio de altura y estar\u00e1 realizada en cer\u00e1mica.<\/strong><em>&#8220;Va a ser un yaguaret\u00e9 erguido, una figura antropom\u00f3rfica de unos tres metros y medio. Es una obra muy potente desde lo simb\u00f3lico y desde lo art\u00edstico&#8221;<\/em>, adelant\u00f3.<\/p>\n<p>El proyecto tendr\u00e1 adem\u00e1s un componente participativo, ya que el p\u00fablico podr\u00e1 formar parte del proceso creativo.\u00a0<strong><em>&#8220;La gente va a estar invitada a amasar con los pies el barro que ella va a utilizar para modelar la escultura&#8221;<\/em>\u00a0<\/strong>, detall\u00f3.<\/p>\n<p>La obra ser\u00e1 cocida posteriormente en el mismo predio de la Bienal, lo que permitir\u00e1 a los visitantes observar cada etapa del proceso.<\/p>\n<p>&nbsp;<\/p>\n<h4 style=\"padding-bottom: 12px;\">Un legado que queda en la ciudad<\/h4>\n<p>Para el titular de la Fundaci\u00f3n Urunday, uno de los mayores valores del evento es el legado que deja en la ciudad a trav\u00e9s de las esculturas que se incorporan al patrimonio p\u00fablico.<\/p>\n<p><em>&#8220;El c\u00edrculo comienza con el evento y termina volviendo a la comunidad, porque las obras quedan para el disfrute de todos y como testimonio de ese proceso creativo del que tambi\u00e9n somos parte&#8221;<\/em>, sostuvo.<\/p>\n<p>Adem\u00e1s, record\u00f3 que la Bienal naci\u00f3 como una iniciativa peque\u00f1a impulsada por un grupo de amigos y que fue la propia comunidad la que impuls\u00f3 su continuidad.<\/p>\n<p><em>&#8220;<strong>Aquel primer concurso en la Plaza 25 de Mayo fue casi un experimento social. No estaba pensado para repetirse, pero fue la gente la que pidi\u00f3 que continuara.<\/strong>\u00a0Hay una construcci\u00f3n muy leg\u00edtima detr\u00e1s de todo esto&#8221;<\/em>, concluy\u00f3.[\/vc_column_text][vc_empty_space height=&#8221;35px&#8221;][vc_video link=&#8221;https:\/\/www.youtube.com\/watch?v=4cWesQHzQd8&#8243; align=&#8221;center&#8221; css=&#8221;&#8221;][vc_empty_space height=&#8221;35px&#8221;][vc_column_text css=&#8221;&#8221;]Fuente:\u00a0 <a href=\"https:\/\/www.libertaddigital.com.ar\/60378-resistencia-construyo-un-acontecimiento-cultural-que-no-sucede-en-ninguna-otra-parte-del-mundo\" target=\"_blank\" rel=\"noopener\">https:\/\/www.libertaddigital.com.ar\/60378-resistencia-construyo-un-acontecimiento-cultural-que-no-sucede-en-ninguna-otra-parte-del-mundo<\/a>[\/vc_column_text][vc_empty_space height=&#8221;100px&#8221;][\/vc_column][\/vc_row]<\/p>\n<\/div>","protected":false},"excerpt":{"rendered":"<p>[vc_row css_animation=&#8221;&#8221; row_type=&#8221;row&#8221; use_row_as_full_screen_section=&#8221;no&#8221; type=&#8221;full_width&#8221; angled_section=&#8221;no&#8221; text_align=&#8221;left&#8221; background_image_as_pattern=&#8221;without_pattern&#8221;][vc_column][vc_column_text css=&#8221;&#8221;] La Fundaci\u00f3n Urunday present\u00f3 oficialmente a los diez artistas seleccionados que participar\u00e1n del Concurso Internacional de Escultura de la Bienal del Chaco 2026, uno de los eventos culturales m\u00e1s importantes de la regi\u00f3n. El lanzamiento se&#8230;<\/p>\n","protected":false},"author":1,"featured_media":1382,"comment_status":"open","ping_status":"open","sticky":false,"template":"","format":"standard","meta":{"footnotes":""},"categories":[1],"tags":[],"class_list":["post-1381","post","type-post","status-publish","format-standard","has-post-thumbnail","hentry","category-sin-categoria"],"yoast_head":"<!-- This site is optimized with the Yoast SEO plugin v25.6 - https:\/\/yoast.com\/wordpress\/plugins\/seo\/ -->\n<title>&quot;Resistencia construy\u00f3 un acontecimiento cultural que no sucede en ninguna otra parte del mundo&quot; - Bienal del Chaco<\/title>\n<meta name=\"robots\" content=\"index, follow, max-snippet:-1, max-image-preview:large, max-video-preview:-1\" \/>\n<link rel=\"canonical\" href=\"https:\/\/bienaldelchaco.org\/2026\/resistencia-construyo-un-acontecimiento-cultural-que-no-sucede-en-ninguna-otra-parte-del-mundo\/\" \/>\n<meta property=\"og:locale\" content=\"es_ES\" \/>\n<meta property=\"og:type\" content=\"article\" \/>\n<meta property=\"og:title\" content=\"&quot;Resistencia construy\u00f3 un acontecimiento cultural que no sucede en ninguna otra parte del mundo&quot; - Bienal del Chaco\" \/>\n<meta property=\"og:description\" content=\"[vc_row css_animation=&#8221;&#8221; row_type=&#8221;row&#8221; use_row_as_full_screen_section=&#8221;no&#8221; type=&#8221;full_width&#8221; angled_section=&#8221;no&#8221; text_align=&#8221;left&#8221; background_image_as_pattern=&#8221;without_pattern&#8221;][vc_column][vc_column_text css=&#8221;&#8221;] La Fundaci\u00f3n Urunday present\u00f3 oficialmente a los diez artistas seleccionados que participar\u00e1n del Concurso Internacional de Escultura de la Bienal del Chaco 2026, uno de los eventos culturales m\u00e1s importantes de la regi\u00f3n. El lanzamiento se...\" \/>\n<meta property=\"og:url\" content=\"https:\/\/bienaldelchaco.org\/2026\/resistencia-construyo-un-acontecimiento-cultural-que-no-sucede-en-ninguna-otra-parte-del-mundo\/\" \/>\n<meta property=\"og:site_name\" content=\"Bienal del Chaco\" \/>\n<meta property=\"article:publisher\" content=\"https:\/\/www.facebook.com\/bienaldelchaco\" \/>\n<meta property=\"article:published_time\" content=\"2026-03-12T23:19:29+00:00\" \/>\n<meta property=\"article:modified_time\" content=\"2026-03-19T23:43:03+00:00\" \/>\n<meta property=\"og:image\" content=\"https:\/\/bienaldelchaco.org\/2026\/wp-content\/uploads\/2026\/03\/67060w850h644c.jpg.webp\" \/>\n\t<meta property=\"og:image:width\" content=\"850\" \/>\n\t<meta property=\"og:image:height\" content=\"644\" \/>\n\t<meta property=\"og:image:type\" content=\"image\/webp\" \/>\n<meta name=\"author\" content=\"bitnessadmin\" \/>\n<meta name=\"twitter:card\" content=\"summary_large_image\" \/>\n<meta name=\"twitter:creator\" content=\"@bienaldelchaco\" \/>\n<meta name=\"twitter:site\" content=\"@bienaldelchaco\" \/>\n<meta name=\"twitter:label1\" content=\"Escrito por\" \/>\n\t<meta name=\"twitter:data1\" content=\"bitnessadmin\" \/>\n\t<meta name=\"twitter:label2\" content=\"Tiempo de lectura\" \/>\n\t<meta name=\"twitter:data2\" content=\"5 minutos\" \/>\n<script type=\"application\/ld+json\" class=\"yoast-schema-graph\">{\"@context\":\"https:\/\/schema.org\",\"@graph\":[{\"@type\":\"Article\",\"@id\":\"https:\/\/bienaldelchaco.org\/2026\/resistencia-construyo-un-acontecimiento-cultural-que-no-sucede-en-ninguna-otra-parte-del-mundo\/#article\",\"isPartOf\":{\"@id\":\"https:\/\/bienaldelchaco.org\/2026\/resistencia-construyo-un-acontecimiento-cultural-que-no-sucede-en-ninguna-otra-parte-del-mundo\/\"},\"author\":{\"name\":\"bitnessadmin\",\"@id\":\"https:\/\/bienaldelchaco.org\/2026\/#\/schema\/person\/1b8918c48c8b750f041d7dcc1614ef18\"},\"headline\":\"&#8220;Resistencia construy\u00f3 un acontecimiento cultural que no sucede en ninguna otra parte del mundo&#8221;\",\"datePublished\":\"2026-03-12T23:19:29+00:00\",\"dateModified\":\"2026-03-19T23:43:03+00:00\",\"mainEntityOfPage\":{\"@id\":\"https:\/\/bienaldelchaco.org\/2026\/resistencia-construyo-un-acontecimiento-cultural-que-no-sucede-en-ninguna-otra-parte-del-mundo\/\"},\"wordCount\":1776,\"commentCount\":0,\"publisher\":{\"@id\":\"https:\/\/bienaldelchaco.org\/2026\/#organization\"},\"image\":{\"@id\":\"https:\/\/bienaldelchaco.org\/2026\/resistencia-construyo-un-acontecimiento-cultural-que-no-sucede-en-ninguna-otra-parte-del-mundo\/#primaryimage\"},\"thumbnailUrl\":\"https:\/\/bienaldelchaco.org\/2026\/wp-content\/uploads\/2026\/03\/67060w850h644c.jpg.webp\",\"inLanguage\":\"es-AR\",\"potentialAction\":[{\"@type\":\"CommentAction\",\"name\":\"Comment\",\"target\":[\"https:\/\/bienaldelchaco.org\/2026\/resistencia-construyo-un-acontecimiento-cultural-que-no-sucede-en-ninguna-otra-parte-del-mundo\/#respond\"]}]},{\"@type\":\"WebPage\",\"@id\":\"https:\/\/bienaldelchaco.org\/2026\/resistencia-construyo-un-acontecimiento-cultural-que-no-sucede-en-ninguna-otra-parte-del-mundo\/\",\"url\":\"https:\/\/bienaldelchaco.org\/2026\/resistencia-construyo-un-acontecimiento-cultural-que-no-sucede-en-ninguna-otra-parte-del-mundo\/\",\"name\":\"\\\"Resistencia construy\u00f3 un acontecimiento cultural que no sucede en ninguna otra parte del mundo\\\" - Bienal del Chaco\",\"isPartOf\":{\"@id\":\"https:\/\/bienaldelchaco.org\/2026\/#website\"},\"primaryImageOfPage\":{\"@id\":\"https:\/\/bienaldelchaco.org\/2026\/resistencia-construyo-un-acontecimiento-cultural-que-no-sucede-en-ninguna-otra-parte-del-mundo\/#primaryimage\"},\"image\":{\"@id\":\"https:\/\/bienaldelchaco.org\/2026\/resistencia-construyo-un-acontecimiento-cultural-que-no-sucede-en-ninguna-otra-parte-del-mundo\/#primaryimage\"},\"thumbnailUrl\":\"https:\/\/bienaldelchaco.org\/2026\/wp-content\/uploads\/2026\/03\/67060w850h644c.jpg.webp\",\"datePublished\":\"2026-03-12T23:19:29+00:00\",\"dateModified\":\"2026-03-19T23:43:03+00:00\",\"breadcrumb\":{\"@id\":\"https:\/\/bienaldelchaco.org\/2026\/resistencia-construyo-un-acontecimiento-cultural-que-no-sucede-en-ninguna-otra-parte-del-mundo\/#breadcrumb\"},\"inLanguage\":\"es-AR\",\"potentialAction\":[{\"@type\":\"ReadAction\",\"target\":[\"https:\/\/bienaldelchaco.org\/2026\/resistencia-construyo-un-acontecimiento-cultural-que-no-sucede-en-ninguna-otra-parte-del-mundo\/\"]}]},{\"@type\":\"ImageObject\",\"inLanguage\":\"es-AR\",\"@id\":\"https:\/\/bienaldelchaco.org\/2026\/resistencia-construyo-un-acontecimiento-cultural-que-no-sucede-en-ninguna-otra-parte-del-mundo\/#primaryimage\",\"url\":\"https:\/\/bienaldelchaco.org\/2026\/wp-content\/uploads\/2026\/03\/67060w850h644c.jpg.webp\",\"contentUrl\":\"https:\/\/bienaldelchaco.org\/2026\/wp-content\/uploads\/2026\/03\/67060w850h644c.jpg.webp\",\"width\":850,\"height\":644},{\"@type\":\"BreadcrumbList\",\"@id\":\"https:\/\/bienaldelchaco.org\/2026\/resistencia-construyo-un-acontecimiento-cultural-que-no-sucede-en-ninguna-otra-parte-del-mundo\/#breadcrumb\",\"itemListElement\":[{\"@type\":\"ListItem\",\"position\":1,\"name\":\"Inicio\",\"item\":\"https:\/\/bienaldelchaco.org\/2026\/\"},{\"@type\":\"ListItem\",\"position\":2,\"name\":\"&#8220;Resistencia construy\u00f3 un acontecimiento cultural que no sucede en ninguna otra parte del mundo&#8221;\"}]},{\"@type\":\"WebSite\",\"@id\":\"https:\/\/bienaldelchaco.org\/2026\/#website\",\"url\":\"https:\/\/bienaldelchaco.org\/2026\/\",\"name\":\"Bienal del Chaco\",\"description\":\"\",\"publisher\":{\"@id\":\"https:\/\/bienaldelchaco.org\/2026\/#organization\"},\"potentialAction\":[{\"@type\":\"SearchAction\",\"target\":{\"@type\":\"EntryPoint\",\"urlTemplate\":\"https:\/\/bienaldelchaco.org\/2026\/?s={search_term_string}\"},\"query-input\":{\"@type\":\"PropertyValueSpecification\",\"valueRequired\":true,\"valueName\":\"search_term_string\"}}],\"inLanguage\":\"es-AR\"},{\"@type\":\"Organization\",\"@id\":\"https:\/\/bienaldelchaco.org\/2026\/#organization\",\"name\":\"Bienal del Chaco\",\"url\":\"https:\/\/bienaldelchaco.org\/2026\/\",\"logo\":{\"@type\":\"ImageObject\",\"inLanguage\":\"es-AR\",\"@id\":\"https:\/\/bienaldelchaco.org\/2026\/#\/schema\/logo\/image\/\",\"url\":\"https:\/\/bienaldelchaco.org\/2026\/wp-content\/uploads\/2025\/04\/web-logo-2026.png\",\"contentUrl\":\"https:\/\/bienaldelchaco.org\/2026\/wp-content\/uploads\/2025\/04\/web-logo-2026.png\",\"width\":145,\"height\":50,\"caption\":\"Bienal del Chaco\"},\"image\":{\"@id\":\"https:\/\/bienaldelchaco.org\/2026\/#\/schema\/logo\/image\/\"},\"sameAs\":[\"https:\/\/www.facebook.com\/bienaldelchaco\",\"https:\/\/x.com\/bienaldelchaco\",\"https:\/\/www.instagram.com\/bienaldelchaco\/\",\"https:\/\/www.youtube.com\/BienaldelChaco\"]},{\"@type\":\"Person\",\"@id\":\"https:\/\/bienaldelchaco.org\/2026\/#\/schema\/person\/1b8918c48c8b750f041d7dcc1614ef18\",\"name\":\"bitnessadmin\",\"image\":{\"@type\":\"ImageObject\",\"inLanguage\":\"es-AR\",\"@id\":\"https:\/\/bienaldelchaco.org\/2026\/#\/schema\/person\/image\/\",\"url\":\"https:\/\/secure.gravatar.com\/avatar\/441b367b6997ee3aae034996bf7b8bf6b85d8dd458e3cd0f1a0f7669a04bb0d9?s=96&d=mm&r=g\",\"contentUrl\":\"https:\/\/secure.gravatar.com\/avatar\/441b367b6997ee3aae034996bf7b8bf6b85d8dd458e3cd0f1a0f7669a04bb0d9?s=96&d=mm&r=g\",\"caption\":\"bitnessadmin\"},\"sameAs\":[\"https:\/\/bienaldelchaco.org\/2026\"],\"url\":\"https:\/\/bienaldelchaco.org\/2026\/author\/bitnessadmin\/\"}]}<\/script>\n<!-- \/ Yoast SEO plugin. -->","yoast_head_json":{"title":"\"Resistencia construy\u00f3 un acontecimiento cultural que no sucede en ninguna otra parte del mundo\" - Bienal del Chaco","robots":{"index":"index","follow":"follow","max-snippet":"max-snippet:-1","max-image-preview":"max-image-preview:large","max-video-preview":"max-video-preview:-1"},"canonical":"https:\/\/bienaldelchaco.org\/2026\/resistencia-construyo-un-acontecimiento-cultural-que-no-sucede-en-ninguna-otra-parte-del-mundo\/","og_locale":"es_ES","og_type":"article","og_title":"\"Resistencia construy\u00f3 un acontecimiento cultural que no sucede en ninguna otra parte del mundo\" - Bienal del Chaco","og_description":"[vc_row css_animation=&#8221;&#8221; row_type=&#8221;row&#8221; use_row_as_full_screen_section=&#8221;no&#8221; type=&#8221;full_width&#8221; angled_section=&#8221;no&#8221; text_align=&#8221;left&#8221; background_image_as_pattern=&#8221;without_pattern&#8221;][vc_column][vc_column_text css=&#8221;&#8221;] La Fundaci\u00f3n Urunday present\u00f3 oficialmente a los diez artistas seleccionados que participar\u00e1n del Concurso Internacional de Escultura de la Bienal del Chaco 2026, uno de los eventos culturales m\u00e1s importantes de la regi\u00f3n. El lanzamiento se...","og_url":"https:\/\/bienaldelchaco.org\/2026\/resistencia-construyo-un-acontecimiento-cultural-que-no-sucede-en-ninguna-otra-parte-del-mundo\/","og_site_name":"Bienal del Chaco","article_publisher":"https:\/\/www.facebook.com\/bienaldelchaco","article_published_time":"2026-03-12T23:19:29+00:00","article_modified_time":"2026-03-19T23:43:03+00:00","og_image":[{"width":850,"height":644,"url":"https:\/\/bienaldelchaco.org\/2026\/wp-content\/uploads\/2026\/03\/67060w850h644c.jpg.webp","type":"image\/webp"}],"author":"bitnessadmin","twitter_card":"summary_large_image","twitter_creator":"@bienaldelchaco","twitter_site":"@bienaldelchaco","twitter_misc":{"Escrito por":"bitnessadmin","Tiempo de lectura":"5 minutos"},"schema":{"@context":"https:\/\/schema.org","@graph":[{"@type":"Article","@id":"https:\/\/bienaldelchaco.org\/2026\/resistencia-construyo-un-acontecimiento-cultural-que-no-sucede-en-ninguna-otra-parte-del-mundo\/#article","isPartOf":{"@id":"https:\/\/bienaldelchaco.org\/2026\/resistencia-construyo-un-acontecimiento-cultural-que-no-sucede-en-ninguna-otra-parte-del-mundo\/"},"author":{"name":"bitnessadmin","@id":"https:\/\/bienaldelchaco.org\/2026\/#\/schema\/person\/1b8918c48c8b750f041d7dcc1614ef18"},"headline":"&#8220;Resistencia construy\u00f3 un acontecimiento cultural que no sucede en ninguna otra parte del mundo&#8221;","datePublished":"2026-03-12T23:19:29+00:00","dateModified":"2026-03-19T23:43:03+00:00","mainEntityOfPage":{"@id":"https:\/\/bienaldelchaco.org\/2026\/resistencia-construyo-un-acontecimiento-cultural-que-no-sucede-en-ninguna-otra-parte-del-mundo\/"},"wordCount":1776,"commentCount":0,"publisher":{"@id":"https:\/\/bienaldelchaco.org\/2026\/#organization"},"image":{"@id":"https:\/\/bienaldelchaco.org\/2026\/resistencia-construyo-un-acontecimiento-cultural-que-no-sucede-en-ninguna-otra-parte-del-mundo\/#primaryimage"},"thumbnailUrl":"https:\/\/bienaldelchaco.org\/2026\/wp-content\/uploads\/2026\/03\/67060w850h644c.jpg.webp","inLanguage":"es-AR","potentialAction":[{"@type":"CommentAction","name":"Comment","target":["https:\/\/bienaldelchaco.org\/2026\/resistencia-construyo-un-acontecimiento-cultural-que-no-sucede-en-ninguna-otra-parte-del-mundo\/#respond"]}]},{"@type":"WebPage","@id":"https:\/\/bienaldelchaco.org\/2026\/resistencia-construyo-un-acontecimiento-cultural-que-no-sucede-en-ninguna-otra-parte-del-mundo\/","url":"https:\/\/bienaldelchaco.org\/2026\/resistencia-construyo-un-acontecimiento-cultural-que-no-sucede-en-ninguna-otra-parte-del-mundo\/","name":"\"Resistencia construy\u00f3 un acontecimiento cultural que no sucede en ninguna otra parte del mundo\" - Bienal del Chaco","isPartOf":{"@id":"https:\/\/bienaldelchaco.org\/2026\/#website"},"primaryImageOfPage":{"@id":"https:\/\/bienaldelchaco.org\/2026\/resistencia-construyo-un-acontecimiento-cultural-que-no-sucede-en-ninguna-otra-parte-del-mundo\/#primaryimage"},"image":{"@id":"https:\/\/bienaldelchaco.org\/2026\/resistencia-construyo-un-acontecimiento-cultural-que-no-sucede-en-ninguna-otra-parte-del-mundo\/#primaryimage"},"thumbnailUrl":"https:\/\/bienaldelchaco.org\/2026\/wp-content\/uploads\/2026\/03\/67060w850h644c.jpg.webp","datePublished":"2026-03-12T23:19:29+00:00","dateModified":"2026-03-19T23:43:03+00:00","breadcrumb":{"@id":"https:\/\/bienaldelchaco.org\/2026\/resistencia-construyo-un-acontecimiento-cultural-que-no-sucede-en-ninguna-otra-parte-del-mundo\/#breadcrumb"},"inLanguage":"es-AR","potentialAction":[{"@type":"ReadAction","target":["https:\/\/bienaldelchaco.org\/2026\/resistencia-construyo-un-acontecimiento-cultural-que-no-sucede-en-ninguna-otra-parte-del-mundo\/"]}]},{"@type":"ImageObject","inLanguage":"es-AR","@id":"https:\/\/bienaldelchaco.org\/2026\/resistencia-construyo-un-acontecimiento-cultural-que-no-sucede-en-ninguna-otra-parte-del-mundo\/#primaryimage","url":"https:\/\/bienaldelchaco.org\/2026\/wp-content\/uploads\/2026\/03\/67060w850h644c.jpg.webp","contentUrl":"https:\/\/bienaldelchaco.org\/2026\/wp-content\/uploads\/2026\/03\/67060w850h644c.jpg.webp","width":850,"height":644},{"@type":"BreadcrumbList","@id":"https:\/\/bienaldelchaco.org\/2026\/resistencia-construyo-un-acontecimiento-cultural-que-no-sucede-en-ninguna-otra-parte-del-mundo\/#breadcrumb","itemListElement":[{"@type":"ListItem","position":1,"name":"Inicio","item":"https:\/\/bienaldelchaco.org\/2026\/"},{"@type":"ListItem","position":2,"name":"&#8220;Resistencia construy\u00f3 un acontecimiento cultural que no sucede en ninguna otra parte del mundo&#8221;"}]},{"@type":"WebSite","@id":"https:\/\/bienaldelchaco.org\/2026\/#website","url":"https:\/\/bienaldelchaco.org\/2026\/","name":"Bienal del Chaco","description":"","publisher":{"@id":"https:\/\/bienaldelchaco.org\/2026\/#organization"},"potentialAction":[{"@type":"SearchAction","target":{"@type":"EntryPoint","urlTemplate":"https:\/\/bienaldelchaco.org\/2026\/?s={search_term_string}"},"query-input":{"@type":"PropertyValueSpecification","valueRequired":true,"valueName":"search_term_string"}}],"inLanguage":"es-AR"},{"@type":"Organization","@id":"https:\/\/bienaldelchaco.org\/2026\/#organization","name":"Bienal del Chaco","url":"https:\/\/bienaldelchaco.org\/2026\/","logo":{"@type":"ImageObject","inLanguage":"es-AR","@id":"https:\/\/bienaldelchaco.org\/2026\/#\/schema\/logo\/image\/","url":"https:\/\/bienaldelchaco.org\/2026\/wp-content\/uploads\/2025\/04\/web-logo-2026.png","contentUrl":"https:\/\/bienaldelchaco.org\/2026\/wp-content\/uploads\/2025\/04\/web-logo-2026.png","width":145,"height":50,"caption":"Bienal del Chaco"},"image":{"@id":"https:\/\/bienaldelchaco.org\/2026\/#\/schema\/logo\/image\/"},"sameAs":["https:\/\/www.facebook.com\/bienaldelchaco","https:\/\/x.com\/bienaldelchaco","https:\/\/www.instagram.com\/bienaldelchaco\/","https:\/\/www.youtube.com\/BienaldelChaco"]},{"@type":"Person","@id":"https:\/\/bienaldelchaco.org\/2026\/#\/schema\/person\/1b8918c48c8b750f041d7dcc1614ef18","name":"bitnessadmin","image":{"@type":"ImageObject","inLanguage":"es-AR","@id":"https:\/\/bienaldelchaco.org\/2026\/#\/schema\/person\/image\/","url":"https:\/\/secure.gravatar.com\/avatar\/441b367b6997ee3aae034996bf7b8bf6b85d8dd458e3cd0f1a0f7669a04bb0d9?s=96&d=mm&r=g","contentUrl":"https:\/\/secure.gravatar.com\/avatar\/441b367b6997ee3aae034996bf7b8bf6b85d8dd458e3cd0f1a0f7669a04bb0d9?s=96&d=mm&r=g","caption":"bitnessadmin"},"sameAs":["https:\/\/bienaldelchaco.org\/2026"],"url":"https:\/\/bienaldelchaco.org\/2026\/author\/bitnessadmin\/"}]}},"_links":{"self":[{"href":"https:\/\/bienaldelchaco.org\/2026\/wp-json\/wp\/v2\/posts\/1381","targetHints":{"allow":["GET"]}}],"collection":[{"href":"https:\/\/bienaldelchaco.org\/2026\/wp-json\/wp\/v2\/posts"}],"about":[{"href":"https:\/\/bienaldelchaco.org\/2026\/wp-json\/wp\/v2\/types\/post"}],"author":[{"embeddable":true,"href":"https:\/\/bienaldelchaco.org\/2026\/wp-json\/wp\/v2\/users\/1"}],"replies":[{"embeddable":true,"href":"https:\/\/bienaldelchaco.org\/2026\/wp-json\/wp\/v2\/comments?post=1381"}],"version-history":[{"count":7,"href":"https:\/\/bienaldelchaco.org\/2026\/wp-json\/wp\/v2\/posts\/1381\/revisions"}],"predecessor-version":[{"id":1389,"href":"https:\/\/bienaldelchaco.org\/2026\/wp-json\/wp\/v2\/posts\/1381\/revisions\/1389"}],"wp:featuredmedia":[{"embeddable":true,"href":"https:\/\/bienaldelchaco.org\/2026\/wp-json\/wp\/v2\/media\/1382"}],"wp:attachment":[{"href":"https:\/\/bienaldelchaco.org\/2026\/wp-json\/wp\/v2\/media?parent=1381"}],"wp:term":[{"taxonomy":"category","embeddable":true,"href":"https:\/\/bienaldelchaco.org\/2026\/wp-json\/wp\/v2\/categories?post=1381"},{"taxonomy":"post_tag","embeddable":true,"href":"https:\/\/bienaldelchaco.org\/2026\/wp-json\/wp\/v2\/tags?post=1381"}],"curies":[{"name":"wp","href":"https:\/\/api.w.org\/{rel}","templated":true}]}}