{"id":1390,"date":"2026-03-07T20:43:29","date_gmt":"2026-03-07T23:43:29","guid":{"rendered":"https:\/\/bienaldelchaco.org\/2026\/?p=1390"},"modified":"2026-03-19T20:46:01","modified_gmt":"2026-03-19T23:46:01","slug":"resistencia-ya-palpita-la-bienal-2026-se-lanzaron-los-nombres-de-los-10-escultores-del-mundo-que-competiran-en-el-chaco","status":"publish","type":"post","link":"https:\/\/bienaldelchaco.org\/2026\/resistencia-ya-palpita-la-bienal-2026-se-lanzaron-los-nombres-de-los-10-escultores-del-mundo-que-competiran-en-el-chaco\/","title":{"rendered":"Resistencia ya palpita la Bienal 2026: se lanzaron los nombres de los 10 escultores del mundo que competir\u00e1n en el Chaco"},"content":{"rendered":"<div class=\"wpb-content-wrapper\"><p>[vc_row css_animation=&#8221;&#8221; row_type=&#8221;row&#8221; use_row_as_full_screen_section=&#8221;no&#8221; type=&#8221;full_width&#8221; angled_section=&#8221;no&#8221; text_align=&#8221;left&#8221; background_image_as_pattern=&#8221;without_pattern&#8221;][vc_column][vc_column_text css=&#8221;&#8221;]<\/p>\n<div class=\"subtitle\">\n<div>\n<p data-path-to-node=\"3\">En un emotivo acto en la Casa de las Culturas, la Fundaci\u00f3n Urunday oficializ\u00f3 la edici\u00f3n que se desarrollar\u00e1 del\u00a0<strong data-path-to-node=\"3\" data-index-in-node=\"114\">17 al 26 de julio<\/strong>. Con representantes de pa\u00edses como Uzbekist\u00e1n, Ucrania y Bielorrusia, el certamen internacional seleccion\u00f3 a sus competidores entre casi 400 proyectos globales. El gobernador Zdero envi\u00f3 su apoyo al &#8220;sue\u00f1o colectivo&#8221; que convierte a la provincia en un museo a cielo abierto.<\/p>\n<\/div>\n<\/div>\n<div class=\"intro\"><!--more--><\/div>\n<p>La &#8220;Capital Nacional de las Esculturas&#8221; inici\u00f3 formalmente la cuenta regresiva para su evento m\u00e1ximo. El lanzamiento oficial de la Bienal Internacional de Esculturas 2026 revel\u00f3 el alt\u00edsimo nivel de convocatoria que mantiene el certamen: se recibieron 393 proyectos de m\u00e1s de 70 pa\u00edses, de los cuales solo 10 maestros fueron elegidos para trabajar en vivo frente al p\u00fablico chaque\u00f1o.<\/p>\n<p>&nbsp;<\/p>\n<h4>Los 10 protagonistas del certamen internacional<\/h4>\n<p>Los artistas que buscar\u00e1n el gran premio en el predio del Domo del Centenario son:<\/p>\n<ul>\n<li>N\u00e9stor Vildoza (Argentina)<\/li>\n<li>Alex Sorokin (Bielorrusia)<\/li>\n<li>Georgi Minchev (Bulgaria)<\/li>\n<li>Mauricio Guajardo (Chile)<\/li>\n<li>Jos\u00e9 Carlos Cabello Mill\u00e1n (Espa\u00f1a)<\/li>\n<li>Francesca Bernardini (Italia)<\/li>\n<li>Anna Teresa Rasi\u0144ska (Polonia)<\/li>\n<li>Furkan Depeli (Turqu\u00eda)<\/li>\n<li>Lyudmyla Mysko (Ucrania)<\/li>\n<li>Ulash Urakov (Uzbekist\u00e1n)Adem\u00e1s, la edici\u00f3n contar\u00e1 con escultores invitados de la talla de Desir\u00e9e De Ridder, Carola Zech, Eka Acosta (Suecia) y Rafael Blasco C\u00edscar (Espa\u00f1a), entre otros, quienes enriquecer\u00e1n el patrimonio con obras fuera de concurso.<\/li>\n<\/ul>\n<h4>EL LEGADO DE FABRICIANO Y LA IDENTIDAD CHAQUE\u00d1A<\/h4>\n<p>Durante la ceremonia, el presidente de la Fundaci\u00f3n Urunday, Jos\u00e9 Eidman, rindi\u00f3 homenaje a la historia del encuentro y a su mentor, Fabriciano G\u00f3mez. &#8220;Sus obras hoy habitan nuestras veredas y bulevares y alimentan un patrimonio que hace de Resistencia una ciudad reconocida por los escultores del mundo&#8221;, afirm\u00f3.<\/p>\n<p>Desde aquel primer concurso en 1988, m\u00e1s de 500 artistas internacionales han pasado por la provincia, destacando siempre el &#8220;calor&#8221; y la hospitalidad del pueblo chaque\u00f1o como un diferencial \u00fanico en el circuito art\u00edstico global.[\/vc_column_text][vc_empty_space height=&#8221;35px&#8221;][vc_column_text css=&#8221;&#8221;]Fuente:\u00a0 <a href=\"https:\/\/www.libertaddigital.com.ar\/60255-resistencia-ya-palpita-la-bienal-2026-se-lanzaron-los-nombres-de-los-10-escultores-del-mundo-que-competiran-en-el-chaco\" target=\"_blank\" rel=\"noopener\">https:\/\/www.libertaddigital.com.ar\/60255-resistencia-ya-palpita-la-bienal-2026-se-lanzaron-los-nombres-de-los-10-escultores-del-mundo-que-competiran-en-el-chaco<\/a>[\/vc_column_text][vc_empty_space height=&#8221;100px&#8221;][\/vc_column][\/vc_row]<\/p>\n<\/div>","protected":false},"excerpt":{"rendered":"<p>[vc_row css_animation=&#8221;&#8221; row_type=&#8221;row&#8221; use_row_as_full_screen_section=&#8221;no&#8221; type=&#8221;full_width&#8221; angled_section=&#8221;no&#8221; text_align=&#8221;left&#8221; background_image_as_pattern=&#8221;without_pattern&#8221;][vc_column][vc_column_text css=&#8221;&#8221;] En un emotivo acto en la Casa de las Culturas, la Fundaci\u00f3n Urunday oficializ\u00f3 la edici\u00f3n que se desarrollar\u00e1 del\u00a017 al 26 de julio. Con representantes de pa\u00edses como Uzbekist\u00e1n, Ucrania y Bielorrusia, el certamen internacional&#8230;<\/p>\n","protected":false},"author":1,"featured_media":1391,"comment_status":"open","ping_status":"open","sticky":false,"template":"","format":"standard","meta":{"footnotes":""},"categories":[1],"tags":[],"class_list":["post-1390","post","type-post","status-publish","format-standard","has-post-thumbnail","hentry","category-sin-categoria"],"yoast_head":"<!-- This site is optimized with the Yoast SEO plugin v25.6 - https:\/\/yoast.com\/wordpress\/plugins\/seo\/ -->\n<title>Resistencia ya palpita la Bienal 2026: se lanzaron los nombres de los 10 escultores del mundo que competir\u00e1n en el Chaco - Bienal del Chaco<\/title>\n<meta name=\"robots\" content=\"index, follow, max-snippet:-1, max-image-preview:large, max-video-preview:-1\" \/>\n<link rel=\"canonical\" href=\"https:\/\/bienaldelchaco.org\/2026\/resistencia-ya-palpita-la-bienal-2026-se-lanzaron-los-nombres-de-los-10-escultores-del-mundo-que-competiran-en-el-chaco\/\" \/>\n<meta property=\"og:locale\" content=\"es_ES\" \/>\n<meta property=\"og:type\" content=\"article\" \/>\n<meta property=\"og:title\" content=\"Resistencia ya palpita la Bienal 2026: se lanzaron los nombres de los 10 escultores del mundo que competir\u00e1n en el Chaco - Bienal del Chaco\" \/>\n<meta property=\"og:description\" content=\"[vc_row css_animation=&#8221;&#8221; row_type=&#8221;row&#8221; use_row_as_full_screen_section=&#8221;no&#8221; type=&#8221;full_width&#8221; angled_section=&#8221;no&#8221; text_align=&#8221;left&#8221; background_image_as_pattern=&#8221;without_pattern&#8221;][vc_column][vc_column_text css=&#8221;&#8221;] En un emotivo acto en la Casa de las Culturas, la Fundaci\u00f3n Urunday oficializ\u00f3 la edici\u00f3n que se desarrollar\u00e1 del\u00a017 al 26 de julio. Con representantes de pa\u00edses como Uzbekist\u00e1n, Ucrania y Bielorrusia, el certamen internacional...\" \/>\n<meta property=\"og:url\" content=\"https:\/\/bienaldelchaco.org\/2026\/resistencia-ya-palpita-la-bienal-2026-se-lanzaron-los-nombres-de-los-10-escultores-del-mundo-que-competiran-en-el-chaco\/\" \/>\n<meta property=\"og:site_name\" content=\"Bienal del Chaco\" \/>\n<meta property=\"article:publisher\" content=\"https:\/\/www.facebook.com\/bienaldelchaco\" \/>\n<meta property=\"article:published_time\" content=\"2026-03-07T23:43:29+00:00\" \/>\n<meta property=\"article:modified_time\" content=\"2026-03-19T23:46:01+00:00\" \/>\n<meta property=\"og:image\" content=\"https:\/\/bienaldelchaco.org\/2026\/wp-content\/uploads\/2026\/03\/66874w850h638c.jpg.webp\" \/>\n\t<meta property=\"og:image:width\" content=\"850\" \/>\n\t<meta property=\"og:image:height\" content=\"638\" \/>\n\t<meta property=\"og:image:type\" content=\"image\/webp\" \/>\n<meta name=\"author\" content=\"bitnessadmin\" \/>\n<meta name=\"twitter:card\" content=\"summary_large_image\" \/>\n<meta name=\"twitter:creator\" content=\"@bienaldelchaco\" \/>\n<meta name=\"twitter:site\" content=\"@bienaldelchaco\" \/>\n<meta name=\"twitter:label1\" content=\"Escrito por\" \/>\n\t<meta name=\"twitter:data1\" content=\"bitnessadmin\" \/>\n\t<meta name=\"twitter:label2\" content=\"Tiempo de lectura\" \/>\n\t<meta name=\"twitter:data2\" content=\"2 minutos\" \/>\n<script type=\"application\/ld+json\" class=\"yoast-schema-graph\">{\"@context\":\"https:\/\/schema.org\",\"@graph\":[{\"@type\":\"Article\",\"@id\":\"https:\/\/bienaldelchaco.org\/2026\/resistencia-ya-palpita-la-bienal-2026-se-lanzaron-los-nombres-de-los-10-escultores-del-mundo-que-competiran-en-el-chaco\/#article\",\"isPartOf\":{\"@id\":\"https:\/\/bienaldelchaco.org\/2026\/resistencia-ya-palpita-la-bienal-2026-se-lanzaron-los-nombres-de-los-10-escultores-del-mundo-que-competiran-en-el-chaco\/\"},\"author\":{\"name\":\"bitnessadmin\",\"@id\":\"https:\/\/bienaldelchaco.org\/2026\/#\/schema\/person\/1b8918c48c8b750f041d7dcc1614ef18\"},\"headline\":\"Resistencia ya palpita la Bienal 2026: se lanzaron los nombres de los 10 escultores del mundo que competir\u00e1n en el Chaco\",\"datePublished\":\"2026-03-07T23:43:29+00:00\",\"dateModified\":\"2026-03-19T23:46:01+00:00\",\"mainEntityOfPage\":{\"@id\":\"https:\/\/bienaldelchaco.org\/2026\/resistencia-ya-palpita-la-bienal-2026-se-lanzaron-los-nombres-de-los-10-escultores-del-mundo-que-competiran-en-el-chaco\/\"},\"wordCount\":416,\"commentCount\":0,\"publisher\":{\"@id\":\"https:\/\/bienaldelchaco.org\/2026\/#organization\"},\"image\":{\"@id\":\"https:\/\/bienaldelchaco.org\/2026\/resistencia-ya-palpita-la-bienal-2026-se-lanzaron-los-nombres-de-los-10-escultores-del-mundo-que-competiran-en-el-chaco\/#primaryimage\"},\"thumbnailUrl\":\"https:\/\/bienaldelchaco.org\/2026\/wp-content\/uploads\/2026\/03\/66874w850h638c.jpg.webp\",\"inLanguage\":\"es-AR\",\"potentialAction\":[{\"@type\":\"CommentAction\",\"name\":\"Comment\",\"target\":[\"https:\/\/bienaldelchaco.org\/2026\/resistencia-ya-palpita-la-bienal-2026-se-lanzaron-los-nombres-de-los-10-escultores-del-mundo-que-competiran-en-el-chaco\/#respond\"]}]},{\"@type\":\"WebPage\",\"@id\":\"https:\/\/bienaldelchaco.org\/2026\/resistencia-ya-palpita-la-bienal-2026-se-lanzaron-los-nombres-de-los-10-escultores-del-mundo-que-competiran-en-el-chaco\/\",\"url\":\"https:\/\/bienaldelchaco.org\/2026\/resistencia-ya-palpita-la-bienal-2026-se-lanzaron-los-nombres-de-los-10-escultores-del-mundo-que-competiran-en-el-chaco\/\",\"name\":\"Resistencia ya palpita la Bienal 2026: se lanzaron los nombres de los 10 escultores del mundo que competir\u00e1n en el Chaco - Bienal del Chaco\",\"isPartOf\":{\"@id\":\"https:\/\/bienaldelchaco.org\/2026\/#website\"},\"primaryImageOfPage\":{\"@id\":\"https:\/\/bienaldelchaco.org\/2026\/resistencia-ya-palpita-la-bienal-2026-se-lanzaron-los-nombres-de-los-10-escultores-del-mundo-que-competiran-en-el-chaco\/#primaryimage\"},\"image\":{\"@id\":\"https:\/\/bienaldelchaco.org\/2026\/resistencia-ya-palpita-la-bienal-2026-se-lanzaron-los-nombres-de-los-10-escultores-del-mundo-que-competiran-en-el-chaco\/#primaryimage\"},\"thumbnailUrl\":\"https:\/\/bienaldelchaco.org\/2026\/wp-content\/uploads\/2026\/03\/66874w850h638c.jpg.webp\",\"datePublished\":\"2026-03-07T23:43:29+00:00\",\"dateModified\":\"2026-03-19T23:46:01+00:00\",\"breadcrumb\":{\"@id\":\"https:\/\/bienaldelchaco.org\/2026\/resistencia-ya-palpita-la-bienal-2026-se-lanzaron-los-nombres-de-los-10-escultores-del-mundo-que-competiran-en-el-chaco\/#breadcrumb\"},\"inLanguage\":\"es-AR\",\"potentialAction\":[{\"@type\":\"ReadAction\",\"target\":[\"https:\/\/bienaldelchaco.org\/2026\/resistencia-ya-palpita-la-bienal-2026-se-lanzaron-los-nombres-de-los-10-escultores-del-mundo-que-competiran-en-el-chaco\/\"]}]},{\"@type\":\"ImageObject\",\"inLanguage\":\"es-AR\",\"@id\":\"https:\/\/bienaldelchaco.org\/2026\/resistencia-ya-palpita-la-bienal-2026-se-lanzaron-los-nombres-de-los-10-escultores-del-mundo-que-competiran-en-el-chaco\/#primaryimage\",\"url\":\"https:\/\/bienaldelchaco.org\/2026\/wp-content\/uploads\/2026\/03\/66874w850h638c.jpg.webp\",\"contentUrl\":\"https:\/\/bienaldelchaco.org\/2026\/wp-content\/uploads\/2026\/03\/66874w850h638c.jpg.webp\",\"width\":850,\"height\":638},{\"@type\":\"BreadcrumbList\",\"@id\":\"https:\/\/bienaldelchaco.org\/2026\/resistencia-ya-palpita-la-bienal-2026-se-lanzaron-los-nombres-de-los-10-escultores-del-mundo-que-competiran-en-el-chaco\/#breadcrumb\",\"itemListElement\":[{\"@type\":\"ListItem\",\"position\":1,\"name\":\"Inicio\",\"item\":\"https:\/\/bienaldelchaco.org\/2026\/\"},{\"@type\":\"ListItem\",\"position\":2,\"name\":\"Resistencia ya palpita la Bienal 2026: se lanzaron los nombres de los 10 escultores del mundo que competir\u00e1n en el Chaco\"}]},{\"@type\":\"WebSite\",\"@id\":\"https:\/\/bienaldelchaco.org\/2026\/#website\",\"url\":\"https:\/\/bienaldelchaco.org\/2026\/\",\"name\":\"Bienal del Chaco\",\"description\":\"\",\"publisher\":{\"@id\":\"https:\/\/bienaldelchaco.org\/2026\/#organization\"},\"potentialAction\":[{\"@type\":\"SearchAction\",\"target\":{\"@type\":\"EntryPoint\",\"urlTemplate\":\"https:\/\/bienaldelchaco.org\/2026\/?s={search_term_string}\"},\"query-input\":{\"@type\":\"PropertyValueSpecification\",\"valueRequired\":true,\"valueName\":\"search_term_string\"}}],\"inLanguage\":\"es-AR\"},{\"@type\":\"Organization\",\"@id\":\"https:\/\/bienaldelchaco.org\/2026\/#organization\",\"name\":\"Bienal del Chaco\",\"url\":\"https:\/\/bienaldelchaco.org\/2026\/\",\"logo\":{\"@type\":\"ImageObject\",\"inLanguage\":\"es-AR\",\"@id\":\"https:\/\/bienaldelchaco.org\/2026\/#\/schema\/logo\/image\/\",\"url\":\"https:\/\/bienaldelchaco.org\/2026\/wp-content\/uploads\/2025\/04\/web-logo-2026.png\",\"contentUrl\":\"https:\/\/bienaldelchaco.org\/2026\/wp-content\/uploads\/2025\/04\/web-logo-2026.png\",\"width\":145,\"height\":50,\"caption\":\"Bienal del Chaco\"},\"image\":{\"@id\":\"https:\/\/bienaldelchaco.org\/2026\/#\/schema\/logo\/image\/\"},\"sameAs\":[\"https:\/\/www.facebook.com\/bienaldelchaco\",\"https:\/\/x.com\/bienaldelchaco\",\"https:\/\/www.instagram.com\/bienaldelchaco\/\",\"https:\/\/www.youtube.com\/BienaldelChaco\"]},{\"@type\":\"Person\",\"@id\":\"https:\/\/bienaldelchaco.org\/2026\/#\/schema\/person\/1b8918c48c8b750f041d7dcc1614ef18\",\"name\":\"bitnessadmin\",\"image\":{\"@type\":\"ImageObject\",\"inLanguage\":\"es-AR\",\"@id\":\"https:\/\/bienaldelchaco.org\/2026\/#\/schema\/person\/image\/\",\"url\":\"https:\/\/secure.gravatar.com\/avatar\/441b367b6997ee3aae034996bf7b8bf6b85d8dd458e3cd0f1a0f7669a04bb0d9?s=96&d=mm&r=g\",\"contentUrl\":\"https:\/\/secure.gravatar.com\/avatar\/441b367b6997ee3aae034996bf7b8bf6b85d8dd458e3cd0f1a0f7669a04bb0d9?s=96&d=mm&r=g\",\"caption\":\"bitnessadmin\"},\"sameAs\":[\"https:\/\/bienaldelchaco.org\/2026\"],\"url\":\"https:\/\/bienaldelchaco.org\/2026\/author\/bitnessadmin\/\"}]}<\/script>\n<!-- \/ Yoast SEO plugin. -->","yoast_head_json":{"title":"Resistencia ya palpita la Bienal 2026: se lanzaron los nombres de los 10 escultores del mundo que competir\u00e1n en el Chaco - Bienal del Chaco","robots":{"index":"index","follow":"follow","max-snippet":"max-snippet:-1","max-image-preview":"max-image-preview:large","max-video-preview":"max-video-preview:-1"},"canonical":"https:\/\/bienaldelchaco.org\/2026\/resistencia-ya-palpita-la-bienal-2026-se-lanzaron-los-nombres-de-los-10-escultores-del-mundo-que-competiran-en-el-chaco\/","og_locale":"es_ES","og_type":"article","og_title":"Resistencia ya palpita la Bienal 2026: se lanzaron los nombres de los 10 escultores del mundo que competir\u00e1n en el Chaco - Bienal del Chaco","og_description":"[vc_row css_animation=&#8221;&#8221; row_type=&#8221;row&#8221; use_row_as_full_screen_section=&#8221;no&#8221; type=&#8221;full_width&#8221; angled_section=&#8221;no&#8221; text_align=&#8221;left&#8221; background_image_as_pattern=&#8221;without_pattern&#8221;][vc_column][vc_column_text css=&#8221;&#8221;] En un emotivo acto en la Casa de las Culturas, la Fundaci\u00f3n Urunday oficializ\u00f3 la edici\u00f3n que se desarrollar\u00e1 del\u00a017 al 26 de julio. Con representantes de pa\u00edses como Uzbekist\u00e1n, Ucrania y Bielorrusia, el certamen internacional...","og_url":"https:\/\/bienaldelchaco.org\/2026\/resistencia-ya-palpita-la-bienal-2026-se-lanzaron-los-nombres-de-los-10-escultores-del-mundo-que-competiran-en-el-chaco\/","og_site_name":"Bienal del Chaco","article_publisher":"https:\/\/www.facebook.com\/bienaldelchaco","article_published_time":"2026-03-07T23:43:29+00:00","article_modified_time":"2026-03-19T23:46:01+00:00","og_image":[{"width":850,"height":638,"url":"https:\/\/bienaldelchaco.org\/2026\/wp-content\/uploads\/2026\/03\/66874w850h638c.jpg.webp","type":"image\/webp"}],"author":"bitnessadmin","twitter_card":"summary_large_image","twitter_creator":"@bienaldelchaco","twitter_site":"@bienaldelchaco","twitter_misc":{"Escrito por":"bitnessadmin","Tiempo de lectura":"2 minutos"},"schema":{"@context":"https:\/\/schema.org","@graph":[{"@type":"Article","@id":"https:\/\/bienaldelchaco.org\/2026\/resistencia-ya-palpita-la-bienal-2026-se-lanzaron-los-nombres-de-los-10-escultores-del-mundo-que-competiran-en-el-chaco\/#article","isPartOf":{"@id":"https:\/\/bienaldelchaco.org\/2026\/resistencia-ya-palpita-la-bienal-2026-se-lanzaron-los-nombres-de-los-10-escultores-del-mundo-que-competiran-en-el-chaco\/"},"author":{"name":"bitnessadmin","@id":"https:\/\/bienaldelchaco.org\/2026\/#\/schema\/person\/1b8918c48c8b750f041d7dcc1614ef18"},"headline":"Resistencia ya palpita la Bienal 2026: se lanzaron los nombres de los 10 escultores del mundo que competir\u00e1n en el Chaco","datePublished":"2026-03-07T23:43:29+00:00","dateModified":"2026-03-19T23:46:01+00:00","mainEntityOfPage":{"@id":"https:\/\/bienaldelchaco.org\/2026\/resistencia-ya-palpita-la-bienal-2026-se-lanzaron-los-nombres-de-los-10-escultores-del-mundo-que-competiran-en-el-chaco\/"},"wordCount":416,"commentCount":0,"publisher":{"@id":"https:\/\/bienaldelchaco.org\/2026\/#organization"},"image":{"@id":"https:\/\/bienaldelchaco.org\/2026\/resistencia-ya-palpita-la-bienal-2026-se-lanzaron-los-nombres-de-los-10-escultores-del-mundo-que-competiran-en-el-chaco\/#primaryimage"},"thumbnailUrl":"https:\/\/bienaldelchaco.org\/2026\/wp-content\/uploads\/2026\/03\/66874w850h638c.jpg.webp","inLanguage":"es-AR","potentialAction":[{"@type":"CommentAction","name":"Comment","target":["https:\/\/bienaldelchaco.org\/2026\/resistencia-ya-palpita-la-bienal-2026-se-lanzaron-los-nombres-de-los-10-escultores-del-mundo-que-competiran-en-el-chaco\/#respond"]}]},{"@type":"WebPage","@id":"https:\/\/bienaldelchaco.org\/2026\/resistencia-ya-palpita-la-bienal-2026-se-lanzaron-los-nombres-de-los-10-escultores-del-mundo-que-competiran-en-el-chaco\/","url":"https:\/\/bienaldelchaco.org\/2026\/resistencia-ya-palpita-la-bienal-2026-se-lanzaron-los-nombres-de-los-10-escultores-del-mundo-que-competiran-en-el-chaco\/","name":"Resistencia ya palpita la Bienal 2026: se lanzaron los nombres de los 10 escultores del mundo que competir\u00e1n en el Chaco - Bienal del Chaco","isPartOf":{"@id":"https:\/\/bienaldelchaco.org\/2026\/#website"},"primaryImageOfPage":{"@id":"https:\/\/bienaldelchaco.org\/2026\/resistencia-ya-palpita-la-bienal-2026-se-lanzaron-los-nombres-de-los-10-escultores-del-mundo-que-competiran-en-el-chaco\/#primaryimage"},"image":{"@id":"https:\/\/bienaldelchaco.org\/2026\/resistencia-ya-palpita-la-bienal-2026-se-lanzaron-los-nombres-de-los-10-escultores-del-mundo-que-competiran-en-el-chaco\/#primaryimage"},"thumbnailUrl":"https:\/\/bienaldelchaco.org\/2026\/wp-content\/uploads\/2026\/03\/66874w850h638c.jpg.webp","datePublished":"2026-03-07T23:43:29+00:00","dateModified":"2026-03-19T23:46:01+00:00","breadcrumb":{"@id":"https:\/\/bienaldelchaco.org\/2026\/resistencia-ya-palpita-la-bienal-2026-se-lanzaron-los-nombres-de-los-10-escultores-del-mundo-que-competiran-en-el-chaco\/#breadcrumb"},"inLanguage":"es-AR","potentialAction":[{"@type":"ReadAction","target":["https:\/\/bienaldelchaco.org\/2026\/resistencia-ya-palpita-la-bienal-2026-se-lanzaron-los-nombres-de-los-10-escultores-del-mundo-que-competiran-en-el-chaco\/"]}]},{"@type":"ImageObject","inLanguage":"es-AR","@id":"https:\/\/bienaldelchaco.org\/2026\/resistencia-ya-palpita-la-bienal-2026-se-lanzaron-los-nombres-de-los-10-escultores-del-mundo-que-competiran-en-el-chaco\/#primaryimage","url":"https:\/\/bienaldelchaco.org\/2026\/wp-content\/uploads\/2026\/03\/66874w850h638c.jpg.webp","contentUrl":"https:\/\/bienaldelchaco.org\/2026\/wp-content\/uploads\/2026\/03\/66874w850h638c.jpg.webp","width":850,"height":638},{"@type":"BreadcrumbList","@id":"https:\/\/bienaldelchaco.org\/2026\/resistencia-ya-palpita-la-bienal-2026-se-lanzaron-los-nombres-de-los-10-escultores-del-mundo-que-competiran-en-el-chaco\/#breadcrumb","itemListElement":[{"@type":"ListItem","position":1,"name":"Inicio","item":"https:\/\/bienaldelchaco.org\/2026\/"},{"@type":"ListItem","position":2,"name":"Resistencia ya palpita la Bienal 2026: se lanzaron los nombres de los 10 escultores del mundo que competir\u00e1n en el Chaco"}]},{"@type":"WebSite","@id":"https:\/\/bienaldelchaco.org\/2026\/#website","url":"https:\/\/bienaldelchaco.org\/2026\/","name":"Bienal del Chaco","description":"","publisher":{"@id":"https:\/\/bienaldelchaco.org\/2026\/#organization"},"potentialAction":[{"@type":"SearchAction","target":{"@type":"EntryPoint","urlTemplate":"https:\/\/bienaldelchaco.org\/2026\/?s={search_term_string}"},"query-input":{"@type":"PropertyValueSpecification","valueRequired":true,"valueName":"search_term_string"}}],"inLanguage":"es-AR"},{"@type":"Organization","@id":"https:\/\/bienaldelchaco.org\/2026\/#organization","name":"Bienal del Chaco","url":"https:\/\/bienaldelchaco.org\/2026\/","logo":{"@type":"ImageObject","inLanguage":"es-AR","@id":"https:\/\/bienaldelchaco.org\/2026\/#\/schema\/logo\/image\/","url":"https:\/\/bienaldelchaco.org\/2026\/wp-content\/uploads\/2025\/04\/web-logo-2026.png","contentUrl":"https:\/\/bienaldelchaco.org\/2026\/wp-content\/uploads\/2025\/04\/web-logo-2026.png","width":145,"height":50,"caption":"Bienal del Chaco"},"image":{"@id":"https:\/\/bienaldelchaco.org\/2026\/#\/schema\/logo\/image\/"},"sameAs":["https:\/\/www.facebook.com\/bienaldelchaco","https:\/\/x.com\/bienaldelchaco","https:\/\/www.instagram.com\/bienaldelchaco\/","https:\/\/www.youtube.com\/BienaldelChaco"]},{"@type":"Person","@id":"https:\/\/bienaldelchaco.org\/2026\/#\/schema\/person\/1b8918c48c8b750f041d7dcc1614ef18","name":"bitnessadmin","image":{"@type":"ImageObject","inLanguage":"es-AR","@id":"https:\/\/bienaldelchaco.org\/2026\/#\/schema\/person\/image\/","url":"https:\/\/secure.gravatar.com\/avatar\/441b367b6997ee3aae034996bf7b8bf6b85d8dd458e3cd0f1a0f7669a04bb0d9?s=96&d=mm&r=g","contentUrl":"https:\/\/secure.gravatar.com\/avatar\/441b367b6997ee3aae034996bf7b8bf6b85d8dd458e3cd0f1a0f7669a04bb0d9?s=96&d=mm&r=g","caption":"bitnessadmin"},"sameAs":["https:\/\/bienaldelchaco.org\/2026"],"url":"https:\/\/bienaldelchaco.org\/2026\/author\/bitnessadmin\/"}]}},"_links":{"self":[{"href":"https:\/\/bienaldelchaco.org\/2026\/wp-json\/wp\/v2\/posts\/1390","targetHints":{"allow":["GET"]}}],"collection":[{"href":"https:\/\/bienaldelchaco.org\/2026\/wp-json\/wp\/v2\/posts"}],"about":[{"href":"https:\/\/bienaldelchaco.org\/2026\/wp-json\/wp\/v2\/types\/post"}],"author":[{"embeddable":true,"href":"https:\/\/bienaldelchaco.org\/2026\/wp-json\/wp\/v2\/users\/1"}],"replies":[{"embeddable":true,"href":"https:\/\/bienaldelchaco.org\/2026\/wp-json\/wp\/v2\/comments?post=1390"}],"version-history":[{"count":1,"href":"https:\/\/bienaldelchaco.org\/2026\/wp-json\/wp\/v2\/posts\/1390\/revisions"}],"predecessor-version":[{"id":1392,"href":"https:\/\/bienaldelchaco.org\/2026\/wp-json\/wp\/v2\/posts\/1390\/revisions\/1392"}],"wp:featuredmedia":[{"embeddable":true,"href":"https:\/\/bienaldelchaco.org\/2026\/wp-json\/wp\/v2\/media\/1391"}],"wp:attachment":[{"href":"https:\/\/bienaldelchaco.org\/2026\/wp-json\/wp\/v2\/media?parent=1390"}],"wp:term":[{"taxonomy":"category","embeddable":true,"href":"https:\/\/bienaldelchaco.org\/2026\/wp-json\/wp\/v2\/categories?post=1390"},{"taxonomy":"post_tag","embeddable":true,"href":"https:\/\/bienaldelchaco.org\/2026\/wp-json\/wp\/v2\/tags?post=1390"}],"curies":[{"name":"wp","href":"https:\/\/api.w.org\/{rel}","templated":true}]}}