{"id":1393,"date":"2026-03-06T20:47:02","date_gmt":"2026-03-06T23:47:02","guid":{"rendered":"https:\/\/bienaldelchaco.org\/2026\/?p=1393"},"modified":"2026-03-19T20:52:15","modified_gmt":"2026-03-19T23:52:15","slug":"chaco-presento-a-los-diez-escultores-que-participaran-en-la-bienal-2026","status":"publish","type":"post","link":"https:\/\/bienaldelchaco.org\/2026\/chaco-presento-a-los-diez-escultores-que-participaran-en-la-bienal-2026\/","title":{"rendered":"Chaco present\u00f3 a los diez escultores que participar\u00e1n en la Bienal 2026"},"content":{"rendered":"<div class=\"wpb-content-wrapper\"><p>[vc_row css_animation=&#8221;&#8221; row_type=&#8221;row&#8221; use_row_as_full_screen_section=&#8221;no&#8221; type=&#8221;full_width&#8221; angled_section=&#8221;no&#8221; text_align=&#8221;left&#8221; background_image_as_pattern=&#8221;without_pattern&#8221;][vc_column][vc_column_text css=&#8221;&#8221;]<\/p>\n<div class=\"subtitle\">\n<div>\n<p>Resistencia ya palpita su certamen internacional. Este viernes se conocieron todos los detalles del evento m\u00e1s esperado del inviermo.<\/p>\n<\/div>\n<\/div>\n<div class=\"intro\"><!--more--><\/div>\n<p>El Chaco present\u00f3 este viernes 6 de marzo la Bienal 2026, que se desarrollar\u00e1 del 17 al 26 de julio. El acto fue multitudinario y se desarroll\u00f3 en el auditorio de la Casa de las Culturas de Resistencia.<\/p>\n<p>Por la Fundaci\u00f3n Urunday, su titular Jos\u00e9 Eidman pidi\u00f3 un aplauso para los escultores en su d\u00eda y dedic\u00f3 un recuerdo especial al promotor de los primeros cert\u00e1menes, Fabriciano G\u00f3mez.<\/p>\n<p>El presidente de la fundaci\u00f3n record\u00f3 que en 38 a\u00f1os cada edici\u00f3n sostiene &#8220;un compromiso constante con la mejora, con v\u00ednculos en el exterior por una experiencia de arte p\u00fablico que cada dos a\u00f1os posiciona a Resistencia como uno de los destinos culturales de Argentina&#8221;.<\/p>\n<p>Acto seguido se dio a conocer el nombre de los escultores invitados y una carta del gobernador Leandro Zdero, que no pudo asistir, agradeciendo a todos los que contribuyen a engrandecer la Bienal Internacional de Esculturas del Chaco.<\/p>\n<p>&nbsp;<\/p>\n<div class=\" large m_image\"><\/div>\n<p><img loading=\"lazy\" decoding=\"async\" class=\"aligncenter wp-image-1396 size-full\" src=\"https:\/\/bienaldelchaco.org\/2026\/wp-content\/uploads\/2026\/03\/449126w790h593c.jpg.webp\" alt=\"\" width=\"790\" height=\"593\" srcset=\"https:\/\/bienaldelchaco.org\/2026\/wp-content\/uploads\/2026\/03\/449126w790h593c.jpg.webp 790w, https:\/\/bienaldelchaco.org\/2026\/wp-content\/uploads\/2026\/03\/449126w790h593c.jpg-300x225.webp 300w, https:\/\/bienaldelchaco.org\/2026\/wp-content\/uploads\/2026\/03\/449126w790h593c.jpg-768x576.webp 768w, https:\/\/bienaldelchaco.org\/2026\/wp-content\/uploads\/2026\/03\/449126w790h593c.jpg-700x525.webp 700w\" sizes=\"auto, (max-width: 790px) 100vw, 790px\" \/><\/p>\n<p>Finalmente el presidente del Instituto de Cultura Mario Zorrilla formaliz\u00f3 el acto de presentaci\u00f3n. &#8220;La cultura es un motor de desarrollo, y cada obra que nace en la bienal es un s\u00edmbolo de futuro. Que el arte vuelva a encontrarse con la ciudadan\u00eda&#8221;, convoc\u00f3.<\/p>\n<p>La Bienal Internacional de Escultura de este a\u00f1o recibi\u00f3 postulaciones de 70 pa\u00edses. La selecci\u00f3n determin\u00f3 que los 10 artistas que vendr\u00e1n a Resistencia son:<\/p>\n<p>N\u00e9stor Vildoza (Argentina), Alex Sorokin (Bielorrusia), Georgi Minchev (Bulgaria), Mauricio Guajardo (Chile), Jos\u00e9 Carlos Cabello Mill\u00e1n (Espa\u00f1a), Francesca Bernardini (Italia), Anna Teresa Rasinska (Polonia), Furkan Depeli (Turqu\u00eda), Lyudmyla Mysko (Ucrania) y Ulash Urakov (Uzbekist\u00e1n).<\/p>\n<p>&nbsp;<\/p>\n<div class=\" large m_image\"><\/div>\n<p><img loading=\"lazy\" decoding=\"async\" class=\"aligncenter wp-image-1395 size-full\" src=\"https:\/\/bienaldelchaco.org\/2026\/wp-content\/uploads\/2026\/03\/449123w790h561c.jpg.webp\" alt=\"\" width=\"790\" height=\"561\" srcset=\"https:\/\/bienaldelchaco.org\/2026\/wp-content\/uploads\/2026\/03\/449123w790h561c.jpg.webp 790w, https:\/\/bienaldelchaco.org\/2026\/wp-content\/uploads\/2026\/03\/449123w790h561c.jpg-300x213.webp 300w, https:\/\/bienaldelchaco.org\/2026\/wp-content\/uploads\/2026\/03\/449123w790h561c.jpg-768x545.webp 768w, https:\/\/bienaldelchaco.org\/2026\/wp-content\/uploads\/2026\/03\/449123w790h561c.jpg-700x497.webp 700w\" sizes=\"auto, (max-width: 790px) 100vw, 790px\" \/><\/p>\n<p>El material sobre el cual van a trabajar es el m\u00e1rmol travertino y acero inoxidable (cada escultor eligi\u00f3 con qu\u00e9 material trabajar de manera alternativa o complementaria).<\/p>\n<p>Mientras que en el D\u00e9cimo Encuentro de Escultores Invitados, los artistas realizar\u00e1n sus obras con amplia libertad de t\u00e9cnicas y materiales. Los convocados son: Desir\u00e9e de Ridder, Carola Zech, Norma Siguelboim, Eka Acosta, Rafael Blasco Ciscar, Lucas Caricato, Oscar Leiva.<\/p>\n<p>&nbsp;<\/p>\n<div class=\" large m_image\">\n<figure><img loading=\"lazy\" decoding=\"async\" class=\"aligncenter wp-image-1394 size-full\" src=\"https:\/\/bienaldelchaco.org\/2026\/wp-content\/uploads\/2026\/03\/449122w790h593c.jpg.webp\" alt=\"\" width=\"790\" height=\"593\" srcset=\"https:\/\/bienaldelchaco.org\/2026\/wp-content\/uploads\/2026\/03\/449122w790h593c.jpg.webp 790w, https:\/\/bienaldelchaco.org\/2026\/wp-content\/uploads\/2026\/03\/449122w790h593c.jpg-300x225.webp 300w, https:\/\/bienaldelchaco.org\/2026\/wp-content\/uploads\/2026\/03\/449122w790h593c.jpg-768x576.webp 768w, https:\/\/bienaldelchaco.org\/2026\/wp-content\/uploads\/2026\/03\/449122w790h593c.jpg-700x525.webp 700w\" sizes=\"auto, (max-width: 790px) 100vw, 790px\" \/><figcaption>Bailarinas del Ballet Ferrazzano, Porfirio y Contempor\u00e1neo acompa\u00f1aron la aparici\u00f3n de Fabriciano recreado con IA.<span class=\"credit\">Cr\u00e9dito: Marcelo C\u00e1ceres<\/span><\/figcaption><\/figure>\n<\/div>\n<p>&nbsp;<\/p>\n<p>Del 17 de julio al 26 de julio se realizar\u00e1 tambi\u00e9n el Premio Desaf\u00edo (Hierros Lider), Muestras (Asociaci\u00f3n de Escultores Chaque\u00f1os), Artesan\u00eda (S\u00e9ptimo Encuentro de Maestros Artesanos Argentinos y el Noveno Encuentro de Arte Ind\u00edgena y Artesan\u00eda de Pueblos Originarios), el Festival Filarm\u00f3nico Juvenil (La Fundaci\u00f3n Pradier \u2013 Redes Culturales), Madre Cancion, Agit\u00e1 La Bienal (Circuito Cultural Guaran\u00ed y G5 Conexiones), Congreso Internacional de Artes (Facultad de Artes, Dise\u00f1o y Ciencias de la Cultura de la Universidad Nacional del Nordeste), y la reuni\u00f3n anual y el simposio del ICLAFI, el Comit\u00e9 Cient\u00edfico Internacional de Asuntos Legales, Administrativos y Financieros de Icomos, organismo consultivo de la Unesco en patrimonio cultural.<\/p>\n<p>Entre las autoridades estuvo la secretaria General de Gobernaci\u00f3n Carolina Meri\u00f1o; la senadora nacional Silvana Sneider, diputados provinciales, autoridades del Poder Judicial, rector de FADyCC Gabriel Romero, Marylin Crist\u00f3fani y otras autoridades.[\/vc_column_text][vc_empty_space height=&#8221;35px&#8221;][vc_column_text css=&#8221;&#8221;]Fuente:\u00a0 <a href=\"https:\/\/www.diarionorte.com\/324546-chaco-presento-a-los-diez-escultores-que-participaran-en-la-bienal-2026\" target=\"_blank\" rel=\"noopener\">https:\/\/www.diarionorte.com\/324546-chaco-presento-a-los-diez-escultores-que-participaran-en-la-bienal-2026<\/a>[\/vc_column_text][vc_empty_space height=&#8221;100px&#8221;][\/vc_column][\/vc_row]<\/p>\n<\/div>","protected":false},"excerpt":{"rendered":"<p>[vc_row css_animation=&#8221;&#8221; row_type=&#8221;row&#8221; use_row_as_full_screen_section=&#8221;no&#8221; type=&#8221;full_width&#8221; angled_section=&#8221;no&#8221; text_align=&#8221;left&#8221; background_image_as_pattern=&#8221;without_pattern&#8221;][vc_column][vc_column_text css=&#8221;&#8221;] Resistencia ya palpita su certamen internacional. Este viernes se conocieron todos los detalles del evento m\u00e1s esperado del inviermo.<\/p>\n","protected":false},"author":1,"featured_media":1370,"comment_status":"open","ping_status":"open","sticky":false,"template":"","format":"standard","meta":{"footnotes":""},"categories":[1],"tags":[],"class_list":["post-1393","post","type-post","status-publish","format-standard","has-post-thumbnail","hentry","category-sin-categoria"],"yoast_head":"<!-- This site is optimized with the Yoast SEO plugin v25.6 - https:\/\/yoast.com\/wordpress\/plugins\/seo\/ -->\n<title>Chaco present\u00f3 a los diez escultores que participar\u00e1n en la Bienal 2026 - Bienal del Chaco<\/title>\n<meta name=\"robots\" content=\"index, follow, max-snippet:-1, max-image-preview:large, max-video-preview:-1\" \/>\n<link rel=\"canonical\" href=\"https:\/\/bienaldelchaco.org\/2026\/chaco-presento-a-los-diez-escultores-que-participaran-en-la-bienal-2026\/\" \/>\n<meta property=\"og:locale\" content=\"es_ES\" \/>\n<meta property=\"og:type\" content=\"article\" \/>\n<meta property=\"og:title\" content=\"Chaco present\u00f3 a los diez escultores que participar\u00e1n en la Bienal 2026 - Bienal del Chaco\" \/>\n<meta property=\"og:description\" content=\"[vc_row css_animation=&#8221;&#8221; row_type=&#8221;row&#8221; use_row_as_full_screen_section=&#8221;no&#8221; type=&#8221;full_width&#8221; angled_section=&#8221;no&#8221; text_align=&#8221;left&#8221; background_image_as_pattern=&#8221;without_pattern&#8221;][vc_column][vc_column_text css=&#8221;&#8221;] Resistencia ya palpita su certamen internacional. Este viernes se conocieron todos los detalles del evento m\u00e1s esperado del inviermo.\" \/>\n<meta property=\"og:url\" content=\"https:\/\/bienaldelchaco.org\/2026\/chaco-presento-a-los-diez-escultores-que-participaran-en-la-bienal-2026\/\" \/>\n<meta property=\"og:site_name\" content=\"Bienal del Chaco\" \/>\n<meta property=\"article:publisher\" content=\"https:\/\/www.facebook.com\/bienaldelchaco\" \/>\n<meta property=\"article:published_time\" content=\"2026-03-06T23:47:02+00:00\" \/>\n<meta property=\"article:modified_time\" content=\"2026-03-19T23:52:15+00:00\" \/>\n<meta property=\"og:image\" content=\"https:\/\/bienaldelchaco.org\/2026\/wp-content\/uploads\/2026\/03\/bienal-del-chaco-2026-5.jpg\" \/>\n\t<meta property=\"og:image:width\" content=\"1200\" \/>\n\t<meta property=\"og:image:height\" content=\"800\" \/>\n\t<meta property=\"og:image:type\" content=\"image\/jpeg\" \/>\n<meta name=\"author\" content=\"bitnessadmin\" \/>\n<meta name=\"twitter:card\" content=\"summary_large_image\" \/>\n<meta name=\"twitter:creator\" content=\"@bienaldelchaco\" \/>\n<meta name=\"twitter:site\" content=\"@bienaldelchaco\" \/>\n<meta name=\"twitter:label1\" content=\"Escrito por\" \/>\n\t<meta name=\"twitter:data1\" content=\"bitnessadmin\" \/>\n\t<meta name=\"twitter:label2\" content=\"Tiempo de lectura\" \/>\n\t<meta name=\"twitter:data2\" content=\"4 minutos\" \/>\n<script type=\"application\/ld+json\" class=\"yoast-schema-graph\">{\"@context\":\"https:\/\/schema.org\",\"@graph\":[{\"@type\":\"Article\",\"@id\":\"https:\/\/bienaldelchaco.org\/2026\/chaco-presento-a-los-diez-escultores-que-participaran-en-la-bienal-2026\/#article\",\"isPartOf\":{\"@id\":\"https:\/\/bienaldelchaco.org\/2026\/chaco-presento-a-los-diez-escultores-que-participaran-en-la-bienal-2026\/\"},\"author\":{\"name\":\"bitnessadmin\",\"@id\":\"https:\/\/bienaldelchaco.org\/2026\/#\/schema\/person\/1b8918c48c8b750f041d7dcc1614ef18\"},\"headline\":\"Chaco present\u00f3 a los diez escultores que participar\u00e1n en la Bienal 2026\",\"datePublished\":\"2026-03-06T23:47:02+00:00\",\"dateModified\":\"2026-03-19T23:52:15+00:00\",\"mainEntityOfPage\":{\"@id\":\"https:\/\/bienaldelchaco.org\/2026\/chaco-presento-a-los-diez-escultores-que-participaran-en-la-bienal-2026\/\"},\"wordCount\":619,\"commentCount\":0,\"publisher\":{\"@id\":\"https:\/\/bienaldelchaco.org\/2026\/#organization\"},\"image\":{\"@id\":\"https:\/\/bienaldelchaco.org\/2026\/chaco-presento-a-los-diez-escultores-que-participaran-en-la-bienal-2026\/#primaryimage\"},\"thumbnailUrl\":\"https:\/\/bienaldelchaco.org\/2026\/wp-content\/uploads\/2026\/03\/bienal-del-chaco-2026-5.jpg\",\"inLanguage\":\"es-AR\",\"potentialAction\":[{\"@type\":\"CommentAction\",\"name\":\"Comment\",\"target\":[\"https:\/\/bienaldelchaco.org\/2026\/chaco-presento-a-los-diez-escultores-que-participaran-en-la-bienal-2026\/#respond\"]}]},{\"@type\":\"WebPage\",\"@id\":\"https:\/\/bienaldelchaco.org\/2026\/chaco-presento-a-los-diez-escultores-que-participaran-en-la-bienal-2026\/\",\"url\":\"https:\/\/bienaldelchaco.org\/2026\/chaco-presento-a-los-diez-escultores-que-participaran-en-la-bienal-2026\/\",\"name\":\"Chaco present\u00f3 a los diez escultores que participar\u00e1n en la Bienal 2026 - Bienal del Chaco\",\"isPartOf\":{\"@id\":\"https:\/\/bienaldelchaco.org\/2026\/#website\"},\"primaryImageOfPage\":{\"@id\":\"https:\/\/bienaldelchaco.org\/2026\/chaco-presento-a-los-diez-escultores-que-participaran-en-la-bienal-2026\/#primaryimage\"},\"image\":{\"@id\":\"https:\/\/bienaldelchaco.org\/2026\/chaco-presento-a-los-diez-escultores-que-participaran-en-la-bienal-2026\/#primaryimage\"},\"thumbnailUrl\":\"https:\/\/bienaldelchaco.org\/2026\/wp-content\/uploads\/2026\/03\/bienal-del-chaco-2026-5.jpg\",\"datePublished\":\"2026-03-06T23:47:02+00:00\",\"dateModified\":\"2026-03-19T23:52:15+00:00\",\"breadcrumb\":{\"@id\":\"https:\/\/bienaldelchaco.org\/2026\/chaco-presento-a-los-diez-escultores-que-participaran-en-la-bienal-2026\/#breadcrumb\"},\"inLanguage\":\"es-AR\",\"potentialAction\":[{\"@type\":\"ReadAction\",\"target\":[\"https:\/\/bienaldelchaco.org\/2026\/chaco-presento-a-los-diez-escultores-que-participaran-en-la-bienal-2026\/\"]}]},{\"@type\":\"ImageObject\",\"inLanguage\":\"es-AR\",\"@id\":\"https:\/\/bienaldelchaco.org\/2026\/chaco-presento-a-los-diez-escultores-que-participaran-en-la-bienal-2026\/#primaryimage\",\"url\":\"https:\/\/bienaldelchaco.org\/2026\/wp-content\/uploads\/2026\/03\/bienal-del-chaco-2026-5.jpg\",\"contentUrl\":\"https:\/\/bienaldelchaco.org\/2026\/wp-content\/uploads\/2026\/03\/bienal-del-chaco-2026-5.jpg\",\"width\":1200,\"height\":800},{\"@type\":\"BreadcrumbList\",\"@id\":\"https:\/\/bienaldelchaco.org\/2026\/chaco-presento-a-los-diez-escultores-que-participaran-en-la-bienal-2026\/#breadcrumb\",\"itemListElement\":[{\"@type\":\"ListItem\",\"position\":1,\"name\":\"Inicio\",\"item\":\"https:\/\/bienaldelchaco.org\/2026\/\"},{\"@type\":\"ListItem\",\"position\":2,\"name\":\"Chaco present\u00f3 a los diez escultores que participar\u00e1n en la Bienal 2026\"}]},{\"@type\":\"WebSite\",\"@id\":\"https:\/\/bienaldelchaco.org\/2026\/#website\",\"url\":\"https:\/\/bienaldelchaco.org\/2026\/\",\"name\":\"Bienal del Chaco\",\"description\":\"\",\"publisher\":{\"@id\":\"https:\/\/bienaldelchaco.org\/2026\/#organization\"},\"potentialAction\":[{\"@type\":\"SearchAction\",\"target\":{\"@type\":\"EntryPoint\",\"urlTemplate\":\"https:\/\/bienaldelchaco.org\/2026\/?s={search_term_string}\"},\"query-input\":{\"@type\":\"PropertyValueSpecification\",\"valueRequired\":true,\"valueName\":\"search_term_string\"}}],\"inLanguage\":\"es-AR\"},{\"@type\":\"Organization\",\"@id\":\"https:\/\/bienaldelchaco.org\/2026\/#organization\",\"name\":\"Bienal del Chaco\",\"url\":\"https:\/\/bienaldelchaco.org\/2026\/\",\"logo\":{\"@type\":\"ImageObject\",\"inLanguage\":\"es-AR\",\"@id\":\"https:\/\/bienaldelchaco.org\/2026\/#\/schema\/logo\/image\/\",\"url\":\"https:\/\/bienaldelchaco.org\/2026\/wp-content\/uploads\/2025\/04\/web-logo-2026.png\",\"contentUrl\":\"https:\/\/bienaldelchaco.org\/2026\/wp-content\/uploads\/2025\/04\/web-logo-2026.png\",\"width\":145,\"height\":50,\"caption\":\"Bienal del Chaco\"},\"image\":{\"@id\":\"https:\/\/bienaldelchaco.org\/2026\/#\/schema\/logo\/image\/\"},\"sameAs\":[\"https:\/\/www.facebook.com\/bienaldelchaco\",\"https:\/\/x.com\/bienaldelchaco\",\"https:\/\/www.instagram.com\/bienaldelchaco\/\",\"https:\/\/www.youtube.com\/BienaldelChaco\"]},{\"@type\":\"Person\",\"@id\":\"https:\/\/bienaldelchaco.org\/2026\/#\/schema\/person\/1b8918c48c8b750f041d7dcc1614ef18\",\"name\":\"bitnessadmin\",\"image\":{\"@type\":\"ImageObject\",\"inLanguage\":\"es-AR\",\"@id\":\"https:\/\/bienaldelchaco.org\/2026\/#\/schema\/person\/image\/\",\"url\":\"https:\/\/secure.gravatar.com\/avatar\/441b367b6997ee3aae034996bf7b8bf6b85d8dd458e3cd0f1a0f7669a04bb0d9?s=96&d=mm&r=g\",\"contentUrl\":\"https:\/\/secure.gravatar.com\/avatar\/441b367b6997ee3aae034996bf7b8bf6b85d8dd458e3cd0f1a0f7669a04bb0d9?s=96&d=mm&r=g\",\"caption\":\"bitnessadmin\"},\"sameAs\":[\"https:\/\/bienaldelchaco.org\/2026\"],\"url\":\"https:\/\/bienaldelchaco.org\/2026\/author\/bitnessadmin\/\"}]}<\/script>\n<!-- \/ Yoast SEO plugin. -->","yoast_head_json":{"title":"Chaco present\u00f3 a los diez escultores que participar\u00e1n en la Bienal 2026 - Bienal del Chaco","robots":{"index":"index","follow":"follow","max-snippet":"max-snippet:-1","max-image-preview":"max-image-preview:large","max-video-preview":"max-video-preview:-1"},"canonical":"https:\/\/bienaldelchaco.org\/2026\/chaco-presento-a-los-diez-escultores-que-participaran-en-la-bienal-2026\/","og_locale":"es_ES","og_type":"article","og_title":"Chaco present\u00f3 a los diez escultores que participar\u00e1n en la Bienal 2026 - Bienal del Chaco","og_description":"[vc_row css_animation=&#8221;&#8221; row_type=&#8221;row&#8221; use_row_as_full_screen_section=&#8221;no&#8221; type=&#8221;full_width&#8221; angled_section=&#8221;no&#8221; text_align=&#8221;left&#8221; background_image_as_pattern=&#8221;without_pattern&#8221;][vc_column][vc_column_text css=&#8221;&#8221;] Resistencia ya palpita su certamen internacional. Este viernes se conocieron todos los detalles del evento m\u00e1s esperado del inviermo.","og_url":"https:\/\/bienaldelchaco.org\/2026\/chaco-presento-a-los-diez-escultores-que-participaran-en-la-bienal-2026\/","og_site_name":"Bienal del Chaco","article_publisher":"https:\/\/www.facebook.com\/bienaldelchaco","article_published_time":"2026-03-06T23:47:02+00:00","article_modified_time":"2026-03-19T23:52:15+00:00","og_image":[{"width":1200,"height":800,"url":"https:\/\/bienaldelchaco.org\/2026\/wp-content\/uploads\/2026\/03\/bienal-del-chaco-2026-5.jpg","type":"image\/jpeg"}],"author":"bitnessadmin","twitter_card":"summary_large_image","twitter_creator":"@bienaldelchaco","twitter_site":"@bienaldelchaco","twitter_misc":{"Escrito por":"bitnessadmin","Tiempo de lectura":"4 minutos"},"schema":{"@context":"https:\/\/schema.org","@graph":[{"@type":"Article","@id":"https:\/\/bienaldelchaco.org\/2026\/chaco-presento-a-los-diez-escultores-que-participaran-en-la-bienal-2026\/#article","isPartOf":{"@id":"https:\/\/bienaldelchaco.org\/2026\/chaco-presento-a-los-diez-escultores-que-participaran-en-la-bienal-2026\/"},"author":{"name":"bitnessadmin","@id":"https:\/\/bienaldelchaco.org\/2026\/#\/schema\/person\/1b8918c48c8b750f041d7dcc1614ef18"},"headline":"Chaco present\u00f3 a los diez escultores que participar\u00e1n en la Bienal 2026","datePublished":"2026-03-06T23:47:02+00:00","dateModified":"2026-03-19T23:52:15+00:00","mainEntityOfPage":{"@id":"https:\/\/bienaldelchaco.org\/2026\/chaco-presento-a-los-diez-escultores-que-participaran-en-la-bienal-2026\/"},"wordCount":619,"commentCount":0,"publisher":{"@id":"https:\/\/bienaldelchaco.org\/2026\/#organization"},"image":{"@id":"https:\/\/bienaldelchaco.org\/2026\/chaco-presento-a-los-diez-escultores-que-participaran-en-la-bienal-2026\/#primaryimage"},"thumbnailUrl":"https:\/\/bienaldelchaco.org\/2026\/wp-content\/uploads\/2026\/03\/bienal-del-chaco-2026-5.jpg","inLanguage":"es-AR","potentialAction":[{"@type":"CommentAction","name":"Comment","target":["https:\/\/bienaldelchaco.org\/2026\/chaco-presento-a-los-diez-escultores-que-participaran-en-la-bienal-2026\/#respond"]}]},{"@type":"WebPage","@id":"https:\/\/bienaldelchaco.org\/2026\/chaco-presento-a-los-diez-escultores-que-participaran-en-la-bienal-2026\/","url":"https:\/\/bienaldelchaco.org\/2026\/chaco-presento-a-los-diez-escultores-que-participaran-en-la-bienal-2026\/","name":"Chaco present\u00f3 a los diez escultores que participar\u00e1n en la Bienal 2026 - Bienal del Chaco","isPartOf":{"@id":"https:\/\/bienaldelchaco.org\/2026\/#website"},"primaryImageOfPage":{"@id":"https:\/\/bienaldelchaco.org\/2026\/chaco-presento-a-los-diez-escultores-que-participaran-en-la-bienal-2026\/#primaryimage"},"image":{"@id":"https:\/\/bienaldelchaco.org\/2026\/chaco-presento-a-los-diez-escultores-que-participaran-en-la-bienal-2026\/#primaryimage"},"thumbnailUrl":"https:\/\/bienaldelchaco.org\/2026\/wp-content\/uploads\/2026\/03\/bienal-del-chaco-2026-5.jpg","datePublished":"2026-03-06T23:47:02+00:00","dateModified":"2026-03-19T23:52:15+00:00","breadcrumb":{"@id":"https:\/\/bienaldelchaco.org\/2026\/chaco-presento-a-los-diez-escultores-que-participaran-en-la-bienal-2026\/#breadcrumb"},"inLanguage":"es-AR","potentialAction":[{"@type":"ReadAction","target":["https:\/\/bienaldelchaco.org\/2026\/chaco-presento-a-los-diez-escultores-que-participaran-en-la-bienal-2026\/"]}]},{"@type":"ImageObject","inLanguage":"es-AR","@id":"https:\/\/bienaldelchaco.org\/2026\/chaco-presento-a-los-diez-escultores-que-participaran-en-la-bienal-2026\/#primaryimage","url":"https:\/\/bienaldelchaco.org\/2026\/wp-content\/uploads\/2026\/03\/bienal-del-chaco-2026-5.jpg","contentUrl":"https:\/\/bienaldelchaco.org\/2026\/wp-content\/uploads\/2026\/03\/bienal-del-chaco-2026-5.jpg","width":1200,"height":800},{"@type":"BreadcrumbList","@id":"https:\/\/bienaldelchaco.org\/2026\/chaco-presento-a-los-diez-escultores-que-participaran-en-la-bienal-2026\/#breadcrumb","itemListElement":[{"@type":"ListItem","position":1,"name":"Inicio","item":"https:\/\/bienaldelchaco.org\/2026\/"},{"@type":"ListItem","position":2,"name":"Chaco present\u00f3 a los diez escultores que participar\u00e1n en la Bienal 2026"}]},{"@type":"WebSite","@id":"https:\/\/bienaldelchaco.org\/2026\/#website","url":"https:\/\/bienaldelchaco.org\/2026\/","name":"Bienal del Chaco","description":"","publisher":{"@id":"https:\/\/bienaldelchaco.org\/2026\/#organization"},"potentialAction":[{"@type":"SearchAction","target":{"@type":"EntryPoint","urlTemplate":"https:\/\/bienaldelchaco.org\/2026\/?s={search_term_string}"},"query-input":{"@type":"PropertyValueSpecification","valueRequired":true,"valueName":"search_term_string"}}],"inLanguage":"es-AR"},{"@type":"Organization","@id":"https:\/\/bienaldelchaco.org\/2026\/#organization","name":"Bienal del Chaco","url":"https:\/\/bienaldelchaco.org\/2026\/","logo":{"@type":"ImageObject","inLanguage":"es-AR","@id":"https:\/\/bienaldelchaco.org\/2026\/#\/schema\/logo\/image\/","url":"https:\/\/bienaldelchaco.org\/2026\/wp-content\/uploads\/2025\/04\/web-logo-2026.png","contentUrl":"https:\/\/bienaldelchaco.org\/2026\/wp-content\/uploads\/2025\/04\/web-logo-2026.png","width":145,"height":50,"caption":"Bienal del Chaco"},"image":{"@id":"https:\/\/bienaldelchaco.org\/2026\/#\/schema\/logo\/image\/"},"sameAs":["https:\/\/www.facebook.com\/bienaldelchaco","https:\/\/x.com\/bienaldelchaco","https:\/\/www.instagram.com\/bienaldelchaco\/","https:\/\/www.youtube.com\/BienaldelChaco"]},{"@type":"Person","@id":"https:\/\/bienaldelchaco.org\/2026\/#\/schema\/person\/1b8918c48c8b750f041d7dcc1614ef18","name":"bitnessadmin","image":{"@type":"ImageObject","inLanguage":"es-AR","@id":"https:\/\/bienaldelchaco.org\/2026\/#\/schema\/person\/image\/","url":"https:\/\/secure.gravatar.com\/avatar\/441b367b6997ee3aae034996bf7b8bf6b85d8dd458e3cd0f1a0f7669a04bb0d9?s=96&d=mm&r=g","contentUrl":"https:\/\/secure.gravatar.com\/avatar\/441b367b6997ee3aae034996bf7b8bf6b85d8dd458e3cd0f1a0f7669a04bb0d9?s=96&d=mm&r=g","caption":"bitnessadmin"},"sameAs":["https:\/\/bienaldelchaco.org\/2026"],"url":"https:\/\/bienaldelchaco.org\/2026\/author\/bitnessadmin\/"}]}},"_links":{"self":[{"href":"https:\/\/bienaldelchaco.org\/2026\/wp-json\/wp\/v2\/posts\/1393","targetHints":{"allow":["GET"]}}],"collection":[{"href":"https:\/\/bienaldelchaco.org\/2026\/wp-json\/wp\/v2\/posts"}],"about":[{"href":"https:\/\/bienaldelchaco.org\/2026\/wp-json\/wp\/v2\/types\/post"}],"author":[{"embeddable":true,"href":"https:\/\/bienaldelchaco.org\/2026\/wp-json\/wp\/v2\/users\/1"}],"replies":[{"embeddable":true,"href":"https:\/\/bienaldelchaco.org\/2026\/wp-json\/wp\/v2\/comments?post=1393"}],"version-history":[{"count":1,"href":"https:\/\/bienaldelchaco.org\/2026\/wp-json\/wp\/v2\/posts\/1393\/revisions"}],"predecessor-version":[{"id":1397,"href":"https:\/\/bienaldelchaco.org\/2026\/wp-json\/wp\/v2\/posts\/1393\/revisions\/1397"}],"wp:featuredmedia":[{"embeddable":true,"href":"https:\/\/bienaldelchaco.org\/2026\/wp-json\/wp\/v2\/media\/1370"}],"wp:attachment":[{"href":"https:\/\/bienaldelchaco.org\/2026\/wp-json\/wp\/v2\/media?parent=1393"}],"wp:term":[{"taxonomy":"category","embeddable":true,"href":"https:\/\/bienaldelchaco.org\/2026\/wp-json\/wp\/v2\/categories?post=1393"},{"taxonomy":"post_tag","embeddable":true,"href":"https:\/\/bienaldelchaco.org\/2026\/wp-json\/wp\/v2\/tags?post=1393"}],"curies":[{"name":"wp","href":"https:\/\/api.w.org\/{rel}","templated":true}]}}