{"id":1447,"date":"2026-03-08T20:25:17","date_gmt":"2026-03-08T23:25:17","guid":{"rendered":"https:\/\/bienaldelchaco.org\/2026\/?p=1447"},"modified":"2026-03-20T20:35:20","modified_gmt":"2026-03-20T23:35:20","slug":"bienal-del-chaco-el-arte-que-vuelve-a-poner-a-resistencia-en-el-mapa-cultural-del-mundo","status":"publish","type":"post","link":"https:\/\/bienaldelchaco.org\/2026\/bienal-del-chaco-el-arte-que-vuelve-a-poner-a-resistencia-en-el-mapa-cultural-del-mundo\/","title":{"rendered":"Bienal del Chaco: el arte que vuelve a poner a Resistencia en el mapa cultural del mundo"},"content":{"rendered":"<div class=\"wpb-content-wrapper\"><p>[vc_row css_animation=&#8221;&#8221; row_type=&#8221;row&#8221; use_row_as_full_screen_section=&#8221;no&#8221; type=&#8221;full_width&#8221; angled_section=&#8221;no&#8221; text_align=&#8221;left&#8221; background_image_as_pattern=&#8221;without_pattern&#8221;][vc_column][vc_column_text css=&#8221;&#8221;]<\/p>\n<div class=\"subtitle\">\n<div>\n<p>Hay ciudades que se cuentan a trav\u00e9s de sus edificios, otras a trav\u00e9s de sus plazas. Resistencia eligi\u00f3 contarse a trav\u00e9s del arte. Y cada dos a\u00f1os, cuando llega la Bienal Internacional de Escultura, esa identidad vuelve a proyectarse al mundo.<\/p>\n<\/div>\n<\/div>\n<div class=\"intro\"><!--more--><\/div>\n<p>A poco m\u00e1s de cuatro meses para su inicio, la cuenta regresiva ya comenz\u00f3. Del 17 al 26 de julio, la ciudad de Resistencia volver\u00e1 a transformarse en un gran taller a cielo abierto con una nueva edici\u00f3n de la Bienal Internacional de Escultura, un acontecimiento cultural que con el paso de los a\u00f1os trascendi\u00f3 el \u00e1mbito art\u00edstico para convertirse en uno de los principales emblemas identitarios del Chaco.<\/p>\n<p>El anuncio oficial se realiz\u00f3 en la Casa de las Culturas y reuni\u00f3 a artistas, instituciones, mecenas y organizadores que celebraron una nueva edici\u00f3n de un acontecimiento que con el tiempo trascendi\u00f3 lo art\u00edstico para convertirse en una marca de identidad del Chaco.<\/p>\n<h4><strong>Un proyecto cultural que creci\u00f3 con la ciudad<\/strong><\/h4>\n<p>La historia de la Bienal se remonta a 1988, cuando 35 escultores argentinos llegaron a la Plaza 25 de Mayo para participar de un concurso nacional de escultura realizado frente al p\u00fablico. Aquella experiencia, impulsada con esfuerzo y convicci\u00f3n por un grupo de gestores culturales, fue el germen de lo que hoy es uno de los cert\u00e1menes escult\u00f3ricos m\u00e1s prestigiosos del circuito internacional.<\/p>\n<p>Desde entonces, m\u00e1s de quinientos escultores de distintos pa\u00edses pasaron por Resistencia, dejando obras que hoy forman parte del paisaje cotidiano de la ciudad. Esas esculturas, distribuidas en veredas, plazas y bulevares, consolidaron a la capital chaque\u00f1a como un caso singular de arte p\u00fablico, al punto de ser reconocida como una de las ciudades con mayor cantidad de esculturas a cielo abierto del mundo.<\/p>\n<p>Durante la presentaci\u00f3n, el presidente de la Fundaci\u00f3n Urunday, Josese Eidman, record\u00f3 ese recorrido colectivo y destac\u00f3 que lo que comenz\u00f3 como un concurso art\u00edstico termin\u00f3 convirti\u00e9ndose en una verdadera plataforma cultural.<\/p>\n<p>Seg\u00fan se\u00f1al\u00f3, con el paso de las ediciones la Bienal fue incorporando nuevas disciplinas y actividades, ampliando su alcance y fortaleciendo el posicionamiento de Resistencia como un destino de turismo cultural.<\/p>\n<div class=\" large m_image\"><\/div>\n<h4><strong><img loading=\"lazy\" decoding=\"async\" class=\"aligncenter wp-image-1453 size-full\" src=\"https:\/\/bienaldelchaco.org\/2026\/wp-content\/uploads\/2026\/03\/48668w850h611c.jpg-1.webp\" alt=\"\" width=\"790\" height=\"593\" srcset=\"https:\/\/bienaldelchaco.org\/2026\/wp-content\/uploads\/2026\/03\/48668w850h611c.jpg-1.webp 790w, https:\/\/bienaldelchaco.org\/2026\/wp-content\/uploads\/2026\/03\/48668w850h611c.jpg-1-300x225.webp 300w, https:\/\/bienaldelchaco.org\/2026\/wp-content\/uploads\/2026\/03\/48668w850h611c.jpg-1-768x576.webp 768w, https:\/\/bienaldelchaco.org\/2026\/wp-content\/uploads\/2026\/03\/48668w850h611c.jpg-1-700x525.webp 700w\" sizes=\"auto, (max-width: 790px) 100vw, 790px\" \/><\/strong><\/h4>\n<h4><\/h4>\n<p>&nbsp;<\/p>\n<h4><strong>Escultores del mundo en acci\u00f3n<\/strong><\/h4>\n<p>Uno de los momentos m\u00e1s esperados de la presentaci\u00f3n fue el anuncio de los artistas seleccionados para el Concurso Internacional de Escultura, quienes trabajar\u00e1n durante diez d\u00edas frente al p\u00fablico creando obras que luego pasar\u00e1n a integrar el patrimonio escult\u00f3rico de la ciudad.<\/p>\n<div class=\" large m_image\">\n<figure><picture><source srcset=\"https:\/\/www.diarionorte.com\/content\/bucket\/9\/449319w790h523c.jpg.webp\" type=\"image\/webp\" media=\"(min-width: 640px)\" \/><source srcset=\"https:\/\/www.diarionorte.com\/content\/bucket\/9\/449319w440h292c.jpg.webp\" type=\"image\/webp\" media=\"(min-width: 300px)\" \/><source srcset=\"https:\/\/www.diarionorte.com\/content\/bucket\/9\/449319w790h523c.jpg\" media=\"(min-width: 300px)\" \/><\/picture><img loading=\"lazy\" decoding=\"async\" class=\"aligncenter wp-image-1452 size-full\" src=\"https:\/\/bienaldelchaco.org\/2026\/wp-content\/uploads\/2026\/03\/449319w790h523c.jpg.webp\" alt=\"\" width=\"790\" height=\"523\" srcset=\"https:\/\/bienaldelchaco.org\/2026\/wp-content\/uploads\/2026\/03\/449319w790h523c.jpg.webp 790w, https:\/\/bienaldelchaco.org\/2026\/wp-content\/uploads\/2026\/03\/449319w790h523c.jpg-300x199.webp 300w, https:\/\/bienaldelchaco.org\/2026\/wp-content\/uploads\/2026\/03\/449319w790h523c.jpg-768x508.webp 768w, https:\/\/bienaldelchaco.org\/2026\/wp-content\/uploads\/2026\/03\/449319w790h523c.jpg-700x463.webp 700w\" sizes=\"auto, (max-width: 790px) 100vw, 790px\" \/><\/figure>\n<\/div>\n<p>&nbsp;<\/p>\n<p>Los participantes confirmados representan a distintos pa\u00edses y tradiciones art\u00edsticas:<strong>\u00a0N\u00e9stor Vildoza<\/strong>\u00a0(Argentina),\u00a0<strong>Alex Sorokyn<\/strong>\u00a0(Bielorrusia),<strong>\u00a0Georgi Minchev<\/strong>\u00a0(Bulgaria),\u00a0<strong>Mauricio Guajardo<\/strong>\u00a0(Chile),\u00a0<strong>Jos\u00e9 Carlos Cabello Mill\u00e1n<\/strong>\u00a0(Espa\u00f1a),\u00a0<strong>Francesca Bernardini<\/strong>\u00a0(Italia),\u00a0<strong>Anna Rasinska<\/strong>\u00a0(Polonia),<strong>\u00a0Furkan Depeli<\/strong>\u00a0(Turqu\u00eda),\u00a0<strong>Lyudmyla Mysko<\/strong>\u00a0(Ucrania) y\u00a0<strong>Ulash Urakov<\/strong>\u00a0(Uzbekist\u00e1n).<\/p>\n<p>A ellos se sumar\u00e1n artistas invitados y referentes de diversas disciplinas, entre ellos la ceramista\u00a0<strong>Desir\u00e9e de Ridder<\/strong>, las escultoras\u00a0<strong>Carola Zech<\/strong>\u00a0y\u00a0<strong>Norma Siguelboim<\/strong>, el artista\u00a0<strong>Lucas Caricato<\/strong>\u00a0y el artesano qom<strong>\u00a0Oscar Leiva<\/strong>, procedente de Miraflores, junto con creadores internacionales invitados.<\/p>\n<p>&nbsp;<\/p>\n<h4><strong>Un acontecimiento que trasciende el arte<\/strong><\/h4>\n<p>Con el paso del tiempo, la Bienal dej\u00f3 de ser solamente un certamen escult\u00f3rico para transformarse en un gran encuentro cultural multidisciplinario.<\/p>\n<p>Durante diez d\u00edas se desarrollar\u00e1n exposiciones, ferias de arte y dise\u00f1o, encuentros de artesanos, espect\u00e1culos de artes esc\u00e9nicas, talleres formativos y propuestas acad\u00e9micas, adem\u00e1s de conciertos y espacios dedicados a la canci\u00f3n popular. Tambi\u00e9n se realizar\u00e1 el Congreso Internacional de Artes y una amplia agenda de actividades educativas.<\/p>\n<div class=\" large m_image\"><\/div>\n<p><img loading=\"lazy\" decoding=\"async\" class=\"aligncenter wp-image-1451 size-full\" src=\"https:\/\/bienaldelchaco.org\/2026\/wp-content\/uploads\/2026\/03\/449317w790h593c.jpg.webp\" alt=\"\" width=\"790\" height=\"593\" srcset=\"https:\/\/bienaldelchaco.org\/2026\/wp-content\/uploads\/2026\/03\/449317w790h593c.jpg.webp 790w, https:\/\/bienaldelchaco.org\/2026\/wp-content\/uploads\/2026\/03\/449317w790h593c.jpg-300x225.webp 300w, https:\/\/bienaldelchaco.org\/2026\/wp-content\/uploads\/2026\/03\/449317w790h593c.jpg-768x576.webp 768w, https:\/\/bienaldelchaco.org\/2026\/wp-content\/uploads\/2026\/03\/449317w790h593c.jpg-700x525.webp 700w\" sizes=\"auto, (max-width: 790px) 100vw, 790px\" \/><\/p>\n<p>En paralelo, la feria que acompa\u00f1a al evento reunir\u00e1 a alrededor de 1200 expositores vinculados al arte, la artesan\u00eda, el dise\u00f1o, la gastronom\u00eda y la producci\u00f3n regional, ampliando la propuesta cultural y tur\u00edstica del encuentro.<\/p>\n<h4><\/h4>\n<h4><strong>El mundo mirar\u00e1 a Resistencia<\/strong><\/h4>\n<p>La Bienal del Chaco 2026 ser\u00e1<strong>\u00a0sede del simposio anual del Comit\u00e9 Cient\u00edfico Internacional de Asuntos Legales, Administrativos y Financieros de ICOMOS<\/strong>, organismo consultivo de la UNESCO en materia de patrimonio cultural.<\/p>\n<p><strong>Ser\u00e1 la primera vez que este encuentro se realice en Argentina y en Am\u00e9rica Latina<\/strong>, lo que posiciona a la provincia y a la ciudad de Resistencia en el centro de una discusi\u00f3n global sobre patrimonio, pol\u00edticas culturales y gesti\u00f3n del arte p\u00fablico.<\/p>\n<h4><\/h4>\n<h4><strong>Mucho m\u00e1s que un concurso<\/strong><\/h4>\n<p>Con el paso de los a\u00f1os, la Bienal dej\u00f3 de ser solamente un certamen escult\u00f3rico para transformarse en un gran encuentro cultural que integra m\u00faltiples expresiones art\u00edsticas.<\/p>\n<div class=\" large m_image\"><\/div>\n<p><img loading=\"lazy\" decoding=\"async\" class=\"aligncenter wp-image-1450 size-full\" src=\"https:\/\/bienaldelchaco.org\/2026\/wp-content\/uploads\/2026\/03\/449316w790h527c.webp.webp\" alt=\"\" width=\"790\" height=\"527\" srcset=\"https:\/\/bienaldelchaco.org\/2026\/wp-content\/uploads\/2026\/03\/449316w790h527c.webp.webp 790w, https:\/\/bienaldelchaco.org\/2026\/wp-content\/uploads\/2026\/03\/449316w790h527c.webp-300x200.webp 300w, https:\/\/bienaldelchaco.org\/2026\/wp-content\/uploads\/2026\/03\/449316w790h527c.webp-768x512.webp 768w, https:\/\/bienaldelchaco.org\/2026\/wp-content\/uploads\/2026\/03\/449316w790h527c.webp-700x467.webp 700w\" sizes=\"auto, (max-width: 790px) 100vw, 790px\" \/><\/p>\n<p>Durante diez d\u00edas,\u00a0<strong>Resistencia ofrecer\u00e1 una intensa agenda de actividades<\/strong>\u00a0que acompa\u00f1ar\u00e1n el concurso escult\u00f3rico y ampliar\u00e1n la experiencia cultural para visitantes y vecinos. Entre ellas se destacan el<strong>\u00a0Premio Desaf\u00edo<\/strong>, destinado a estudiantes de arte; las muestras organizadas por la\u00a0<strong>Asociaci\u00f3n de Escultores Chaque\u00f1os<\/strong>; y el espacio dedicado a la artesan\u00eda, con el\u00a0<strong>S\u00e9ptimo Encuentro de Maestros Artesanos Argentinos y el Noveno Encuentro de Arte Ind\u00edgena y Artesan\u00eda de Pueblos Originarios.<\/strong><\/p>\n<p>La programaci\u00f3n tambi\u00e9n incluir\u00e1 el<strong>\u00a0Festival Filarm\u00f3nico Juvenil,<\/strong>\u00a0impulsado por la Fundaci\u00f3n Pradier \u2013 Redes Culturales; el espacio\u00a0<strong>Madre Canci\u00f3n<\/strong>, dedicado a la canci\u00f3n popular; y\u00a0<strong>Agit\u00e1 la Bienal<\/strong>, una convocatoria a expresiones art\u00edsticas emergentes organizada junto al Circuito Cultural Guaran\u00ed y G5 Conexiones.<\/p>\n<p>A estas propuestas se sumar\u00e1n el\u00a0<strong>Congreso Internacional de Artes,<\/strong>\u00a0organizado por la Facultad de Artes, Dise\u00f1o y Ciencias de la Cultura de la Universidad Nacional del Nordeste adem\u00e1s de espacios dedicados al arte y la tecnolog\u00eda, cursos, talleres, conferencias y una variada programaci\u00f3n de artes esc\u00e9nicas.<\/p>\n<p>La feria que acompa\u00f1a al evento reunir\u00e1 adem\u00e1s a cientos de expositores vinculados al arte, el dise\u00f1o, la gastronom\u00eda y la producci\u00f3n regional, completando una propuesta cultural que cada edici\u00f3n transforma a la ciudad en uno de los polos culturales m\u00e1s activos del pa\u00eds.<\/p>\n<h4><strong>El legado de una ciudad que eligi\u00f3 el arte<\/strong><\/h4>\n<p>La Bienal es tambi\u00e9n la expresi\u00f3n m\u00e1s visible de un proyecto cultural que se fue construyendo durante d\u00e9cadas y que consolid\u00f3 a Resistencia como Ciudad de las Esculturas, reconocimiento que con el tiempo deriv\u00f3 en otras distinciones institucionales, como su declaraci\u00f3n como Capital Nacional de las Esculturas y Capital Mercosur de la Escultura.<\/p>\n<div class=\" large m_image\"><\/div>\n<p><img loading=\"lazy\" decoding=\"async\" class=\"aligncenter wp-image-1449 size-full\" src=\"https:\/\/bienaldelchaco.org\/2026\/wp-content\/uploads\/2026\/03\/449323w790h525c.jpg.webp\" alt=\"\" width=\"790\" height=\"525\" srcset=\"https:\/\/bienaldelchaco.org\/2026\/wp-content\/uploads\/2026\/03\/449323w790h525c.jpg.webp 790w, https:\/\/bienaldelchaco.org\/2026\/wp-content\/uploads\/2026\/03\/449323w790h525c.jpg-300x199.webp 300w, https:\/\/bienaldelchaco.org\/2026\/wp-content\/uploads\/2026\/03\/449323w790h525c.jpg-768x510.webp 768w, https:\/\/bienaldelchaco.org\/2026\/wp-content\/uploads\/2026\/03\/449323w790h525c.jpg-700x465.webp 700w\" sizes=\"auto, (max-width: 790px) 100vw, 790px\" \/><\/p>\n<p>Ese camino, profundamente vinculado al trabajo de la Fundaci\u00f3n Urunday y al legado del escultor Fabriciano G\u00f3mez, convirti\u00f3 a la ciudad en un caso singular dentro del mapa cultural argentino: un lugar donde el arte no habita solamente en museos, sino tambi\u00e9n en las calles y en la vida cotidiana de sus habitantes.<\/p>\n<p>Con una nueva edici\u00f3n en el horizonte, la Bienal vuelve a reafirmar esa identidad y a proyectar al Chaco hacia el mundo, demostrando que el arte p\u00fablico puede ser tambi\u00e9n una herramienta de desarrollo cultural, social y tur\u00edstico.<\/p>\n<div class=\" large m_image\">\n<figure><picture><source srcset=\"https:\/\/www.diarionorte.com\/content\/bucket\/0\/449320w790h445c.jpg.webp\" type=\"image\/webp\" media=\"(min-width: 640px)\" \/><source srcset=\"https:\/\/www.diarionorte.com\/content\/bucket\/0\/449320w440h248c.jpg.webp\" type=\"image\/webp\" media=\"(min-width: 300px)\" \/><source srcset=\"https:\/\/www.diarionorte.com\/content\/bucket\/0\/449320w790h445c.jpg\" media=\"(min-width: 300px)\" \/><\/picture><\/figure>\n<\/div>\n<p>[\/vc_column_text][vc_empty_space height=&#8221;35px&#8221;][vc_column_text css=&#8221;&#8221;]Fuente:\u00a0 <a href=\"https:\/\/www.diarionorte.com\/324620-bienal-del-chaco-el-arte-que-vuelve-a-poner-a-resistencia-en-el-mapa-cultural-del-mundo\" target=\"_blank\" rel=\"noopener\">https:\/\/www.diarionorte.com\/324620-bienal-del-chaco-el-arte-que-vuelve-a-poner-a-resistencia-en-el-mapa-cultural-del-mundo<\/a>[\/vc_column_text][vc_empty_space height=&#8221;100px&#8221;][\/vc_column][\/vc_row]<\/p>\n<\/div>","protected":false},"excerpt":{"rendered":"<p>[vc_row css_animation=&#8221;&#8221; row_type=&#8221;row&#8221; use_row_as_full_screen_section=&#8221;no&#8221; type=&#8221;full_width&#8221; angled_section=&#8221;no&#8221; text_align=&#8221;left&#8221; background_image_as_pattern=&#8221;without_pattern&#8221;][vc_column][vc_column_text css=&#8221;&#8221;] Hay ciudades que se cuentan a trav\u00e9s de sus edificios, otras a trav\u00e9s de sus plazas. Resistencia eligi\u00f3 contarse a trav\u00e9s del arte. Y cada dos a\u00f1os, cuando llega la Bienal Internacional de Escultura, esa identidad&#8230;<\/p>\n","protected":false},"author":1,"featured_media":1448,"comment_status":"open","ping_status":"open","sticky":false,"template":"","format":"standard","meta":{"footnotes":""},"categories":[1],"tags":[],"class_list":["post-1447","post","type-post","status-publish","format-standard","has-post-thumbnail","hentry","category-sin-categoria"],"yoast_head":"<!-- This site is optimized with the Yoast SEO plugin v25.6 - https:\/\/yoast.com\/wordpress\/plugins\/seo\/ -->\n<title>Bienal del Chaco: el arte que vuelve a poner a Resistencia en el mapa cultural del mundo - Bienal del Chaco<\/title>\n<meta name=\"robots\" content=\"index, follow, max-snippet:-1, max-image-preview:large, max-video-preview:-1\" \/>\n<link rel=\"canonical\" href=\"https:\/\/bienaldelchaco.org\/2026\/bienal-del-chaco-el-arte-que-vuelve-a-poner-a-resistencia-en-el-mapa-cultural-del-mundo\/\" \/>\n<meta property=\"og:locale\" content=\"es_ES\" \/>\n<meta property=\"og:type\" content=\"article\" \/>\n<meta property=\"og:title\" content=\"Bienal del Chaco: el arte que vuelve a poner a Resistencia en el mapa cultural del mundo - Bienal del Chaco\" \/>\n<meta property=\"og:description\" content=\"[vc_row css_animation=&#8221;&#8221; row_type=&#8221;row&#8221; use_row_as_full_screen_section=&#8221;no&#8221; type=&#8221;full_width&#8221; angled_section=&#8221;no&#8221; text_align=&#8221;left&#8221; background_image_as_pattern=&#8221;without_pattern&#8221;][vc_column][vc_column_text css=&#8221;&#8221;] Hay ciudades que se cuentan a trav\u00e9s de sus edificios, otras a trav\u00e9s de sus plazas. Resistencia eligi\u00f3 contarse a trav\u00e9s del arte. Y cada dos a\u00f1os, cuando llega la Bienal Internacional de Escultura, esa identidad...\" \/>\n<meta property=\"og:url\" content=\"https:\/\/bienaldelchaco.org\/2026\/bienal-del-chaco-el-arte-que-vuelve-a-poner-a-resistencia-en-el-mapa-cultural-del-mundo\/\" \/>\n<meta property=\"og:site_name\" content=\"Bienal del Chaco\" \/>\n<meta property=\"article:publisher\" content=\"https:\/\/www.facebook.com\/bienaldelchaco\" \/>\n<meta property=\"article:published_time\" content=\"2026-03-08T23:25:17+00:00\" \/>\n<meta property=\"article:modified_time\" content=\"2026-03-20T23:35:20+00:00\" \/>\n<meta property=\"og:image\" content=\"https:\/\/bienaldelchaco.org\/2026\/wp-content\/uploads\/2026\/03\/449320w790h445c.jpg.webp\" \/>\n\t<meta property=\"og:image:width\" content=\"790\" \/>\n\t<meta property=\"og:image:height\" content=\"445\" \/>\n\t<meta property=\"og:image:type\" content=\"image\/webp\" \/>\n<meta name=\"author\" content=\"bitnessadmin\" \/>\n<meta name=\"twitter:card\" content=\"summary_large_image\" \/>\n<meta name=\"twitter:creator\" content=\"@bienaldelchaco\" \/>\n<meta name=\"twitter:site\" content=\"@bienaldelchaco\" \/>\n<meta name=\"twitter:label1\" content=\"Escrito por\" \/>\n\t<meta name=\"twitter:data1\" content=\"bitnessadmin\" \/>\n\t<meta name=\"twitter:label2\" content=\"Tiempo de lectura\" \/>\n\t<meta name=\"twitter:data2\" content=\"7 minutos\" \/>\n<script type=\"application\/ld+json\" class=\"yoast-schema-graph\">{\"@context\":\"https:\/\/schema.org\",\"@graph\":[{\"@type\":\"Article\",\"@id\":\"https:\/\/bienaldelchaco.org\/2026\/bienal-del-chaco-el-arte-que-vuelve-a-poner-a-resistencia-en-el-mapa-cultural-del-mundo\/#article\",\"isPartOf\":{\"@id\":\"https:\/\/bienaldelchaco.org\/2026\/bienal-del-chaco-el-arte-que-vuelve-a-poner-a-resistencia-en-el-mapa-cultural-del-mundo\/\"},\"author\":{\"name\":\"bitnessadmin\",\"@id\":\"https:\/\/bienaldelchaco.org\/2026\/#\/schema\/person\/1b8918c48c8b750f041d7dcc1614ef18\"},\"headline\":\"Bienal del Chaco: el arte que vuelve a poner a Resistencia en el mapa cultural del mundo\",\"datePublished\":\"2026-03-08T23:25:17+00:00\",\"dateModified\":\"2026-03-20T23:35:20+00:00\",\"mainEntityOfPage\":{\"@id\":\"https:\/\/bienaldelchaco.org\/2026\/bienal-del-chaco-el-arte-que-vuelve-a-poner-a-resistencia-en-el-mapa-cultural-del-mundo\/\"},\"wordCount\":1259,\"commentCount\":0,\"publisher\":{\"@id\":\"https:\/\/bienaldelchaco.org\/2026\/#organization\"},\"image\":{\"@id\":\"https:\/\/bienaldelchaco.org\/2026\/bienal-del-chaco-el-arte-que-vuelve-a-poner-a-resistencia-en-el-mapa-cultural-del-mundo\/#primaryimage\"},\"thumbnailUrl\":\"https:\/\/bienaldelchaco.org\/2026\/wp-content\/uploads\/2026\/03\/449320w790h445c.jpg.webp\",\"inLanguage\":\"es-AR\",\"potentialAction\":[{\"@type\":\"CommentAction\",\"name\":\"Comment\",\"target\":[\"https:\/\/bienaldelchaco.org\/2026\/bienal-del-chaco-el-arte-que-vuelve-a-poner-a-resistencia-en-el-mapa-cultural-del-mundo\/#respond\"]}]},{\"@type\":\"WebPage\",\"@id\":\"https:\/\/bienaldelchaco.org\/2026\/bienal-del-chaco-el-arte-que-vuelve-a-poner-a-resistencia-en-el-mapa-cultural-del-mundo\/\",\"url\":\"https:\/\/bienaldelchaco.org\/2026\/bienal-del-chaco-el-arte-que-vuelve-a-poner-a-resistencia-en-el-mapa-cultural-del-mundo\/\",\"name\":\"Bienal del Chaco: el arte que vuelve a poner a Resistencia en el mapa cultural del mundo - Bienal del Chaco\",\"isPartOf\":{\"@id\":\"https:\/\/bienaldelchaco.org\/2026\/#website\"},\"primaryImageOfPage\":{\"@id\":\"https:\/\/bienaldelchaco.org\/2026\/bienal-del-chaco-el-arte-que-vuelve-a-poner-a-resistencia-en-el-mapa-cultural-del-mundo\/#primaryimage\"},\"image\":{\"@id\":\"https:\/\/bienaldelchaco.org\/2026\/bienal-del-chaco-el-arte-que-vuelve-a-poner-a-resistencia-en-el-mapa-cultural-del-mundo\/#primaryimage\"},\"thumbnailUrl\":\"https:\/\/bienaldelchaco.org\/2026\/wp-content\/uploads\/2026\/03\/449320w790h445c.jpg.webp\",\"datePublished\":\"2026-03-08T23:25:17+00:00\",\"dateModified\":\"2026-03-20T23:35:20+00:00\",\"breadcrumb\":{\"@id\":\"https:\/\/bienaldelchaco.org\/2026\/bienal-del-chaco-el-arte-que-vuelve-a-poner-a-resistencia-en-el-mapa-cultural-del-mundo\/#breadcrumb\"},\"inLanguage\":\"es-AR\",\"potentialAction\":[{\"@type\":\"ReadAction\",\"target\":[\"https:\/\/bienaldelchaco.org\/2026\/bienal-del-chaco-el-arte-que-vuelve-a-poner-a-resistencia-en-el-mapa-cultural-del-mundo\/\"]}]},{\"@type\":\"ImageObject\",\"inLanguage\":\"es-AR\",\"@id\":\"https:\/\/bienaldelchaco.org\/2026\/bienal-del-chaco-el-arte-que-vuelve-a-poner-a-resistencia-en-el-mapa-cultural-del-mundo\/#primaryimage\",\"url\":\"https:\/\/bienaldelchaco.org\/2026\/wp-content\/uploads\/2026\/03\/449320w790h445c.jpg.webp\",\"contentUrl\":\"https:\/\/bienaldelchaco.org\/2026\/wp-content\/uploads\/2026\/03\/449320w790h445c.jpg.webp\",\"width\":790,\"height\":445},{\"@type\":\"BreadcrumbList\",\"@id\":\"https:\/\/bienaldelchaco.org\/2026\/bienal-del-chaco-el-arte-que-vuelve-a-poner-a-resistencia-en-el-mapa-cultural-del-mundo\/#breadcrumb\",\"itemListElement\":[{\"@type\":\"ListItem\",\"position\":1,\"name\":\"Inicio\",\"item\":\"https:\/\/bienaldelchaco.org\/2026\/\"},{\"@type\":\"ListItem\",\"position\":2,\"name\":\"Bienal del Chaco: el arte que vuelve a poner a Resistencia en el mapa cultural del mundo\"}]},{\"@type\":\"WebSite\",\"@id\":\"https:\/\/bienaldelchaco.org\/2026\/#website\",\"url\":\"https:\/\/bienaldelchaco.org\/2026\/\",\"name\":\"Bienal del Chaco\",\"description\":\"\",\"publisher\":{\"@id\":\"https:\/\/bienaldelchaco.org\/2026\/#organization\"},\"potentialAction\":[{\"@type\":\"SearchAction\",\"target\":{\"@type\":\"EntryPoint\",\"urlTemplate\":\"https:\/\/bienaldelchaco.org\/2026\/?s={search_term_string}\"},\"query-input\":{\"@type\":\"PropertyValueSpecification\",\"valueRequired\":true,\"valueName\":\"search_term_string\"}}],\"inLanguage\":\"es-AR\"},{\"@type\":\"Organization\",\"@id\":\"https:\/\/bienaldelchaco.org\/2026\/#organization\",\"name\":\"Bienal del Chaco\",\"url\":\"https:\/\/bienaldelchaco.org\/2026\/\",\"logo\":{\"@type\":\"ImageObject\",\"inLanguage\":\"es-AR\",\"@id\":\"https:\/\/bienaldelchaco.org\/2026\/#\/schema\/logo\/image\/\",\"url\":\"https:\/\/bienaldelchaco.org\/2026\/wp-content\/uploads\/2025\/04\/web-logo-2026.png\",\"contentUrl\":\"https:\/\/bienaldelchaco.org\/2026\/wp-content\/uploads\/2025\/04\/web-logo-2026.png\",\"width\":145,\"height\":50,\"caption\":\"Bienal del Chaco\"},\"image\":{\"@id\":\"https:\/\/bienaldelchaco.org\/2026\/#\/schema\/logo\/image\/\"},\"sameAs\":[\"https:\/\/www.facebook.com\/bienaldelchaco\",\"https:\/\/x.com\/bienaldelchaco\",\"https:\/\/www.instagram.com\/bienaldelchaco\/\",\"https:\/\/www.youtube.com\/BienaldelChaco\"]},{\"@type\":\"Person\",\"@id\":\"https:\/\/bienaldelchaco.org\/2026\/#\/schema\/person\/1b8918c48c8b750f041d7dcc1614ef18\",\"name\":\"bitnessadmin\",\"image\":{\"@type\":\"ImageObject\",\"inLanguage\":\"es-AR\",\"@id\":\"https:\/\/bienaldelchaco.org\/2026\/#\/schema\/person\/image\/\",\"url\":\"https:\/\/secure.gravatar.com\/avatar\/441b367b6997ee3aae034996bf7b8bf6b85d8dd458e3cd0f1a0f7669a04bb0d9?s=96&d=mm&r=g\",\"contentUrl\":\"https:\/\/secure.gravatar.com\/avatar\/441b367b6997ee3aae034996bf7b8bf6b85d8dd458e3cd0f1a0f7669a04bb0d9?s=96&d=mm&r=g\",\"caption\":\"bitnessadmin\"},\"sameAs\":[\"https:\/\/bienaldelchaco.org\/2026\"],\"url\":\"https:\/\/bienaldelchaco.org\/2026\/author\/bitnessadmin\/\"}]}<\/script>\n<!-- \/ Yoast SEO plugin. -->","yoast_head_json":{"title":"Bienal del Chaco: el arte que vuelve a poner a Resistencia en el mapa cultural del mundo - Bienal del Chaco","robots":{"index":"index","follow":"follow","max-snippet":"max-snippet:-1","max-image-preview":"max-image-preview:large","max-video-preview":"max-video-preview:-1"},"canonical":"https:\/\/bienaldelchaco.org\/2026\/bienal-del-chaco-el-arte-que-vuelve-a-poner-a-resistencia-en-el-mapa-cultural-del-mundo\/","og_locale":"es_ES","og_type":"article","og_title":"Bienal del Chaco: el arte que vuelve a poner a Resistencia en el mapa cultural del mundo - Bienal del Chaco","og_description":"[vc_row css_animation=&#8221;&#8221; row_type=&#8221;row&#8221; use_row_as_full_screen_section=&#8221;no&#8221; type=&#8221;full_width&#8221; angled_section=&#8221;no&#8221; text_align=&#8221;left&#8221; background_image_as_pattern=&#8221;without_pattern&#8221;][vc_column][vc_column_text css=&#8221;&#8221;] Hay ciudades que se cuentan a trav\u00e9s de sus edificios, otras a trav\u00e9s de sus plazas. Resistencia eligi\u00f3 contarse a trav\u00e9s del arte. Y cada dos a\u00f1os, cuando llega la Bienal Internacional de Escultura, esa identidad...","og_url":"https:\/\/bienaldelchaco.org\/2026\/bienal-del-chaco-el-arte-que-vuelve-a-poner-a-resistencia-en-el-mapa-cultural-del-mundo\/","og_site_name":"Bienal del Chaco","article_publisher":"https:\/\/www.facebook.com\/bienaldelchaco","article_published_time":"2026-03-08T23:25:17+00:00","article_modified_time":"2026-03-20T23:35:20+00:00","og_image":[{"width":790,"height":445,"url":"https:\/\/bienaldelchaco.org\/2026\/wp-content\/uploads\/2026\/03\/449320w790h445c.jpg.webp","type":"image\/webp"}],"author":"bitnessadmin","twitter_card":"summary_large_image","twitter_creator":"@bienaldelchaco","twitter_site":"@bienaldelchaco","twitter_misc":{"Escrito por":"bitnessadmin","Tiempo de lectura":"7 minutos"},"schema":{"@context":"https:\/\/schema.org","@graph":[{"@type":"Article","@id":"https:\/\/bienaldelchaco.org\/2026\/bienal-del-chaco-el-arte-que-vuelve-a-poner-a-resistencia-en-el-mapa-cultural-del-mundo\/#article","isPartOf":{"@id":"https:\/\/bienaldelchaco.org\/2026\/bienal-del-chaco-el-arte-que-vuelve-a-poner-a-resistencia-en-el-mapa-cultural-del-mundo\/"},"author":{"name":"bitnessadmin","@id":"https:\/\/bienaldelchaco.org\/2026\/#\/schema\/person\/1b8918c48c8b750f041d7dcc1614ef18"},"headline":"Bienal del Chaco: el arte que vuelve a poner a Resistencia en el mapa cultural del mundo","datePublished":"2026-03-08T23:25:17+00:00","dateModified":"2026-03-20T23:35:20+00:00","mainEntityOfPage":{"@id":"https:\/\/bienaldelchaco.org\/2026\/bienal-del-chaco-el-arte-que-vuelve-a-poner-a-resistencia-en-el-mapa-cultural-del-mundo\/"},"wordCount":1259,"commentCount":0,"publisher":{"@id":"https:\/\/bienaldelchaco.org\/2026\/#organization"},"image":{"@id":"https:\/\/bienaldelchaco.org\/2026\/bienal-del-chaco-el-arte-que-vuelve-a-poner-a-resistencia-en-el-mapa-cultural-del-mundo\/#primaryimage"},"thumbnailUrl":"https:\/\/bienaldelchaco.org\/2026\/wp-content\/uploads\/2026\/03\/449320w790h445c.jpg.webp","inLanguage":"es-AR","potentialAction":[{"@type":"CommentAction","name":"Comment","target":["https:\/\/bienaldelchaco.org\/2026\/bienal-del-chaco-el-arte-que-vuelve-a-poner-a-resistencia-en-el-mapa-cultural-del-mundo\/#respond"]}]},{"@type":"WebPage","@id":"https:\/\/bienaldelchaco.org\/2026\/bienal-del-chaco-el-arte-que-vuelve-a-poner-a-resistencia-en-el-mapa-cultural-del-mundo\/","url":"https:\/\/bienaldelchaco.org\/2026\/bienal-del-chaco-el-arte-que-vuelve-a-poner-a-resistencia-en-el-mapa-cultural-del-mundo\/","name":"Bienal del Chaco: el arte que vuelve a poner a Resistencia en el mapa cultural del mundo - Bienal del Chaco","isPartOf":{"@id":"https:\/\/bienaldelchaco.org\/2026\/#website"},"primaryImageOfPage":{"@id":"https:\/\/bienaldelchaco.org\/2026\/bienal-del-chaco-el-arte-que-vuelve-a-poner-a-resistencia-en-el-mapa-cultural-del-mundo\/#primaryimage"},"image":{"@id":"https:\/\/bienaldelchaco.org\/2026\/bienal-del-chaco-el-arte-que-vuelve-a-poner-a-resistencia-en-el-mapa-cultural-del-mundo\/#primaryimage"},"thumbnailUrl":"https:\/\/bienaldelchaco.org\/2026\/wp-content\/uploads\/2026\/03\/449320w790h445c.jpg.webp","datePublished":"2026-03-08T23:25:17+00:00","dateModified":"2026-03-20T23:35:20+00:00","breadcrumb":{"@id":"https:\/\/bienaldelchaco.org\/2026\/bienal-del-chaco-el-arte-que-vuelve-a-poner-a-resistencia-en-el-mapa-cultural-del-mundo\/#breadcrumb"},"inLanguage":"es-AR","potentialAction":[{"@type":"ReadAction","target":["https:\/\/bienaldelchaco.org\/2026\/bienal-del-chaco-el-arte-que-vuelve-a-poner-a-resistencia-en-el-mapa-cultural-del-mundo\/"]}]},{"@type":"ImageObject","inLanguage":"es-AR","@id":"https:\/\/bienaldelchaco.org\/2026\/bienal-del-chaco-el-arte-que-vuelve-a-poner-a-resistencia-en-el-mapa-cultural-del-mundo\/#primaryimage","url":"https:\/\/bienaldelchaco.org\/2026\/wp-content\/uploads\/2026\/03\/449320w790h445c.jpg.webp","contentUrl":"https:\/\/bienaldelchaco.org\/2026\/wp-content\/uploads\/2026\/03\/449320w790h445c.jpg.webp","width":790,"height":445},{"@type":"BreadcrumbList","@id":"https:\/\/bienaldelchaco.org\/2026\/bienal-del-chaco-el-arte-que-vuelve-a-poner-a-resistencia-en-el-mapa-cultural-del-mundo\/#breadcrumb","itemListElement":[{"@type":"ListItem","position":1,"name":"Inicio","item":"https:\/\/bienaldelchaco.org\/2026\/"},{"@type":"ListItem","position":2,"name":"Bienal del Chaco: el arte que vuelve a poner a Resistencia en el mapa cultural del mundo"}]},{"@type":"WebSite","@id":"https:\/\/bienaldelchaco.org\/2026\/#website","url":"https:\/\/bienaldelchaco.org\/2026\/","name":"Bienal del Chaco","description":"","publisher":{"@id":"https:\/\/bienaldelchaco.org\/2026\/#organization"},"potentialAction":[{"@type":"SearchAction","target":{"@type":"EntryPoint","urlTemplate":"https:\/\/bienaldelchaco.org\/2026\/?s={search_term_string}"},"query-input":{"@type":"PropertyValueSpecification","valueRequired":true,"valueName":"search_term_string"}}],"inLanguage":"es-AR"},{"@type":"Organization","@id":"https:\/\/bienaldelchaco.org\/2026\/#organization","name":"Bienal del Chaco","url":"https:\/\/bienaldelchaco.org\/2026\/","logo":{"@type":"ImageObject","inLanguage":"es-AR","@id":"https:\/\/bienaldelchaco.org\/2026\/#\/schema\/logo\/image\/","url":"https:\/\/bienaldelchaco.org\/2026\/wp-content\/uploads\/2025\/04\/web-logo-2026.png","contentUrl":"https:\/\/bienaldelchaco.org\/2026\/wp-content\/uploads\/2025\/04\/web-logo-2026.png","width":145,"height":50,"caption":"Bienal del Chaco"},"image":{"@id":"https:\/\/bienaldelchaco.org\/2026\/#\/schema\/logo\/image\/"},"sameAs":["https:\/\/www.facebook.com\/bienaldelchaco","https:\/\/x.com\/bienaldelchaco","https:\/\/www.instagram.com\/bienaldelchaco\/","https:\/\/www.youtube.com\/BienaldelChaco"]},{"@type":"Person","@id":"https:\/\/bienaldelchaco.org\/2026\/#\/schema\/person\/1b8918c48c8b750f041d7dcc1614ef18","name":"bitnessadmin","image":{"@type":"ImageObject","inLanguage":"es-AR","@id":"https:\/\/bienaldelchaco.org\/2026\/#\/schema\/person\/image\/","url":"https:\/\/secure.gravatar.com\/avatar\/441b367b6997ee3aae034996bf7b8bf6b85d8dd458e3cd0f1a0f7669a04bb0d9?s=96&d=mm&r=g","contentUrl":"https:\/\/secure.gravatar.com\/avatar\/441b367b6997ee3aae034996bf7b8bf6b85d8dd458e3cd0f1a0f7669a04bb0d9?s=96&d=mm&r=g","caption":"bitnessadmin"},"sameAs":["https:\/\/bienaldelchaco.org\/2026"],"url":"https:\/\/bienaldelchaco.org\/2026\/author\/bitnessadmin\/"}]}},"_links":{"self":[{"href":"https:\/\/bienaldelchaco.org\/2026\/wp-json\/wp\/v2\/posts\/1447","targetHints":{"allow":["GET"]}}],"collection":[{"href":"https:\/\/bienaldelchaco.org\/2026\/wp-json\/wp\/v2\/posts"}],"about":[{"href":"https:\/\/bienaldelchaco.org\/2026\/wp-json\/wp\/v2\/types\/post"}],"author":[{"embeddable":true,"href":"https:\/\/bienaldelchaco.org\/2026\/wp-json\/wp\/v2\/users\/1"}],"replies":[{"embeddable":true,"href":"https:\/\/bienaldelchaco.org\/2026\/wp-json\/wp\/v2\/comments?post=1447"}],"version-history":[{"count":2,"href":"https:\/\/bienaldelchaco.org\/2026\/wp-json\/wp\/v2\/posts\/1447\/revisions"}],"predecessor-version":[{"id":1455,"href":"https:\/\/bienaldelchaco.org\/2026\/wp-json\/wp\/v2\/posts\/1447\/revisions\/1455"}],"wp:featuredmedia":[{"embeddable":true,"href":"https:\/\/bienaldelchaco.org\/2026\/wp-json\/wp\/v2\/media\/1448"}],"wp:attachment":[{"href":"https:\/\/bienaldelchaco.org\/2026\/wp-json\/wp\/v2\/media?parent=1447"}],"wp:term":[{"taxonomy":"category","embeddable":true,"href":"https:\/\/bienaldelchaco.org\/2026\/wp-json\/wp\/v2\/categories?post=1447"},{"taxonomy":"post_tag","embeddable":true,"href":"https:\/\/bienaldelchaco.org\/2026\/wp-json\/wp\/v2\/tags?post=1447"}],"curies":[{"name":"wp","href":"https:\/\/api.w.org\/{rel}","templated":true}]}}