{"id":1515,"date":"2026-03-13T18:42:05","date_gmt":"2026-03-13T21:42:05","guid":{"rendered":"https:\/\/bienaldelchaco.org\/2026\/?p=1515"},"modified":"2026-03-21T18:47:29","modified_gmt":"2026-03-21T21:47:29","slug":"bienal-del-chaco-2026-los-escultores-seleccionados-y-la-agenda-completa","status":"publish","type":"post","link":"https:\/\/bienaldelchaco.org\/2026\/bienal-del-chaco-2026-los-escultores-seleccionados-y-la-agenda-completa\/","title":{"rendered":"Bienal del Chaco 2026: los escultores seleccionados y la agenda completa"},"content":{"rendered":"<div class=\"wpb-content-wrapper\"><p>[vc_row css_animation=&#8221;&#8221; row_type=&#8221;row&#8221; use_row_as_full_screen_section=&#8221;no&#8221; type=&#8221;full_width&#8221; angled_section=&#8221;no&#8221; text_align=&#8221;left&#8221; background_image_as_pattern=&#8221;without_pattern&#8221;][vc_column][vc_column_text css=&#8221;&#8221;]<\/p>\n<div class=\"subtitle\">\n<p>\u201cQue esta Bienal nos vuelva a dar la oportunidad de estar juntos y de mostrar lo mejor de nosotros.\u201d<\/p>\n<\/div>\n<div class=\"intro\"><!--more--><\/div>\n<p>&nbsp;<\/p>\n<p>La Bienal Internacional de Escultura del Chaco 2026 anunci\u00f3 oficialmente los diez escultores seleccionados que participar\u00e1n del certamen central, tras recibir 439 postulaciones provenientes de 70 pa\u00edses.<\/p>\n<p>Los pueblos, las ciudades, las comunidades forjan su identidad en la mitolog\u00eda y la mitolog\u00eda se narra con palabras. Las palabras est\u00e1n conformadas por la fluctuante historia de la humanidad: a fuerza de hierro, de ca\u00eddas y de luces. Resistencia, esta ciudad que desde su cartograf\u00eda parece ser la \u00faltima sombra de un pa\u00eds extenso, forj\u00f3 su identidad en humanidad y cultura y hoy es faro y representaci\u00f3n.<br \/>\nParece ser, tambi\u00e9n, que las sociedades generan su mitolog\u00eda identitaria de peque\u00f1os actos que luego se transforman en resumen delicioso de representatividad: 38 a\u00f1os pasaron del primer Concurso de Escultura a Cielo Abierto en la Plaza 25 de Mayo. En esa ocasi\u00f3n fue la madera y, aunque parezca coincidencia, ese acto representativo al mando de Fabriciano hoy creci\u00f3 hasta dimensiones impensadas..<br \/>\nFundaci\u00f3n Urunday lleva como nombre la Fundaci\u00f3n que plant\u00f3 bandera y que contin\u00faa llevando a cabo el mito: una Bienal Internacional de Escultura chaque\u00f1a reconocida en el mundo por su condici\u00f3n inequ\u00edvoca, la del contacto directo con la comunidad. Entonces la ciudadan\u00eda, la comunidad, el mito fundante, las palabras, \u00bfy los narradores? La comunidad toda.<br \/>\nHoy, 6 de marzo, D\u00eda Internacional del Escultor, en la fresca noche chaque\u00f1a, se abrieron las puertas, una vez m\u00e1s, a la pr\u00f3xima edici\u00f3n de la Bienal Internacional de Escultura 2026, en el auditorio de la Casa de las Culturas. El evento fue abierto a toda la ciudadan\u00eda y respondieron colmando el espacio junto con la presencia, en representaci\u00f3n del gobernador del chaco de la secretaria general de gobernaci\u00f3n la doctora Carolina Meri\u00f1o; senadora nacional Silvana Sneider, se\u00f1ores y se\u00f1oras diputados provinciales en representaci\u00f3n de la se\u00f1ora presidente del poder legislativo, presidente del Instituto de Cultura Mario Zorrilla, autoridades del Poder Judicial, rector de FADyCC Gabriel Romero, Marylin Cristofani y otras autoridades.<br \/>\nNo olvidarse de los maestros, es un mantra antiguo y Fabriciano es gu\u00eda y ejemplo, en las emotivas palabras de Josese Eidman, Presidente de la Fundaci\u00f3n Urunday:<\/p>\n<p>\u201cNo es una casualidad. No es un hecho aislado o fortuito&#8230;<br \/>\nSon treinta y ocho a\u00f1os de fe y trabajo colectivo, que hoy ponen a Resistencia y al Chaco en el centro de una conversaci\u00f3n internacional sobre patrimonio cultural, derecho y pol\u00edticas p\u00fablicas.\u201d<br \/>\nA su vez, \u00e9l mismo, anunci\u00f3 otra novedad sobre esta edici\u00f3n que nos llena de orgullo<br \/>\n\u201cLa Bienal 2026 ser\u00e1 sede de la Reuni\u00f3n Anual y el Simposio del ICLAFI, el Comit\u00e9 Cient\u00edfico Internacional de Asuntos Legales, Administrativos y Financieros de ICOMOS, organismo consultivo oficial de la UNESCO en materia de patrimonio cultural.\u201d Lo que sigue posicionando a este evento como algo m\u00e1s, c\u00f3mo una plataforma de desarrollo cultural ampliada, que incorpor\u00f3 e incorpora nuevas disciplinas art\u00edsticas y expresiones culturales, y que en cada edici\u00f3n convoca a m\u00e1s visitantes.<\/p>\n<p>La Bienal Internacional de Escultura de este a\u00f1o recibi\u00f3 439 postulaciones<br \/>\nprovenientes de 70 pa\u00edses. La trayectoria de los artistas y la calidad de los proyectos<br \/>\nfueron los criterios para seleccionar a los 10 escultores consagrados.<\/p>\n<p>Los artistas seleccionados del mundo que vendr\u00e1n a Resistencia en la edici\u00f3n 2026 son:<br \/>\nArgentina: N\u00e9stor Vildoza;<br \/>\nBielorrusia: Alex Sorokin;<br \/>\nBulgaria: Georgi Minchev;<br \/>\nChile: Mauricio Guajardo;<br \/>\nEspa\u00f1a: Jos\u00e9 Carlos Cabello Mill\u00e1n;<br \/>\nItalia: Francesca Bernardini;<br \/>\nPolonia: Anna Teresa Rasinska;<br \/>\nTurqu\u00eda: Furkan Depeli;<br \/>\nUcrania: Lyudmyla Mysko;<br \/>\nUzbekist\u00e1n: Ulash Urakov.<\/p>\n<p>El material sobre el cual van a trabajar los 10 escultores internacionales es el m\u00e1rmol travertino y acero inoxidable (cada escultor eligi\u00f3 con qu\u00e9 material trabajar de manera alternativa o complementaria). Los diez proyectos que se llevar\u00e1n a cabo al aire libre durante las nueve jornadas de ceremonia est\u00e1n seleccionados. Solo queda esperar a julio para ver a los escultores internacionales en acci\u00f3n.<\/p>\n<p>En la edici\u00f3n 2026 tendr\u00e1 lugar el D\u00e9cimo Encuentro de Escultores Invitados.<br \/>\nConsagrados artistas realizar\u00e1n sus obras con amplia libertad de t\u00e9cnicas y materiales.<br \/>\nLos convocados son: Desir\u00e9e de Ridder, Carola Zech, Norma Siguelboim, Eka Acosta, Rafael Blasco Ciscar, Lucas Caricato, Oscar Leiva<\/p>\n<p>Adem\u00e1s, se mencionaron las actividades que engalar\u00e1n nuestra ciudad del 17 de julio al 26 de julio: PREMIO DESAF\u00cdO (Hierros Lider), MUESTRAS (Asociaci\u00f3n de Escultores Chaque\u00f1os), ARTESAN\u00cdA (S\u00e9ptimo Encuentro de Maestros Artesanos Argentinos y el Noveno Encuentro de Arte Ind\u00edgena y Artesan\u00eda de Pueblos Originarios.), FESTIVAL FILARM\u00d3NICO JUVENIL (La Fundaci\u00f3n Pradier \u2013 Redes Culturales), MADRE CANCION, AGIT\u00c1 LA BIENAL (Circuito Cultural Guaran\u00ed y G5 Conexiones), CONGRESO INTERNACIONAL DE ARTES (Facultad de Artes, Dise\u00f1o y Ciencias de la Cultura de la Universidad Nacional del Nordeste), SIMPOSIO Y REUNI\u00d3N ANUAL DEL ICLAFI \u2013 ICOMOS, ARTE Y TECNOLOG\u00cdA, CURSOS, TALLERES Y CONFERENCIAS, ARTES ESC\u00c9NICAS y EXPOSITORES.<\/p>\n<p>Para finalizar la ceremonia de apertura de la Bienal del Chaco, una acci\u00f3n art\u00edstica cerr\u00f3 la jornada, como no podr\u00eda ser de otra forma: Con el himno de esta edici\u00f3n 2026 compuesta por Alejandro Acosta y junto a la participaci\u00f3n de D\u00e9bora Monz\u00f3n, Lourdes Orellanoz, Florencia Pared Ferrazzano, P\u00eda Rol\u00f3n, Mar\u00eda de los \u00c1ngeles Sol\u00eds y Daiana Soto, bailarinas del Ballet Ferrazzano, del Ballet Porfirio y del Ballet Contempor\u00e1neo del Chaco elencos de nuestra provincia que trabajaron juntos para esta gala de lanzamiento. Un momento de alto impacto y belleza para toda la audiencia con la sorpresiva aparici\u00f3n de Fabriciano facilitada por la IA.<\/p>\n<p>Instituci\u00f3n, comunidad, gobierno y autoridades en mutuo acuerdo dan parte y ejemplifican el equilibrio que representa la Bienal en el seno de la Ciudad de Resistencia. Se abrieron, una vez m\u00e1s, las puertas de uno de los eventos culturales m\u00e1s relevantes de la regi\u00f3n que promete, nuevamente, hacer del arte un bien de todos.[\/vc_column_text][vc_empty_space height=&#8221;35px&#8221;]<div class=\"qode-advanced-image-gallery  qode-aig-masonry-type qode-tiny-space  qode-image-behavior-lightbox \">\n\t<div class=\"qode-aig-inner qode-outer-space qode-aig-masonry qode-aig-two-columns\">\n\t\t<div class=\"qode-aig-grid-sizer\"><\/div>\n\t\t<div class=\"qode-aig-grid-gutter\"><\/div>\n\t\t\t\t\t\t\t\t<div class=\"qode-aig-image qode-item-space qode-aig-default-masonry-item\">\n\t\t\t\t<div class=\"qode-aig-image-inner\">\n\t\t\t\t\t\t\t\t\t\t\t<a itemprop=\"image\" class=\"qode-aig-lightbox\" href=\"https:\/\/bienaldelchaco.org\/2026\/wp-content\/uploads\/2026\/03\/WhatsApp-Image-2026-03-19-at-14.46.38.jpg\" data-rel=\"prettyPhoto[image_gallery_pretty_photo-346]\" title=\"WhatsApp Image 2026-03-19 at 14.46.38\">\n\t\t\t\t\t\t\t\t\t\t\t\t\t<img loading=\"lazy\" decoding=\"async\" width=\"1000\" height=\"1333\" src=\"https:\/\/bienaldelchaco.org\/2026\/wp-content\/uploads\/2026\/03\/WhatsApp-Image-2026-03-19-at-14.46.38.jpg\" class=\"attachment-full size-full\" alt=\"\" srcset=\"https:\/\/bienaldelchaco.org\/2026\/wp-content\/uploads\/2026\/03\/WhatsApp-Image-2026-03-19-at-14.46.38.jpg 1000w, https:\/\/bienaldelchaco.org\/2026\/wp-content\/uploads\/2026\/03\/WhatsApp-Image-2026-03-19-at-14.46.38-225x300.jpg 225w, https:\/\/bienaldelchaco.org\/2026\/wp-content\/uploads\/2026\/03\/WhatsApp-Image-2026-03-19-at-14.46.38-768x1024.jpg 768w, https:\/\/bienaldelchaco.org\/2026\/wp-content\/uploads\/2026\/03\/WhatsApp-Image-2026-03-19-at-14.46.38-600x800.jpg 600w, https:\/\/bienaldelchaco.org\/2026\/wp-content\/uploads\/2026\/03\/WhatsApp-Image-2026-03-19-at-14.46.38-700x933.jpg 700w\" sizes=\"auto, (max-width: 1000px) 100vw, 1000px\" \/>\t\t\t\t\t\t<span class=\"aig-gallery-hover\">\n\t\t\t\t\t\t\t\t\t\t\t\t\t<\/span>\n\t\t\t\t\t\t\t\t\t\t\t<\/a>\n\t\t\t\t\t\t\t\t\t<\/div>\n\t\t\t<\/div>\n\t\t\t\t\t\t\t\t\t\t\t<div class=\"qode-aig-image qode-item-space qode-aig-default-masonry-item\">\n\t\t\t\t<div class=\"qode-aig-image-inner\">\n\t\t\t\t\t\t\t\t\t\t\t<a itemprop=\"image\" class=\"qode-aig-lightbox\" href=\"https:\/\/bienaldelchaco.org\/2026\/wp-content\/uploads\/2026\/03\/WhatsApp-Image-2026-03-19-at-14.46.38-3.jpg\" data-rel=\"prettyPhoto[image_gallery_pretty_photo-346]\" title=\"WhatsApp Image 2026-03-19 at 14.46.38 (3)\">\n\t\t\t\t\t\t\t\t\t\t\t\t\t<img loading=\"lazy\" decoding=\"async\" width=\"1000\" height=\"750\" src=\"https:\/\/bienaldelchaco.org\/2026\/wp-content\/uploads\/2026\/03\/WhatsApp-Image-2026-03-19-at-14.46.38-3.jpg\" class=\"attachment-full size-full\" alt=\"\" srcset=\"https:\/\/bienaldelchaco.org\/2026\/wp-content\/uploads\/2026\/03\/WhatsApp-Image-2026-03-19-at-14.46.38-3.jpg 1000w, https:\/\/bienaldelchaco.org\/2026\/wp-content\/uploads\/2026\/03\/WhatsApp-Image-2026-03-19-at-14.46.38-3-300x225.jpg 300w, https:\/\/bienaldelchaco.org\/2026\/wp-content\/uploads\/2026\/03\/WhatsApp-Image-2026-03-19-at-14.46.38-3-768x576.jpg 768w, https:\/\/bienaldelchaco.org\/2026\/wp-content\/uploads\/2026\/03\/WhatsApp-Image-2026-03-19-at-14.46.38-3-800x600.jpg 800w, https:\/\/bienaldelchaco.org\/2026\/wp-content\/uploads\/2026\/03\/WhatsApp-Image-2026-03-19-at-14.46.38-3-700x525.jpg 700w\" sizes=\"auto, (max-width: 1000px) 100vw, 1000px\" \/>\t\t\t\t\t\t<span class=\"aig-gallery-hover\">\n\t\t\t\t\t\t\t\t\t\t\t\t\t<\/span>\n\t\t\t\t\t\t\t\t\t\t\t<\/a>\n\t\t\t\t\t\t\t\t\t<\/div>\n\t\t\t<\/div>\n\t\t\t\t\t\t\t\t\t\t\t<div class=\"qode-aig-image qode-item-space qode-aig-default-masonry-item\">\n\t\t\t\t<div class=\"qode-aig-image-inner\">\n\t\t\t\t\t\t\t\t\t\t\t<a itemprop=\"image\" class=\"qode-aig-lightbox\" href=\"https:\/\/bienaldelchaco.org\/2026\/wp-content\/uploads\/2026\/03\/WhatsApp-Image-2026-03-19-at-14.46.38-2.jpg\" data-rel=\"prettyPhoto[image_gallery_pretty_photo-346]\" title=\"WhatsApp Image 2026-03-19 at 14.46.38 (2)\">\n\t\t\t\t\t\t\t\t\t\t\t\t\t<img loading=\"lazy\" decoding=\"async\" width=\"1000\" height=\"750\" src=\"https:\/\/bienaldelchaco.org\/2026\/wp-content\/uploads\/2026\/03\/WhatsApp-Image-2026-03-19-at-14.46.38-2.jpg\" class=\"attachment-full size-full\" alt=\"\" srcset=\"https:\/\/bienaldelchaco.org\/2026\/wp-content\/uploads\/2026\/03\/WhatsApp-Image-2026-03-19-at-14.46.38-2.jpg 1000w, https:\/\/bienaldelchaco.org\/2026\/wp-content\/uploads\/2026\/03\/WhatsApp-Image-2026-03-19-at-14.46.38-2-300x225.jpg 300w, https:\/\/bienaldelchaco.org\/2026\/wp-content\/uploads\/2026\/03\/WhatsApp-Image-2026-03-19-at-14.46.38-2-768x576.jpg 768w, https:\/\/bienaldelchaco.org\/2026\/wp-content\/uploads\/2026\/03\/WhatsApp-Image-2026-03-19-at-14.46.38-2-800x600.jpg 800w, https:\/\/bienaldelchaco.org\/2026\/wp-content\/uploads\/2026\/03\/WhatsApp-Image-2026-03-19-at-14.46.38-2-700x525.jpg 700w\" sizes=\"auto, (max-width: 1000px) 100vw, 1000px\" \/>\t\t\t\t\t\t<span class=\"aig-gallery-hover\">\n\t\t\t\t\t\t\t\t\t\t\t\t\t<\/span>\n\t\t\t\t\t\t\t\t\t\t\t<\/a>\n\t\t\t\t\t\t\t\t\t<\/div>\n\t\t\t<\/div>\n\t\t\t\t\t\t\t\t\t\t\t<div class=\"qode-aig-image qode-item-space qode-aig-default-masonry-item\">\n\t\t\t\t<div class=\"qode-aig-image-inner\">\n\t\t\t\t\t\t\t\t\t\t\t<a itemprop=\"image\" class=\"qode-aig-lightbox\" href=\"https:\/\/bienaldelchaco.org\/2026\/wp-content\/uploads\/2026\/03\/IMG_9192.jpg\" data-rel=\"prettyPhoto[image_gallery_pretty_photo-346]\" title=\"IMG_9192\">\n\t\t\t\t\t\t\t\t\t\t\t\t\t<img loading=\"lazy\" decoding=\"async\" width=\"1000\" height=\"667\" src=\"https:\/\/bienaldelchaco.org\/2026\/wp-content\/uploads\/2026\/03\/IMG_9192.jpg\" class=\"attachment-full size-full\" alt=\"\" srcset=\"https:\/\/bienaldelchaco.org\/2026\/wp-content\/uploads\/2026\/03\/IMG_9192.jpg 1000w, https:\/\/bienaldelchaco.org\/2026\/wp-content\/uploads\/2026\/03\/IMG_9192-300x200.jpg 300w, https:\/\/bienaldelchaco.org\/2026\/wp-content\/uploads\/2026\/03\/IMG_9192-768x512.jpg 768w, https:\/\/bienaldelchaco.org\/2026\/wp-content\/uploads\/2026\/03\/IMG_9192-700x467.jpg 700w\" sizes=\"auto, (max-width: 1000px) 100vw, 1000px\" \/>\t\t\t\t\t\t<span class=\"aig-gallery-hover\">\n\t\t\t\t\t\t\t\t\t\t\t\t\t<\/span>\n\t\t\t\t\t\t\t\t\t\t\t<\/a>\n\t\t\t\t\t\t\t\t\t<\/div>\n\t\t\t<\/div>\n\t\t\t\t\t\t\t\t\t\t\t<div class=\"qode-aig-image qode-item-space qode-aig-default-masonry-item\">\n\t\t\t\t<div class=\"qode-aig-image-inner\">\n\t\t\t\t\t\t\t\t\t\t\t<a itemprop=\"image\" class=\"qode-aig-lightbox\" href=\"https:\/\/bienaldelchaco.org\/2026\/wp-content\/uploads\/2026\/03\/WhatsApp-Image-2026-03-19-at-14.46.37.jpg\" data-rel=\"prettyPhoto[image_gallery_pretty_photo-346]\" title=\"WhatsApp Image 2026-03-19 at 14.46.37\">\n\t\t\t\t\t\t\t\t\t\t\t\t\t<img loading=\"lazy\" decoding=\"async\" width=\"1000\" height=\"1333\" src=\"https:\/\/bienaldelchaco.org\/2026\/wp-content\/uploads\/2026\/03\/WhatsApp-Image-2026-03-19-at-14.46.37.jpg\" class=\"attachment-full size-full\" alt=\"\" srcset=\"https:\/\/bienaldelchaco.org\/2026\/wp-content\/uploads\/2026\/03\/WhatsApp-Image-2026-03-19-at-14.46.37.jpg 1000w, https:\/\/bienaldelchaco.org\/2026\/wp-content\/uploads\/2026\/03\/WhatsApp-Image-2026-03-19-at-14.46.37-225x300.jpg 225w, https:\/\/bienaldelchaco.org\/2026\/wp-content\/uploads\/2026\/03\/WhatsApp-Image-2026-03-19-at-14.46.37-768x1024.jpg 768w, https:\/\/bienaldelchaco.org\/2026\/wp-content\/uploads\/2026\/03\/WhatsApp-Image-2026-03-19-at-14.46.37-600x800.jpg 600w, https:\/\/bienaldelchaco.org\/2026\/wp-content\/uploads\/2026\/03\/WhatsApp-Image-2026-03-19-at-14.46.37-700x933.jpg 700w\" sizes=\"auto, (max-width: 1000px) 100vw, 1000px\" \/>\t\t\t\t\t\t<span class=\"aig-gallery-hover\">\n\t\t\t\t\t\t\t\t\t\t\t\t\t<\/span>\n\t\t\t\t\t\t\t\t\t\t\t<\/a>\n\t\t\t\t\t\t\t\t\t<\/div>\n\t\t\t<\/div>\n\t\t\t\t\t\t\t\t\t\t\t<div class=\"qode-aig-image qode-item-space qode-aig-default-masonry-item\">\n\t\t\t\t<div class=\"qode-aig-image-inner\">\n\t\t\t\t\t\t\t\t\t\t\t<a itemprop=\"image\" class=\"qode-aig-lightbox\" href=\"https:\/\/bienaldelchaco.org\/2026\/wp-content\/uploads\/2026\/03\/IMG_9191.jpg\" data-rel=\"prettyPhoto[image_gallery_pretty_photo-346]\" title=\"IMG_9191\">\n\t\t\t\t\t\t\t\t\t\t\t\t\t<img loading=\"lazy\" decoding=\"async\" width=\"1000\" height=\"667\" src=\"https:\/\/bienaldelchaco.org\/2026\/wp-content\/uploads\/2026\/03\/IMG_9191.jpg\" class=\"attachment-full size-full\" alt=\"\" srcset=\"https:\/\/bienaldelchaco.org\/2026\/wp-content\/uploads\/2026\/03\/IMG_9191.jpg 1000w, https:\/\/bienaldelchaco.org\/2026\/wp-content\/uploads\/2026\/03\/IMG_9191-300x200.jpg 300w, https:\/\/bienaldelchaco.org\/2026\/wp-content\/uploads\/2026\/03\/IMG_9191-768x512.jpg 768w, https:\/\/bienaldelchaco.org\/2026\/wp-content\/uploads\/2026\/03\/IMG_9191-700x467.jpg 700w\" sizes=\"auto, (max-width: 1000px) 100vw, 1000px\" \/>\t\t\t\t\t\t<span class=\"aig-gallery-hover\">\n\t\t\t\t\t\t\t\t\t\t\t\t\t<\/span>\n\t\t\t\t\t\t\t\t\t\t\t<\/a>\n\t\t\t\t\t\t\t\t\t<\/div>\n\t\t\t<\/div>\n\t\t\t\t\t\t<\/div>\n<\/div>[vc_empty_space height=&#8221;100px&#8221;][\/vc_column][\/vc_row]<\/p>\n<\/div>","protected":false},"excerpt":{"rendered":"<p>[vc_row css_animation=&#8221;&#8221; row_type=&#8221;row&#8221; use_row_as_full_screen_section=&#8221;no&#8221; type=&#8221;full_width&#8221; angled_section=&#8221;no&#8221; text_align=&#8221;left&#8221; background_image_as_pattern=&#8221;without_pattern&#8221;][vc_column][vc_column_text css=&#8221;&#8221;] \u201cQue esta Bienal nos vuelva a dar la oportunidad de estar juntos y de mostrar lo mejor de nosotros.\u201d<\/p>\n","protected":false},"author":1,"featured_media":1517,"comment_status":"open","ping_status":"open","sticky":false,"template":"","format":"standard","meta":{"footnotes":""},"categories":[1],"tags":[],"class_list":["post-1515","post","type-post","status-publish","format-standard","has-post-thumbnail","hentry","category-sin-categoria"],"yoast_head":"<!-- This site is optimized with the Yoast SEO plugin v25.6 - https:\/\/yoast.com\/wordpress\/plugins\/seo\/ -->\n<title>Bienal del Chaco 2026: los escultores seleccionados y la agenda completa - Bienal del Chaco<\/title>\n<meta name=\"robots\" content=\"index, follow, max-snippet:-1, max-image-preview:large, max-video-preview:-1\" \/>\n<link rel=\"canonical\" href=\"https:\/\/bienaldelchaco.org\/2026\/bienal-del-chaco-2026-los-escultores-seleccionados-y-la-agenda-completa\/\" \/>\n<meta property=\"og:locale\" content=\"es_ES\" \/>\n<meta property=\"og:type\" content=\"article\" \/>\n<meta property=\"og:title\" content=\"Bienal del Chaco 2026: los escultores seleccionados y la agenda completa - Bienal del Chaco\" \/>\n<meta property=\"og:description\" content=\"[vc_row css_animation=&#8221;&#8221; row_type=&#8221;row&#8221; use_row_as_full_screen_section=&#8221;no&#8221; type=&#8221;full_width&#8221; angled_section=&#8221;no&#8221; text_align=&#8221;left&#8221; background_image_as_pattern=&#8221;without_pattern&#8221;][vc_column][vc_column_text css=&#8221;&#8221;] \u201cQue esta Bienal nos vuelva a dar la oportunidad de estar juntos y de mostrar lo mejor de nosotros.\u201d\" \/>\n<meta property=\"og:url\" content=\"https:\/\/bienaldelchaco.org\/2026\/bienal-del-chaco-2026-los-escultores-seleccionados-y-la-agenda-completa\/\" \/>\n<meta property=\"og:site_name\" content=\"Bienal del Chaco\" \/>\n<meta property=\"article:publisher\" content=\"https:\/\/www.facebook.com\/bienaldelchaco\" \/>\n<meta property=\"article:published_time\" content=\"2026-03-13T21:42:05+00:00\" \/>\n<meta property=\"article:modified_time\" content=\"2026-03-21T21:47:29+00:00\" \/>\n<meta property=\"og:image\" content=\"https:\/\/bienaldelchaco.org\/2026\/wp-content\/uploads\/2026\/03\/WhatsApp-Image-2026-03-19-at-14.46.38-1-1.jpg\" \/>\n\t<meta property=\"og:image:width\" content=\"1000\" \/>\n\t<meta property=\"og:image:height\" content=\"750\" \/>\n\t<meta property=\"og:image:type\" content=\"image\/jpeg\" \/>\n<meta name=\"author\" content=\"bitnessadmin\" \/>\n<meta name=\"twitter:card\" content=\"summary_large_image\" \/>\n<meta name=\"twitter:creator\" content=\"@bienaldelchaco\" \/>\n<meta name=\"twitter:site\" content=\"@bienaldelchaco\" \/>\n<meta name=\"twitter:label1\" content=\"Escrito por\" \/>\n\t<meta name=\"twitter:data1\" content=\"bitnessadmin\" \/>\n\t<meta name=\"twitter:label2\" content=\"Tiempo de lectura\" \/>\n\t<meta name=\"twitter:data2\" content=\"6 minutos\" \/>\n<script type=\"application\/ld+json\" class=\"yoast-schema-graph\">{\"@context\":\"https:\/\/schema.org\",\"@graph\":[{\"@type\":\"Article\",\"@id\":\"https:\/\/bienaldelchaco.org\/2026\/bienal-del-chaco-2026-los-escultores-seleccionados-y-la-agenda-completa\/#article\",\"isPartOf\":{\"@id\":\"https:\/\/bienaldelchaco.org\/2026\/bienal-del-chaco-2026-los-escultores-seleccionados-y-la-agenda-completa\/\"},\"author\":{\"name\":\"bitnessadmin\",\"@id\":\"https:\/\/bienaldelchaco.org\/2026\/#\/schema\/person\/1b8918c48c8b750f041d7dcc1614ef18\"},\"headline\":\"Bienal del Chaco 2026: los escultores seleccionados y la agenda completa\",\"datePublished\":\"2026-03-13T21:42:05+00:00\",\"dateModified\":\"2026-03-21T21:47:29+00:00\",\"mainEntityOfPage\":{\"@id\":\"https:\/\/bienaldelchaco.org\/2026\/bienal-del-chaco-2026-los-escultores-seleccionados-y-la-agenda-completa\/\"},\"wordCount\":1118,\"commentCount\":0,\"publisher\":{\"@id\":\"https:\/\/bienaldelchaco.org\/2026\/#organization\"},\"image\":{\"@id\":\"https:\/\/bienaldelchaco.org\/2026\/bienal-del-chaco-2026-los-escultores-seleccionados-y-la-agenda-completa\/#primaryimage\"},\"thumbnailUrl\":\"https:\/\/bienaldelchaco.org\/2026\/wp-content\/uploads\/2026\/03\/WhatsApp-Image-2026-03-19-at-14.46.38-1-1.jpg\",\"inLanguage\":\"es-AR\",\"potentialAction\":[{\"@type\":\"CommentAction\",\"name\":\"Comment\",\"target\":[\"https:\/\/bienaldelchaco.org\/2026\/bienal-del-chaco-2026-los-escultores-seleccionados-y-la-agenda-completa\/#respond\"]}]},{\"@type\":\"WebPage\",\"@id\":\"https:\/\/bienaldelchaco.org\/2026\/bienal-del-chaco-2026-los-escultores-seleccionados-y-la-agenda-completa\/\",\"url\":\"https:\/\/bienaldelchaco.org\/2026\/bienal-del-chaco-2026-los-escultores-seleccionados-y-la-agenda-completa\/\",\"name\":\"Bienal del Chaco 2026: los escultores seleccionados y la agenda completa - Bienal del Chaco\",\"isPartOf\":{\"@id\":\"https:\/\/bienaldelchaco.org\/2026\/#website\"},\"primaryImageOfPage\":{\"@id\":\"https:\/\/bienaldelchaco.org\/2026\/bienal-del-chaco-2026-los-escultores-seleccionados-y-la-agenda-completa\/#primaryimage\"},\"image\":{\"@id\":\"https:\/\/bienaldelchaco.org\/2026\/bienal-del-chaco-2026-los-escultores-seleccionados-y-la-agenda-completa\/#primaryimage\"},\"thumbnailUrl\":\"https:\/\/bienaldelchaco.org\/2026\/wp-content\/uploads\/2026\/03\/WhatsApp-Image-2026-03-19-at-14.46.38-1-1.jpg\",\"datePublished\":\"2026-03-13T21:42:05+00:00\",\"dateModified\":\"2026-03-21T21:47:29+00:00\",\"breadcrumb\":{\"@id\":\"https:\/\/bienaldelchaco.org\/2026\/bienal-del-chaco-2026-los-escultores-seleccionados-y-la-agenda-completa\/#breadcrumb\"},\"inLanguage\":\"es-AR\",\"potentialAction\":[{\"@type\":\"ReadAction\",\"target\":[\"https:\/\/bienaldelchaco.org\/2026\/bienal-del-chaco-2026-los-escultores-seleccionados-y-la-agenda-completa\/\"]}]},{\"@type\":\"ImageObject\",\"inLanguage\":\"es-AR\",\"@id\":\"https:\/\/bienaldelchaco.org\/2026\/bienal-del-chaco-2026-los-escultores-seleccionados-y-la-agenda-completa\/#primaryimage\",\"url\":\"https:\/\/bienaldelchaco.org\/2026\/wp-content\/uploads\/2026\/03\/WhatsApp-Image-2026-03-19-at-14.46.38-1-1.jpg\",\"contentUrl\":\"https:\/\/bienaldelchaco.org\/2026\/wp-content\/uploads\/2026\/03\/WhatsApp-Image-2026-03-19-at-14.46.38-1-1.jpg\",\"width\":1000,\"height\":750},{\"@type\":\"BreadcrumbList\",\"@id\":\"https:\/\/bienaldelchaco.org\/2026\/bienal-del-chaco-2026-los-escultores-seleccionados-y-la-agenda-completa\/#breadcrumb\",\"itemListElement\":[{\"@type\":\"ListItem\",\"position\":1,\"name\":\"Inicio\",\"item\":\"https:\/\/bienaldelchaco.org\/2026\/\"},{\"@type\":\"ListItem\",\"position\":2,\"name\":\"Bienal del Chaco 2026: los escultores seleccionados y la agenda completa\"}]},{\"@type\":\"WebSite\",\"@id\":\"https:\/\/bienaldelchaco.org\/2026\/#website\",\"url\":\"https:\/\/bienaldelchaco.org\/2026\/\",\"name\":\"Bienal del Chaco\",\"description\":\"\",\"publisher\":{\"@id\":\"https:\/\/bienaldelchaco.org\/2026\/#organization\"},\"potentialAction\":[{\"@type\":\"SearchAction\",\"target\":{\"@type\":\"EntryPoint\",\"urlTemplate\":\"https:\/\/bienaldelchaco.org\/2026\/?s={search_term_string}\"},\"query-input\":{\"@type\":\"PropertyValueSpecification\",\"valueRequired\":true,\"valueName\":\"search_term_string\"}}],\"inLanguage\":\"es-AR\"},{\"@type\":\"Organization\",\"@id\":\"https:\/\/bienaldelchaco.org\/2026\/#organization\",\"name\":\"Bienal del Chaco\",\"url\":\"https:\/\/bienaldelchaco.org\/2026\/\",\"logo\":{\"@type\":\"ImageObject\",\"inLanguage\":\"es-AR\",\"@id\":\"https:\/\/bienaldelchaco.org\/2026\/#\/schema\/logo\/image\/\",\"url\":\"https:\/\/bienaldelchaco.org\/2026\/wp-content\/uploads\/2025\/04\/web-logo-2026.png\",\"contentUrl\":\"https:\/\/bienaldelchaco.org\/2026\/wp-content\/uploads\/2025\/04\/web-logo-2026.png\",\"width\":145,\"height\":50,\"caption\":\"Bienal del Chaco\"},\"image\":{\"@id\":\"https:\/\/bienaldelchaco.org\/2026\/#\/schema\/logo\/image\/\"},\"sameAs\":[\"https:\/\/www.facebook.com\/bienaldelchaco\",\"https:\/\/x.com\/bienaldelchaco\",\"https:\/\/www.instagram.com\/bienaldelchaco\/\",\"https:\/\/www.youtube.com\/BienaldelChaco\"]},{\"@type\":\"Person\",\"@id\":\"https:\/\/bienaldelchaco.org\/2026\/#\/schema\/person\/1b8918c48c8b750f041d7dcc1614ef18\",\"name\":\"bitnessadmin\",\"image\":{\"@type\":\"ImageObject\",\"inLanguage\":\"es-AR\",\"@id\":\"https:\/\/bienaldelchaco.org\/2026\/#\/schema\/person\/image\/\",\"url\":\"https:\/\/secure.gravatar.com\/avatar\/441b367b6997ee3aae034996bf7b8bf6b85d8dd458e3cd0f1a0f7669a04bb0d9?s=96&d=mm&r=g\",\"contentUrl\":\"https:\/\/secure.gravatar.com\/avatar\/441b367b6997ee3aae034996bf7b8bf6b85d8dd458e3cd0f1a0f7669a04bb0d9?s=96&d=mm&r=g\",\"caption\":\"bitnessadmin\"},\"sameAs\":[\"https:\/\/bienaldelchaco.org\/2026\"],\"url\":\"https:\/\/bienaldelchaco.org\/2026\/author\/bitnessadmin\/\"}]}<\/script>\n<!-- \/ Yoast SEO plugin. -->","yoast_head_json":{"title":"Bienal del Chaco 2026: los escultores seleccionados y la agenda completa - Bienal del Chaco","robots":{"index":"index","follow":"follow","max-snippet":"max-snippet:-1","max-image-preview":"max-image-preview:large","max-video-preview":"max-video-preview:-1"},"canonical":"https:\/\/bienaldelchaco.org\/2026\/bienal-del-chaco-2026-los-escultores-seleccionados-y-la-agenda-completa\/","og_locale":"es_ES","og_type":"article","og_title":"Bienal del Chaco 2026: los escultores seleccionados y la agenda completa - Bienal del Chaco","og_description":"[vc_row css_animation=&#8221;&#8221; row_type=&#8221;row&#8221; use_row_as_full_screen_section=&#8221;no&#8221; type=&#8221;full_width&#8221; angled_section=&#8221;no&#8221; text_align=&#8221;left&#8221; background_image_as_pattern=&#8221;without_pattern&#8221;][vc_column][vc_column_text css=&#8221;&#8221;] \u201cQue esta Bienal nos vuelva a dar la oportunidad de estar juntos y de mostrar lo mejor de nosotros.\u201d","og_url":"https:\/\/bienaldelchaco.org\/2026\/bienal-del-chaco-2026-los-escultores-seleccionados-y-la-agenda-completa\/","og_site_name":"Bienal del Chaco","article_publisher":"https:\/\/www.facebook.com\/bienaldelchaco","article_published_time":"2026-03-13T21:42:05+00:00","article_modified_time":"2026-03-21T21:47:29+00:00","og_image":[{"width":1000,"height":750,"url":"https:\/\/bienaldelchaco.org\/2026\/wp-content\/uploads\/2026\/03\/WhatsApp-Image-2026-03-19-at-14.46.38-1-1.jpg","type":"image\/jpeg"}],"author":"bitnessadmin","twitter_card":"summary_large_image","twitter_creator":"@bienaldelchaco","twitter_site":"@bienaldelchaco","twitter_misc":{"Escrito por":"bitnessadmin","Tiempo de lectura":"6 minutos"},"schema":{"@context":"https:\/\/schema.org","@graph":[{"@type":"Article","@id":"https:\/\/bienaldelchaco.org\/2026\/bienal-del-chaco-2026-los-escultores-seleccionados-y-la-agenda-completa\/#article","isPartOf":{"@id":"https:\/\/bienaldelchaco.org\/2026\/bienal-del-chaco-2026-los-escultores-seleccionados-y-la-agenda-completa\/"},"author":{"name":"bitnessadmin","@id":"https:\/\/bienaldelchaco.org\/2026\/#\/schema\/person\/1b8918c48c8b750f041d7dcc1614ef18"},"headline":"Bienal del Chaco 2026: los escultores seleccionados y la agenda completa","datePublished":"2026-03-13T21:42:05+00:00","dateModified":"2026-03-21T21:47:29+00:00","mainEntityOfPage":{"@id":"https:\/\/bienaldelchaco.org\/2026\/bienal-del-chaco-2026-los-escultores-seleccionados-y-la-agenda-completa\/"},"wordCount":1118,"commentCount":0,"publisher":{"@id":"https:\/\/bienaldelchaco.org\/2026\/#organization"},"image":{"@id":"https:\/\/bienaldelchaco.org\/2026\/bienal-del-chaco-2026-los-escultores-seleccionados-y-la-agenda-completa\/#primaryimage"},"thumbnailUrl":"https:\/\/bienaldelchaco.org\/2026\/wp-content\/uploads\/2026\/03\/WhatsApp-Image-2026-03-19-at-14.46.38-1-1.jpg","inLanguage":"es-AR","potentialAction":[{"@type":"CommentAction","name":"Comment","target":["https:\/\/bienaldelchaco.org\/2026\/bienal-del-chaco-2026-los-escultores-seleccionados-y-la-agenda-completa\/#respond"]}]},{"@type":"WebPage","@id":"https:\/\/bienaldelchaco.org\/2026\/bienal-del-chaco-2026-los-escultores-seleccionados-y-la-agenda-completa\/","url":"https:\/\/bienaldelchaco.org\/2026\/bienal-del-chaco-2026-los-escultores-seleccionados-y-la-agenda-completa\/","name":"Bienal del Chaco 2026: los escultores seleccionados y la agenda completa - Bienal del Chaco","isPartOf":{"@id":"https:\/\/bienaldelchaco.org\/2026\/#website"},"primaryImageOfPage":{"@id":"https:\/\/bienaldelchaco.org\/2026\/bienal-del-chaco-2026-los-escultores-seleccionados-y-la-agenda-completa\/#primaryimage"},"image":{"@id":"https:\/\/bienaldelchaco.org\/2026\/bienal-del-chaco-2026-los-escultores-seleccionados-y-la-agenda-completa\/#primaryimage"},"thumbnailUrl":"https:\/\/bienaldelchaco.org\/2026\/wp-content\/uploads\/2026\/03\/WhatsApp-Image-2026-03-19-at-14.46.38-1-1.jpg","datePublished":"2026-03-13T21:42:05+00:00","dateModified":"2026-03-21T21:47:29+00:00","breadcrumb":{"@id":"https:\/\/bienaldelchaco.org\/2026\/bienal-del-chaco-2026-los-escultores-seleccionados-y-la-agenda-completa\/#breadcrumb"},"inLanguage":"es-AR","potentialAction":[{"@type":"ReadAction","target":["https:\/\/bienaldelchaco.org\/2026\/bienal-del-chaco-2026-los-escultores-seleccionados-y-la-agenda-completa\/"]}]},{"@type":"ImageObject","inLanguage":"es-AR","@id":"https:\/\/bienaldelchaco.org\/2026\/bienal-del-chaco-2026-los-escultores-seleccionados-y-la-agenda-completa\/#primaryimage","url":"https:\/\/bienaldelchaco.org\/2026\/wp-content\/uploads\/2026\/03\/WhatsApp-Image-2026-03-19-at-14.46.38-1-1.jpg","contentUrl":"https:\/\/bienaldelchaco.org\/2026\/wp-content\/uploads\/2026\/03\/WhatsApp-Image-2026-03-19-at-14.46.38-1-1.jpg","width":1000,"height":750},{"@type":"BreadcrumbList","@id":"https:\/\/bienaldelchaco.org\/2026\/bienal-del-chaco-2026-los-escultores-seleccionados-y-la-agenda-completa\/#breadcrumb","itemListElement":[{"@type":"ListItem","position":1,"name":"Inicio","item":"https:\/\/bienaldelchaco.org\/2026\/"},{"@type":"ListItem","position":2,"name":"Bienal del Chaco 2026: los escultores seleccionados y la agenda completa"}]},{"@type":"WebSite","@id":"https:\/\/bienaldelchaco.org\/2026\/#website","url":"https:\/\/bienaldelchaco.org\/2026\/","name":"Bienal del Chaco","description":"","publisher":{"@id":"https:\/\/bienaldelchaco.org\/2026\/#organization"},"potentialAction":[{"@type":"SearchAction","target":{"@type":"EntryPoint","urlTemplate":"https:\/\/bienaldelchaco.org\/2026\/?s={search_term_string}"},"query-input":{"@type":"PropertyValueSpecification","valueRequired":true,"valueName":"search_term_string"}}],"inLanguage":"es-AR"},{"@type":"Organization","@id":"https:\/\/bienaldelchaco.org\/2026\/#organization","name":"Bienal del Chaco","url":"https:\/\/bienaldelchaco.org\/2026\/","logo":{"@type":"ImageObject","inLanguage":"es-AR","@id":"https:\/\/bienaldelchaco.org\/2026\/#\/schema\/logo\/image\/","url":"https:\/\/bienaldelchaco.org\/2026\/wp-content\/uploads\/2025\/04\/web-logo-2026.png","contentUrl":"https:\/\/bienaldelchaco.org\/2026\/wp-content\/uploads\/2025\/04\/web-logo-2026.png","width":145,"height":50,"caption":"Bienal del Chaco"},"image":{"@id":"https:\/\/bienaldelchaco.org\/2026\/#\/schema\/logo\/image\/"},"sameAs":["https:\/\/www.facebook.com\/bienaldelchaco","https:\/\/x.com\/bienaldelchaco","https:\/\/www.instagram.com\/bienaldelchaco\/","https:\/\/www.youtube.com\/BienaldelChaco"]},{"@type":"Person","@id":"https:\/\/bienaldelchaco.org\/2026\/#\/schema\/person\/1b8918c48c8b750f041d7dcc1614ef18","name":"bitnessadmin","image":{"@type":"ImageObject","inLanguage":"es-AR","@id":"https:\/\/bienaldelchaco.org\/2026\/#\/schema\/person\/image\/","url":"https:\/\/secure.gravatar.com\/avatar\/441b367b6997ee3aae034996bf7b8bf6b85d8dd458e3cd0f1a0f7669a04bb0d9?s=96&d=mm&r=g","contentUrl":"https:\/\/secure.gravatar.com\/avatar\/441b367b6997ee3aae034996bf7b8bf6b85d8dd458e3cd0f1a0f7669a04bb0d9?s=96&d=mm&r=g","caption":"bitnessadmin"},"sameAs":["https:\/\/bienaldelchaco.org\/2026"],"url":"https:\/\/bienaldelchaco.org\/2026\/author\/bitnessadmin\/"}]}},"_links":{"self":[{"href":"https:\/\/bienaldelchaco.org\/2026\/wp-json\/wp\/v2\/posts\/1515","targetHints":{"allow":["GET"]}}],"collection":[{"href":"https:\/\/bienaldelchaco.org\/2026\/wp-json\/wp\/v2\/posts"}],"about":[{"href":"https:\/\/bienaldelchaco.org\/2026\/wp-json\/wp\/v2\/types\/post"}],"author":[{"embeddable":true,"href":"https:\/\/bienaldelchaco.org\/2026\/wp-json\/wp\/v2\/users\/1"}],"replies":[{"embeddable":true,"href":"https:\/\/bienaldelchaco.org\/2026\/wp-json\/wp\/v2\/comments?post=1515"}],"version-history":[{"count":2,"href":"https:\/\/bienaldelchaco.org\/2026\/wp-json\/wp\/v2\/posts\/1515\/revisions"}],"predecessor-version":[{"id":1525,"href":"https:\/\/bienaldelchaco.org\/2026\/wp-json\/wp\/v2\/posts\/1515\/revisions\/1525"}],"wp:featuredmedia":[{"embeddable":true,"href":"https:\/\/bienaldelchaco.org\/2026\/wp-json\/wp\/v2\/media\/1517"}],"wp:attachment":[{"href":"https:\/\/bienaldelchaco.org\/2026\/wp-json\/wp\/v2\/media?parent=1515"}],"wp:term":[{"taxonomy":"category","embeddable":true,"href":"https:\/\/bienaldelchaco.org\/2026\/wp-json\/wp\/v2\/categories?post=1515"},{"taxonomy":"post_tag","embeddable":true,"href":"https:\/\/bienaldelchaco.org\/2026\/wp-json\/wp\/v2\/tags?post=1515"}],"curies":[{"name":"wp","href":"https:\/\/api.w.org\/{rel}","templated":true}]}}