{"id":2050,"date":"2026-04-15T15:18:41","date_gmt":"2026-04-15T18:18:41","guid":{"rendered":"https:\/\/bienaldelchaco.org\/2026\/?p=2050"},"modified":"2026-04-15T15:18:41","modified_gmt":"2026-04-15T18:18:41","slug":"el-festival-filarmonico-regresa-a-la-bienal-del-chaco-2026-y-en-este-marco-se-suma-una-nueva-tecnicatura-para-musicos","status":"publish","type":"post","link":"https:\/\/bienaldelchaco.org\/2026\/el-festival-filarmonico-regresa-a-la-bienal-del-chaco-2026-y-en-este-marco-se-suma-una-nueva-tecnicatura-para-musicos\/","title":{"rendered":"El Festival Filarm\u00f3nico regresa a la Bienal del Chaco 2026 y en este marco se suma una nueva tecnicatura para m\u00fasicos"},"content":{"rendered":"<div class=\"wpb-content-wrapper\"><p>[vc_row css_animation=&#8221;&#8221; row_type=&#8221;row&#8221; use_row_as_full_screen_section=&#8221;no&#8221; type=&#8221;full_width&#8221; angled_section=&#8221;no&#8221; text_align=&#8221;left&#8221; background_image_as_pattern=&#8221;without_pattern&#8221;][vc_column][vc_column_text css=&#8221;&#8221;]<\/p>\n<div>\n<p>Resistencia fue escenario este mi\u00e9rcoles de dos anuncios que marcan un salto en el desarrollo musical de la regi\u00f3n. En el marco de la Bienal Internacional de Escultura del Chaco 2026, se confirm\u00f3 la sexta edici\u00f3n del Festival Filarm\u00f3nico Juvenil y se lanz\u00f3 la Tecnicatura de Instrumentista Orquestal, una carrera universitaria de tres a\u00f1os creada en articulaci\u00f3n entre la Universidad Nacional de las Artes (UNA) y la Universidad Nacional del Nordeste (UNNE).<\/p>\n<p>&nbsp;<\/p>\n<\/div>\n<div class=\"intro\"><!--more--><\/div>\n<div>\n<p>La conferencia de prensa reuni\u00f3 a Jos\u00e9 Eidman (Fundaci\u00f3n Urunday), C\u00e9sar Pradier (organizador del Festival), Gabriel Romero (FADyCC- UNNE), Mario Zorrilla (Instituto de Cultura) y representantes del Gobierno del Chaco y de la Municipalidad de Resistencia.<\/p>\n<p>El Festival Filarm\u00f3nico Juvenil, que alcanzar\u00e1 su sexta edici\u00f3n, constituye el eje musical de la Bienal y propone una semana de formaci\u00f3n intensiva destinada a j\u00f3venes m\u00fasicos, con clases magistrales, talleres, ensayos y conciertos abiertos al p\u00fablico. Esta propuesta re\u00fane a estudiantes, profesores y destacados profesionales de la m\u00fasica de Argentina y de otros pa\u00edses, promoviendo el intercambio cultural y el fortalecimiento de las capacidades art\u00edsticas en el territorio.<\/p>\n<p>El Festival se consolida as\u00ed como una plataforma de formaci\u00f3n y desarrollo sociocultural, que articula la pr\u00e1ctica orquestal con procesos educativos y comunitarios, generando impacto tanto en los participantes directos como en sus comunidades de origen.<\/p>\n<p>En este mismo marco se anunci\u00f3 la implementaci\u00f3n de la Tecnicatura de Instrumentista Orquestal, una carrera de tres a\u00f1os creada por la Universidad Nacional de las Artes y desarrollada en articulaci\u00f3n con la UNNE y la Fundaci\u00f3n Pradier. La propuesta busca fortalecer la profesionalizaci\u00f3n de j\u00f3venes m\u00fasicos y docentes, ofreciendo una formaci\u00f3n acad\u00e9mica orientada a la pr\u00e1ctica orquestal y al desarrollo t\u00e9cnico-instrumental.<\/p>\n<p>Esta nueva oferta acad\u00e9mica representa un paso significativo en la consolidaci\u00f3n de un ecosistema de formaci\u00f3n musical en la regi\u00f3n, posicionando al nordeste como un territorio que no solo produce experiencias culturales de alto impacto, sino que tambi\u00e9n genera oportunidades concretas de desarrollo profesional en el campo de las artes.<\/p>\n<p>Ambas iniciativas reflejan una visi\u00f3n compartida entre instituciones p\u00fablicas y privadas, orientada a fortalecer la cultura como herramienta de inclusi\u00f3n, formaci\u00f3n y desarrollo territorial, en el marco de uno de los eventos culturales m\u00e1s relevantes del pa\u00eds que se llevar\u00e1 a cabo del 17 al 26 de julio de 2026.<\/p>\n<\/div>\n<p>&nbsp;<\/p>\n<p><img loading=\"lazy\" decoding=\"async\" class=\"aligncenter size-full wp-image-2053\" src=\"https:\/\/bienaldelchaco.org\/2026\/wp-content\/uploads\/2026\/04\/festival-filarmonico-nota-3.jpeg\" alt=\"\" width=\"1600\" height=\"917\" srcset=\"https:\/\/bienaldelchaco.org\/2026\/wp-content\/uploads\/2026\/04\/festival-filarmonico-nota-3.jpeg 1600w, https:\/\/bienaldelchaco.org\/2026\/wp-content\/uploads\/2026\/04\/festival-filarmonico-nota-3-300x172.jpeg 300w, https:\/\/bienaldelchaco.org\/2026\/wp-content\/uploads\/2026\/04\/festival-filarmonico-nota-3-1024x587.jpeg 1024w, https:\/\/bienaldelchaco.org\/2026\/wp-content\/uploads\/2026\/04\/festival-filarmonico-nota-3-768x440.jpeg 768w, https:\/\/bienaldelchaco.org\/2026\/wp-content\/uploads\/2026\/04\/festival-filarmonico-nota-3-1536x880.jpeg 1536w, https:\/\/bienaldelchaco.org\/2026\/wp-content\/uploads\/2026\/04\/festival-filarmonico-nota-3-345x198.jpeg 345w, https:\/\/bienaldelchaco.org\/2026\/wp-content\/uploads\/2026\/04\/festival-filarmonico-nota-3-700x401.jpeg 700w\" sizes=\"auto, (max-width: 1600px) 100vw, 1600px\" \/><\/p>\n<p>&nbsp;<\/p>\n<p><img loading=\"lazy\" decoding=\"async\" class=\"aligncenter size-full wp-image-2052\" src=\"https:\/\/bienaldelchaco.org\/2026\/wp-content\/uploads\/2026\/04\/festival-filarmonico-nota-2-scaled.jpeg\" alt=\"\" width=\"2560\" height=\"1920\" srcset=\"https:\/\/bienaldelchaco.org\/2026\/wp-content\/uploads\/2026\/04\/festival-filarmonico-nota-2-scaled.jpeg 2560w, https:\/\/bienaldelchaco.org\/2026\/wp-content\/uploads\/2026\/04\/festival-filarmonico-nota-2-300x225.jpeg 300w, https:\/\/bienaldelchaco.org\/2026\/wp-content\/uploads\/2026\/04\/festival-filarmonico-nota-2-1024x768.jpeg 1024w, https:\/\/bienaldelchaco.org\/2026\/wp-content\/uploads\/2026\/04\/festival-filarmonico-nota-2-768x576.jpeg 768w, https:\/\/bienaldelchaco.org\/2026\/wp-content\/uploads\/2026\/04\/festival-filarmonico-nota-2-1536x1152.jpeg 1536w, https:\/\/bienaldelchaco.org\/2026\/wp-content\/uploads\/2026\/04\/festival-filarmonico-nota-2-2048x1536.jpeg 2048w, https:\/\/bienaldelchaco.org\/2026\/wp-content\/uploads\/2026\/04\/festival-filarmonico-nota-2-800x600.jpeg 800w, https:\/\/bienaldelchaco.org\/2026\/wp-content\/uploads\/2026\/04\/festival-filarmonico-nota-2-700x525.jpeg 700w\" sizes=\"auto, (max-width: 2560px) 100vw, 2560px\" \/>[\/vc_column_text][vc_empty_space height=&#8221;100px&#8221;][\/vc_column][\/vc_row]<\/p>\n<\/div>","protected":false},"excerpt":{"rendered":"<p>[vc_row css_animation=&#8221;&#8221; row_type=&#8221;row&#8221; use_row_as_full_screen_section=&#8221;no&#8221; type=&#8221;full_width&#8221; angled_section=&#8221;no&#8221; text_align=&#8221;left&#8221; background_image_as_pattern=&#8221;without_pattern&#8221;][vc_column][vc_column_text css=&#8221;&#8221;] Resistencia fue escenario este mi\u00e9rcoles de dos anuncios que marcan un salto en el desarrollo musical de la regi\u00f3n. En el marco de la Bienal Internacional de Escultura del Chaco 2026, se confirm\u00f3 la sexta edici\u00f3n&#8230;<\/p>\n","protected":false},"author":1,"featured_media":2051,"comment_status":"open","ping_status":"open","sticky":false,"template":"","format":"standard","meta":{"footnotes":""},"categories":[1],"tags":[],"class_list":["post-2050","post","type-post","status-publish","format-standard","has-post-thumbnail","hentry","category-sin-categoria"],"yoast_head":"<!-- This site is optimized with the Yoast SEO plugin v25.6 - https:\/\/yoast.com\/wordpress\/plugins\/seo\/ -->\n<title>El Festival Filarm\u00f3nico regresa a la Bienal del Chaco 2026 y en este marco se suma una nueva tecnicatura para m\u00fasicos - Bienal del Chaco<\/title>\n<meta name=\"robots\" content=\"index, follow, max-snippet:-1, max-image-preview:large, max-video-preview:-1\" \/>\n<link rel=\"canonical\" href=\"https:\/\/bienaldelchaco.org\/2026\/el-festival-filarmonico-regresa-a-la-bienal-del-chaco-2026-y-en-este-marco-se-suma-una-nueva-tecnicatura-para-musicos\/\" \/>\n<meta property=\"og:locale\" content=\"es_ES\" \/>\n<meta property=\"og:type\" content=\"article\" \/>\n<meta property=\"og:title\" content=\"El Festival Filarm\u00f3nico regresa a la Bienal del Chaco 2026 y en este marco se suma una nueva tecnicatura para m\u00fasicos - Bienal del Chaco\" \/>\n<meta property=\"og:description\" content=\"[vc_row css_animation=&#8221;&#8221; row_type=&#8221;row&#8221; use_row_as_full_screen_section=&#8221;no&#8221; type=&#8221;full_width&#8221; angled_section=&#8221;no&#8221; text_align=&#8221;left&#8221; background_image_as_pattern=&#8221;without_pattern&#8221;][vc_column][vc_column_text css=&#8221;&#8221;] Resistencia fue escenario este mi\u00e9rcoles de dos anuncios que marcan un salto en el desarrollo musical de la regi\u00f3n. En el marco de la Bienal Internacional de Escultura del Chaco 2026, se confirm\u00f3 la sexta edici\u00f3n...\" \/>\n<meta property=\"og:url\" content=\"https:\/\/bienaldelchaco.org\/2026\/el-festival-filarmonico-regresa-a-la-bienal-del-chaco-2026-y-en-este-marco-se-suma-una-nueva-tecnicatura-para-musicos\/\" \/>\n<meta property=\"og:site_name\" content=\"Bienal del Chaco\" \/>\n<meta property=\"article:publisher\" content=\"https:\/\/www.facebook.com\/bienaldelchaco\" \/>\n<meta property=\"article:published_time\" content=\"2026-04-15T18:18:41+00:00\" \/>\n<meta property=\"og:image\" content=\"https:\/\/bienaldelchaco.org\/2026\/wp-content\/uploads\/2026\/04\/festival-filarmonico-nota-1-scaled.jpeg\" \/>\n\t<meta property=\"og:image:width\" content=\"2560\" \/>\n\t<meta property=\"og:image:height\" content=\"1707\" \/>\n\t<meta property=\"og:image:type\" content=\"image\/jpeg\" \/>\n<meta name=\"author\" content=\"bitnessadmin\" \/>\n<meta name=\"twitter:card\" content=\"summary_large_image\" \/>\n<meta name=\"twitter:creator\" content=\"@bienaldelchaco\" \/>\n<meta name=\"twitter:site\" content=\"@bienaldelchaco\" \/>\n<meta name=\"twitter:label1\" content=\"Escrito por\" \/>\n\t<meta name=\"twitter:data1\" content=\"bitnessadmin\" \/>\n\t<meta name=\"twitter:label2\" content=\"Tiempo de lectura\" \/>\n\t<meta name=\"twitter:data2\" content=\"2 minutos\" \/>\n<script type=\"application\/ld+json\" class=\"yoast-schema-graph\">{\"@context\":\"https:\/\/schema.org\",\"@graph\":[{\"@type\":\"Article\",\"@id\":\"https:\/\/bienaldelchaco.org\/2026\/el-festival-filarmonico-regresa-a-la-bienal-del-chaco-2026-y-en-este-marco-se-suma-una-nueva-tecnicatura-para-musicos\/#article\",\"isPartOf\":{\"@id\":\"https:\/\/bienaldelchaco.org\/2026\/el-festival-filarmonico-regresa-a-la-bienal-del-chaco-2026-y-en-este-marco-se-suma-una-nueva-tecnicatura-para-musicos\/\"},\"author\":{\"name\":\"bitnessadmin\",\"@id\":\"https:\/\/bienaldelchaco.org\/2026\/#\/schema\/person\/1b8918c48c8b750f041d7dcc1614ef18\"},\"headline\":\"El Festival Filarm\u00f3nico regresa a la Bienal del Chaco 2026 y en este marco se suma una nueva tecnicatura para m\u00fasicos\",\"datePublished\":\"2026-04-15T18:18:41+00:00\",\"mainEntityOfPage\":{\"@id\":\"https:\/\/bienaldelchaco.org\/2026\/el-festival-filarmonico-regresa-a-la-bienal-del-chaco-2026-y-en-este-marco-se-suma-una-nueva-tecnicatura-para-musicos\/\"},\"wordCount\":485,\"commentCount\":0,\"publisher\":{\"@id\":\"https:\/\/bienaldelchaco.org\/2026\/#organization\"},\"image\":{\"@id\":\"https:\/\/bienaldelchaco.org\/2026\/el-festival-filarmonico-regresa-a-la-bienal-del-chaco-2026-y-en-este-marco-se-suma-una-nueva-tecnicatura-para-musicos\/#primaryimage\"},\"thumbnailUrl\":\"https:\/\/bienaldelchaco.org\/2026\/wp-content\/uploads\/2026\/04\/festival-filarmonico-nota-1-scaled.jpeg\",\"inLanguage\":\"es-AR\",\"potentialAction\":[{\"@type\":\"CommentAction\",\"name\":\"Comment\",\"target\":[\"https:\/\/bienaldelchaco.org\/2026\/el-festival-filarmonico-regresa-a-la-bienal-del-chaco-2026-y-en-este-marco-se-suma-una-nueva-tecnicatura-para-musicos\/#respond\"]}]},{\"@type\":\"WebPage\",\"@id\":\"https:\/\/bienaldelchaco.org\/2026\/el-festival-filarmonico-regresa-a-la-bienal-del-chaco-2026-y-en-este-marco-se-suma-una-nueva-tecnicatura-para-musicos\/\",\"url\":\"https:\/\/bienaldelchaco.org\/2026\/el-festival-filarmonico-regresa-a-la-bienal-del-chaco-2026-y-en-este-marco-se-suma-una-nueva-tecnicatura-para-musicos\/\",\"name\":\"El Festival Filarm\u00f3nico regresa a la Bienal del Chaco 2026 y en este marco se suma una nueva tecnicatura para m\u00fasicos - Bienal del Chaco\",\"isPartOf\":{\"@id\":\"https:\/\/bienaldelchaco.org\/2026\/#website\"},\"primaryImageOfPage\":{\"@id\":\"https:\/\/bienaldelchaco.org\/2026\/el-festival-filarmonico-regresa-a-la-bienal-del-chaco-2026-y-en-este-marco-se-suma-una-nueva-tecnicatura-para-musicos\/#primaryimage\"},\"image\":{\"@id\":\"https:\/\/bienaldelchaco.org\/2026\/el-festival-filarmonico-regresa-a-la-bienal-del-chaco-2026-y-en-este-marco-se-suma-una-nueva-tecnicatura-para-musicos\/#primaryimage\"},\"thumbnailUrl\":\"https:\/\/bienaldelchaco.org\/2026\/wp-content\/uploads\/2026\/04\/festival-filarmonico-nota-1-scaled.jpeg\",\"datePublished\":\"2026-04-15T18:18:41+00:00\",\"breadcrumb\":{\"@id\":\"https:\/\/bienaldelchaco.org\/2026\/el-festival-filarmonico-regresa-a-la-bienal-del-chaco-2026-y-en-este-marco-se-suma-una-nueva-tecnicatura-para-musicos\/#breadcrumb\"},\"inLanguage\":\"es-AR\",\"potentialAction\":[{\"@type\":\"ReadAction\",\"target\":[\"https:\/\/bienaldelchaco.org\/2026\/el-festival-filarmonico-regresa-a-la-bienal-del-chaco-2026-y-en-este-marco-se-suma-una-nueva-tecnicatura-para-musicos\/\"]}]},{\"@type\":\"ImageObject\",\"inLanguage\":\"es-AR\",\"@id\":\"https:\/\/bienaldelchaco.org\/2026\/el-festival-filarmonico-regresa-a-la-bienal-del-chaco-2026-y-en-este-marco-se-suma-una-nueva-tecnicatura-para-musicos\/#primaryimage\",\"url\":\"https:\/\/bienaldelchaco.org\/2026\/wp-content\/uploads\/2026\/04\/festival-filarmonico-nota-1-scaled.jpeg\",\"contentUrl\":\"https:\/\/bienaldelchaco.org\/2026\/wp-content\/uploads\/2026\/04\/festival-filarmonico-nota-1-scaled.jpeg\",\"width\":2560,\"height\":1707},{\"@type\":\"BreadcrumbList\",\"@id\":\"https:\/\/bienaldelchaco.org\/2026\/el-festival-filarmonico-regresa-a-la-bienal-del-chaco-2026-y-en-este-marco-se-suma-una-nueva-tecnicatura-para-musicos\/#breadcrumb\",\"itemListElement\":[{\"@type\":\"ListItem\",\"position\":1,\"name\":\"Inicio\",\"item\":\"https:\/\/bienaldelchaco.org\/2026\/\"},{\"@type\":\"ListItem\",\"position\":2,\"name\":\"El Festival Filarm\u00f3nico regresa a la Bienal del Chaco 2026 y en este marco se suma una nueva tecnicatura para m\u00fasicos\"}]},{\"@type\":\"WebSite\",\"@id\":\"https:\/\/bienaldelchaco.org\/2026\/#website\",\"url\":\"https:\/\/bienaldelchaco.org\/2026\/\",\"name\":\"Bienal del Chaco\",\"description\":\"\",\"publisher\":{\"@id\":\"https:\/\/bienaldelchaco.org\/2026\/#organization\"},\"potentialAction\":[{\"@type\":\"SearchAction\",\"target\":{\"@type\":\"EntryPoint\",\"urlTemplate\":\"https:\/\/bienaldelchaco.org\/2026\/?s={search_term_string}\"},\"query-input\":{\"@type\":\"PropertyValueSpecification\",\"valueRequired\":true,\"valueName\":\"search_term_string\"}}],\"inLanguage\":\"es-AR\"},{\"@type\":\"Organization\",\"@id\":\"https:\/\/bienaldelchaco.org\/2026\/#organization\",\"name\":\"Bienal del Chaco\",\"url\":\"https:\/\/bienaldelchaco.org\/2026\/\",\"logo\":{\"@type\":\"ImageObject\",\"inLanguage\":\"es-AR\",\"@id\":\"https:\/\/bienaldelchaco.org\/2026\/#\/schema\/logo\/image\/\",\"url\":\"https:\/\/bienaldelchaco.org\/2026\/wp-content\/uploads\/2025\/04\/web-logo-2026.png\",\"contentUrl\":\"https:\/\/bienaldelchaco.org\/2026\/wp-content\/uploads\/2025\/04\/web-logo-2026.png\",\"width\":145,\"height\":50,\"caption\":\"Bienal del Chaco\"},\"image\":{\"@id\":\"https:\/\/bienaldelchaco.org\/2026\/#\/schema\/logo\/image\/\"},\"sameAs\":[\"https:\/\/www.facebook.com\/bienaldelchaco\",\"https:\/\/x.com\/bienaldelchaco\",\"https:\/\/www.instagram.com\/bienaldelchaco\/\",\"https:\/\/www.youtube.com\/BienaldelChaco\"]},{\"@type\":\"Person\",\"@id\":\"https:\/\/bienaldelchaco.org\/2026\/#\/schema\/person\/1b8918c48c8b750f041d7dcc1614ef18\",\"name\":\"bitnessadmin\",\"image\":{\"@type\":\"ImageObject\",\"inLanguage\":\"es-AR\",\"@id\":\"https:\/\/bienaldelchaco.org\/2026\/#\/schema\/person\/image\/\",\"url\":\"https:\/\/secure.gravatar.com\/avatar\/441b367b6997ee3aae034996bf7b8bf6b85d8dd458e3cd0f1a0f7669a04bb0d9?s=96&d=mm&r=g\",\"contentUrl\":\"https:\/\/secure.gravatar.com\/avatar\/441b367b6997ee3aae034996bf7b8bf6b85d8dd458e3cd0f1a0f7669a04bb0d9?s=96&d=mm&r=g\",\"caption\":\"bitnessadmin\"},\"sameAs\":[\"https:\/\/bienaldelchaco.org\/2026\"],\"url\":\"https:\/\/bienaldelchaco.org\/2026\/author\/bitnessadmin\/\"}]}<\/script>\n<!-- \/ Yoast SEO plugin. -->","yoast_head_json":{"title":"El Festival Filarm\u00f3nico regresa a la Bienal del Chaco 2026 y en este marco se suma una nueva tecnicatura para m\u00fasicos - Bienal del Chaco","robots":{"index":"index","follow":"follow","max-snippet":"max-snippet:-1","max-image-preview":"max-image-preview:large","max-video-preview":"max-video-preview:-1"},"canonical":"https:\/\/bienaldelchaco.org\/2026\/el-festival-filarmonico-regresa-a-la-bienal-del-chaco-2026-y-en-este-marco-se-suma-una-nueva-tecnicatura-para-musicos\/","og_locale":"es_ES","og_type":"article","og_title":"El Festival Filarm\u00f3nico regresa a la Bienal del Chaco 2026 y en este marco se suma una nueva tecnicatura para m\u00fasicos - Bienal del Chaco","og_description":"[vc_row css_animation=&#8221;&#8221; row_type=&#8221;row&#8221; use_row_as_full_screen_section=&#8221;no&#8221; type=&#8221;full_width&#8221; angled_section=&#8221;no&#8221; text_align=&#8221;left&#8221; background_image_as_pattern=&#8221;without_pattern&#8221;][vc_column][vc_column_text css=&#8221;&#8221;] Resistencia fue escenario este mi\u00e9rcoles de dos anuncios que marcan un salto en el desarrollo musical de la regi\u00f3n. En el marco de la Bienal Internacional de Escultura del Chaco 2026, se confirm\u00f3 la sexta edici\u00f3n...","og_url":"https:\/\/bienaldelchaco.org\/2026\/el-festival-filarmonico-regresa-a-la-bienal-del-chaco-2026-y-en-este-marco-se-suma-una-nueva-tecnicatura-para-musicos\/","og_site_name":"Bienal del Chaco","article_publisher":"https:\/\/www.facebook.com\/bienaldelchaco","article_published_time":"2026-04-15T18:18:41+00:00","og_image":[{"width":2560,"height":1707,"url":"https:\/\/bienaldelchaco.org\/2026\/wp-content\/uploads\/2026\/04\/festival-filarmonico-nota-1-scaled.jpeg","type":"image\/jpeg"}],"author":"bitnessadmin","twitter_card":"summary_large_image","twitter_creator":"@bienaldelchaco","twitter_site":"@bienaldelchaco","twitter_misc":{"Escrito por":"bitnessadmin","Tiempo de lectura":"2 minutos"},"schema":{"@context":"https:\/\/schema.org","@graph":[{"@type":"Article","@id":"https:\/\/bienaldelchaco.org\/2026\/el-festival-filarmonico-regresa-a-la-bienal-del-chaco-2026-y-en-este-marco-se-suma-una-nueva-tecnicatura-para-musicos\/#article","isPartOf":{"@id":"https:\/\/bienaldelchaco.org\/2026\/el-festival-filarmonico-regresa-a-la-bienal-del-chaco-2026-y-en-este-marco-se-suma-una-nueva-tecnicatura-para-musicos\/"},"author":{"name":"bitnessadmin","@id":"https:\/\/bienaldelchaco.org\/2026\/#\/schema\/person\/1b8918c48c8b750f041d7dcc1614ef18"},"headline":"El Festival Filarm\u00f3nico regresa a la Bienal del Chaco 2026 y en este marco se suma una nueva tecnicatura para m\u00fasicos","datePublished":"2026-04-15T18:18:41+00:00","mainEntityOfPage":{"@id":"https:\/\/bienaldelchaco.org\/2026\/el-festival-filarmonico-regresa-a-la-bienal-del-chaco-2026-y-en-este-marco-se-suma-una-nueva-tecnicatura-para-musicos\/"},"wordCount":485,"commentCount":0,"publisher":{"@id":"https:\/\/bienaldelchaco.org\/2026\/#organization"},"image":{"@id":"https:\/\/bienaldelchaco.org\/2026\/el-festival-filarmonico-regresa-a-la-bienal-del-chaco-2026-y-en-este-marco-se-suma-una-nueva-tecnicatura-para-musicos\/#primaryimage"},"thumbnailUrl":"https:\/\/bienaldelchaco.org\/2026\/wp-content\/uploads\/2026\/04\/festival-filarmonico-nota-1-scaled.jpeg","inLanguage":"es-AR","potentialAction":[{"@type":"CommentAction","name":"Comment","target":["https:\/\/bienaldelchaco.org\/2026\/el-festival-filarmonico-regresa-a-la-bienal-del-chaco-2026-y-en-este-marco-se-suma-una-nueva-tecnicatura-para-musicos\/#respond"]}]},{"@type":"WebPage","@id":"https:\/\/bienaldelchaco.org\/2026\/el-festival-filarmonico-regresa-a-la-bienal-del-chaco-2026-y-en-este-marco-se-suma-una-nueva-tecnicatura-para-musicos\/","url":"https:\/\/bienaldelchaco.org\/2026\/el-festival-filarmonico-regresa-a-la-bienal-del-chaco-2026-y-en-este-marco-se-suma-una-nueva-tecnicatura-para-musicos\/","name":"El Festival Filarm\u00f3nico regresa a la Bienal del Chaco 2026 y en este marco se suma una nueva tecnicatura para m\u00fasicos - Bienal del Chaco","isPartOf":{"@id":"https:\/\/bienaldelchaco.org\/2026\/#website"},"primaryImageOfPage":{"@id":"https:\/\/bienaldelchaco.org\/2026\/el-festival-filarmonico-regresa-a-la-bienal-del-chaco-2026-y-en-este-marco-se-suma-una-nueva-tecnicatura-para-musicos\/#primaryimage"},"image":{"@id":"https:\/\/bienaldelchaco.org\/2026\/el-festival-filarmonico-regresa-a-la-bienal-del-chaco-2026-y-en-este-marco-se-suma-una-nueva-tecnicatura-para-musicos\/#primaryimage"},"thumbnailUrl":"https:\/\/bienaldelchaco.org\/2026\/wp-content\/uploads\/2026\/04\/festival-filarmonico-nota-1-scaled.jpeg","datePublished":"2026-04-15T18:18:41+00:00","breadcrumb":{"@id":"https:\/\/bienaldelchaco.org\/2026\/el-festival-filarmonico-regresa-a-la-bienal-del-chaco-2026-y-en-este-marco-se-suma-una-nueva-tecnicatura-para-musicos\/#breadcrumb"},"inLanguage":"es-AR","potentialAction":[{"@type":"ReadAction","target":["https:\/\/bienaldelchaco.org\/2026\/el-festival-filarmonico-regresa-a-la-bienal-del-chaco-2026-y-en-este-marco-se-suma-una-nueva-tecnicatura-para-musicos\/"]}]},{"@type":"ImageObject","inLanguage":"es-AR","@id":"https:\/\/bienaldelchaco.org\/2026\/el-festival-filarmonico-regresa-a-la-bienal-del-chaco-2026-y-en-este-marco-se-suma-una-nueva-tecnicatura-para-musicos\/#primaryimage","url":"https:\/\/bienaldelchaco.org\/2026\/wp-content\/uploads\/2026\/04\/festival-filarmonico-nota-1-scaled.jpeg","contentUrl":"https:\/\/bienaldelchaco.org\/2026\/wp-content\/uploads\/2026\/04\/festival-filarmonico-nota-1-scaled.jpeg","width":2560,"height":1707},{"@type":"BreadcrumbList","@id":"https:\/\/bienaldelchaco.org\/2026\/el-festival-filarmonico-regresa-a-la-bienal-del-chaco-2026-y-en-este-marco-se-suma-una-nueva-tecnicatura-para-musicos\/#breadcrumb","itemListElement":[{"@type":"ListItem","position":1,"name":"Inicio","item":"https:\/\/bienaldelchaco.org\/2026\/"},{"@type":"ListItem","position":2,"name":"El Festival Filarm\u00f3nico regresa a la Bienal del Chaco 2026 y en este marco se suma una nueva tecnicatura para m\u00fasicos"}]},{"@type":"WebSite","@id":"https:\/\/bienaldelchaco.org\/2026\/#website","url":"https:\/\/bienaldelchaco.org\/2026\/","name":"Bienal del Chaco","description":"","publisher":{"@id":"https:\/\/bienaldelchaco.org\/2026\/#organization"},"potentialAction":[{"@type":"SearchAction","target":{"@type":"EntryPoint","urlTemplate":"https:\/\/bienaldelchaco.org\/2026\/?s={search_term_string}"},"query-input":{"@type":"PropertyValueSpecification","valueRequired":true,"valueName":"search_term_string"}}],"inLanguage":"es-AR"},{"@type":"Organization","@id":"https:\/\/bienaldelchaco.org\/2026\/#organization","name":"Bienal del Chaco","url":"https:\/\/bienaldelchaco.org\/2026\/","logo":{"@type":"ImageObject","inLanguage":"es-AR","@id":"https:\/\/bienaldelchaco.org\/2026\/#\/schema\/logo\/image\/","url":"https:\/\/bienaldelchaco.org\/2026\/wp-content\/uploads\/2025\/04\/web-logo-2026.png","contentUrl":"https:\/\/bienaldelchaco.org\/2026\/wp-content\/uploads\/2025\/04\/web-logo-2026.png","width":145,"height":50,"caption":"Bienal del Chaco"},"image":{"@id":"https:\/\/bienaldelchaco.org\/2026\/#\/schema\/logo\/image\/"},"sameAs":["https:\/\/www.facebook.com\/bienaldelchaco","https:\/\/x.com\/bienaldelchaco","https:\/\/www.instagram.com\/bienaldelchaco\/","https:\/\/www.youtube.com\/BienaldelChaco"]},{"@type":"Person","@id":"https:\/\/bienaldelchaco.org\/2026\/#\/schema\/person\/1b8918c48c8b750f041d7dcc1614ef18","name":"bitnessadmin","image":{"@type":"ImageObject","inLanguage":"es-AR","@id":"https:\/\/bienaldelchaco.org\/2026\/#\/schema\/person\/image\/","url":"https:\/\/secure.gravatar.com\/avatar\/441b367b6997ee3aae034996bf7b8bf6b85d8dd458e3cd0f1a0f7669a04bb0d9?s=96&d=mm&r=g","contentUrl":"https:\/\/secure.gravatar.com\/avatar\/441b367b6997ee3aae034996bf7b8bf6b85d8dd458e3cd0f1a0f7669a04bb0d9?s=96&d=mm&r=g","caption":"bitnessadmin"},"sameAs":["https:\/\/bienaldelchaco.org\/2026"],"url":"https:\/\/bienaldelchaco.org\/2026\/author\/bitnessadmin\/"}]}},"_links":{"self":[{"href":"https:\/\/bienaldelchaco.org\/2026\/wp-json\/wp\/v2\/posts\/2050","targetHints":{"allow":["GET"]}}],"collection":[{"href":"https:\/\/bienaldelchaco.org\/2026\/wp-json\/wp\/v2\/posts"}],"about":[{"href":"https:\/\/bienaldelchaco.org\/2026\/wp-json\/wp\/v2\/types\/post"}],"author":[{"embeddable":true,"href":"https:\/\/bienaldelchaco.org\/2026\/wp-json\/wp\/v2\/users\/1"}],"replies":[{"embeddable":true,"href":"https:\/\/bienaldelchaco.org\/2026\/wp-json\/wp\/v2\/comments?post=2050"}],"version-history":[{"count":1,"href":"https:\/\/bienaldelchaco.org\/2026\/wp-json\/wp\/v2\/posts\/2050\/revisions"}],"predecessor-version":[{"id":2054,"href":"https:\/\/bienaldelchaco.org\/2026\/wp-json\/wp\/v2\/posts\/2050\/revisions\/2054"}],"wp:featuredmedia":[{"embeddable":true,"href":"https:\/\/bienaldelchaco.org\/2026\/wp-json\/wp\/v2\/media\/2051"}],"wp:attachment":[{"href":"https:\/\/bienaldelchaco.org\/2026\/wp-json\/wp\/v2\/media?parent=2050"}],"wp:term":[{"taxonomy":"category","embeddable":true,"href":"https:\/\/bienaldelchaco.org\/2026\/wp-json\/wp\/v2\/categories?post=2050"},{"taxonomy":"post_tag","embeddable":true,"href":"https:\/\/bienaldelchaco.org\/2026\/wp-json\/wp\/v2\/tags?post=2050"}],"curies":[{"name":"wp","href":"https:\/\/api.w.org\/{rel}","templated":true}]}}