{"id":2129,"date":"2026-04-22T19:19:12","date_gmt":"2026-04-22T22:19:12","guid":{"rendered":"https:\/\/bienaldelchaco.org\/2026\/?p=2129"},"modified":"2026-04-22T20:01:53","modified_gmt":"2026-04-22T23:01:53","slug":"de-resistencia-al-mundo-la-bienal-internacional-de-escultura-2026-se-presento-en-buenos-aires","status":"publish","type":"post","link":"https:\/\/bienaldelchaco.org\/2026\/de-resistencia-al-mundo-la-bienal-internacional-de-escultura-2026-se-presento-en-buenos-aires\/","title":{"rendered":"De Resistencia al mundo: la Bienal Internacional de Escultura 2026 se present\u00f3 en Buenos Aires"},"content":{"rendered":"<div class=\"wpb-content-wrapper\"><p>[vc_row css_animation=&#8221;&#8221; row_type=&#8221;row&#8221; use_row_as_full_screen_section=&#8221;no&#8221; type=&#8221;full_width&#8221; angled_section=&#8221;no&#8221; text_align=&#8221;left&#8221; background_image_as_pattern=&#8221;without_pattern&#8221;][vc_column][vc_column_text css=&#8221;&#8221;]<\/p>\n<div>\n<p>La Bienal Internacional de Escultura del Chaco 2026 anunci\u00f3 oficialmente en la capital nacional a los diez escultores seleccionados que participar\u00e1n del certamen central, tras recibir 439 postulaciones provenientes de 70 pa\u00edses. La misma, se posiciona como uno de los eventos culturales y variopintos m\u00e1s relevantes de la regi\u00f3n y un destino ideal para estas vacaciones de invierno.<\/p>\n<p>&nbsp;<\/p>\n<\/div>\n<div class=\"intro\"><!--more--><\/div>\n<div><\/div>\n<p>Hoy, mi\u00e9rcoles 22 de abril, a las 11:30 horas, en La Casa del Chaco en Buenos Aires (Av. Callao 322), se realiz\u00f3 la presentaci\u00f3n oficial de la Bienal del Chaco 2026 en la capital, en la misma, participaron autoridades nacionales e internacionales.<br \/>\nEl evento cont\u00f3 con la presencia de Jos\u00e9 Eidman, Presidente de la Fundaci\u00f3n Urunday; Leonardo Cifelli, Ministro de Cultura de la Naci\u00f3n; Leandro Zdero, Gobernador del Chaco; Daniel Scioli, Secretario de Turismo y deporte y Gaspar Gracia Daponte representantes diplom\u00e1ticos de los pa\u00edses participantes, referentes del \u00e1mbito art\u00edstico, cultural y acad\u00e9mico y mecenas y patrocinadores del proyecto.<br \/>\nResistencia, ciudad que desde su cartograf\u00eda parece ser la \u00faltima sombra de un pa\u00eds extenso, forj\u00f3 su identidad en humanidad y cultura y hoy es faro y representaci\u00f3n. 38 a\u00f1os pasaron del primer Concurso de Escultura a Cielo Abierto en la Plaza 25 de Mayo. Fundaci\u00f3n Urunday lleva como nombre la Fundaci\u00f3n que plant\u00f3 bandera y que contin\u00faa llevando a cabo el mito: una Bienal Internacional de Escultura chaque\u00f1a reconocida en el mundo por su condici\u00f3n inequ\u00edvoca, la del contacto directo con la comunidad y se posiciona como uno de los destinos tur\u00edsticos m\u00e1s visitados durante las vacaciones de invierno.<\/p>\n<p>La Bienal 2026, c\u00f3mo novedad inmejorable, ser\u00e1 sede de la Reuni\u00f3n Anual y el Simposio del ICLAFI, el Comit\u00e9 Cient\u00edfico Internacional de Asuntos Legales, Administrativos y Financieros de ICOMOS, organismo consultivo oficial de la UNESCO en materia de patrimonio cultural. Lo que sigue posicionando a este evento como algo m\u00e1s, como una plataforma de desarrollo cultural ampliada, que incorpor\u00f3 e incorpora nuevas disciplinas art\u00edsticas y expresiones culturales, y que en cada edici\u00f3n convoca a m\u00e1s visitantes.<\/p>\n<p><strong>Los escultores seleccionados<\/strong><br \/>\nLa Bienal Internacional de Escultura de este a\u00f1o recibi\u00f3 439 postulaciones provenientes de 70 pa\u00edses. La trayectoria de los artistas y la calidad de los proyectos fueron los criterios para seleccionar a los 10 escultores consagrados.<\/p>\n<p>Los artistas seleccionados que vendr\u00e1n a Resistencia en la edici\u00f3n 2026 son:<\/p>\n<table style=\"border-collapse: collapse; font-family: Helvetica,Arial,sans-serif; font-size: 15px; max-width: 600px;\" border=\"0\" width=\"100%\" cellspacing=\"0\" cellpadding=\"0\">\n<thead>\n<tr style=\"background-color: #f5f5f5;\">\n<th style=\"padding: 12px 20px; text-align: left; font-weight: 600; color: #555; border-bottom: 2px solid #e0e0e0; width: 40%;\">Pa\u00eds<\/th>\n<th style=\"padding: 12px 20px; text-align: left; font-weight: 600; color: #555; border-bottom: 2px solid #e0e0e0; width: 60%;\">Artista<\/th>\n<\/tr>\n<\/thead>\n<tbody>\n<tr style=\"border-bottom: 1px solid #e0e0e0;\">\n<td style=\"padding: 11px 20px; color: #666;\">Argentina<\/td>\n<td style=\"padding: 11px 20px; color: #222; font-weight: 600;\">N\u00e9stor Vildoza<\/td>\n<\/tr>\n<tr style=\"border-bottom: 1px solid #e0e0e0; background-color: #fafafa;\">\n<td style=\"padding: 11px 20px; color: #666;\">Bielorrusia<\/td>\n<td style=\"padding: 11px 20px; color: #222; font-weight: 600;\">Alex Sorokin<\/td>\n<\/tr>\n<tr style=\"border-bottom: 1px solid #e0e0e0;\">\n<td style=\"padding: 11px 20px; color: #666;\">Bulgaria<\/td>\n<td style=\"padding: 11px 20px; color: #222; font-weight: 600;\">Georgi Minchev<\/td>\n<\/tr>\n<tr style=\"border-bottom: 1px solid #e0e0e0; background-color: #fafafa;\">\n<td style=\"padding: 11px 20px; color: #666;\">Chile<\/td>\n<td style=\"padding: 11px 20px; color: #222; font-weight: 600;\">Mauricio Guajardo<\/td>\n<\/tr>\n<tr style=\"border-bottom: 1px solid #e0e0e0;\">\n<td style=\"padding: 11px 20px; color: #666;\">Espa\u00f1a<\/td>\n<td style=\"padding: 11px 20px; color: #222; font-weight: 600;\">Jos\u00e9 Carlos Cabello Mill\u00e1n<\/td>\n<\/tr>\n<tr style=\"border-bottom: 1px solid #e0e0e0; background-color: #fafafa;\">\n<td style=\"padding: 11px 20px; color: #666;\">Italia<\/td>\n<td style=\"padding: 11px 20px; color: #222; font-weight: 600;\">Francesca Bernardini<\/td>\n<\/tr>\n<tr style=\"border-bottom: 1px solid #e0e0e0;\">\n<td style=\"padding: 11px 20px; color: #666;\">Polonia<\/td>\n<td style=\"padding: 11px 20px; color: #222; font-weight: 600;\">Anna Teresa Rasinska<\/td>\n<\/tr>\n<tr style=\"border-bottom: 1px solid #e0e0e0; background-color: #fafafa;\">\n<td style=\"padding: 11px 20px; color: #666;\">Turqu\u00eda<\/td>\n<td style=\"padding: 11px 20px; color: #222; font-weight: 600;\">Furkan Depeli<\/td>\n<\/tr>\n<tr style=\"border-bottom: 1px solid #e0e0e0;\">\n<td style=\"padding: 11px 20px; color: #666;\">Ucrania<\/td>\n<td style=\"padding: 11px 20px; color: #222; font-weight: 600;\">Lyudmyla Mysko<\/td>\n<\/tr>\n<tr style=\"background-color: #fafafa;\">\n<td style=\"padding: 11px 20px; color: #666;\">Uzbekist\u00e1n<\/td>\n<td style=\"padding: 11px 20px; color: #222; font-weight: 600;\">Ulash Urakov<\/td>\n<\/tr>\n<\/tbody>\n<\/table>\n<p>&nbsp;<\/p>\n<p>El material sobre el cual van a trabajar los 10 escultores internacionales es el m\u00e1rmol travertino y acero inoxidable (cada escultor eligi\u00f3 con qu\u00e9 material trabajar de manera alternativa o complementaria). Los diez proyectos que se llevar\u00e1n a cabo al aire libre durante las nueve jornadas de ceremonia est\u00e1n seleccionados. Solo queda esperar a julio para ver a los escultores internacionales en acci\u00f3n.<\/p>\n<p>&nbsp;<\/p>\n<p><strong>D\u00e9cimo Encuentro de Escultores Invitados<\/strong><br \/>\nEn la edici\u00f3n 2026 tendr\u00e1 lugar el D\u00e9cimo Encuentro de Escultores Invitados.<br \/>\nConsagrados artistas realizar\u00e1n sus obras con amplia libertad de t\u00e9cnicas y materiales.<br \/>\nLos convocados son:<br \/>\nDesir\u00e9e de Ridder \u00b7 Carola Zech \u00b7 Norma Siguelboim \u00b7 Eka Acosta \u00b7 Rafael Blasco<br \/>\nCiscar \u00b7 Lucas Caricato \u00b7 Oscar Leiva<\/p>\n<p>&nbsp;<\/p>\n<p>Adem\u00e1s, una extensa Agenda se llevar\u00e1 a cabo en la Bienal del Chaco en Resistencia, del 17 al 26 de julio<\/p>\n<ul>\n<li>Premio Desaf\u00edo (Hierros Lider)<\/li>\n<li>Muestras (Asociaci\u00f3n de Escultores Chaque\u00f1os)<\/li>\n<li>Artesan\u00eda \u2014 S\u00e9ptimo Encuentro de Maestros Artesanos Argentinos y Noveno<\/li>\n<li>Encuentro de Arte Ind\u00edgena y Artesan\u00eda de Pueblos Originarios<\/li>\n<li>Festival Filarm\u00f3nico Juvenil (Fundaci\u00f3n Pradier \u2013 Redes Culturales)<\/li>\n<li>Madre Canci\u00f3n<\/li>\n<li>Agit\u00e1 la Bienal (Circuito Cultural Guaran\u00ed y G5 Conexiones)<\/li>\n<li>Congreso Internacional de Artes (FADyCC \u2013 UNNE)<\/li>\n<li>Simposio y Reuni\u00f3n Anual del ICLAFI \u2013 ICOMOS<\/li>\n<li>Arte y Tecnolog\u00eda<\/li>\n<li>Cursos, Talleres y Conferencias<\/li>\n<li>Artes Esc\u00e9nicas<\/li>\n<li>Expositores<\/li>\n<\/ul>\n<p>&nbsp;<\/p>\n<p>Instituci\u00f3n, comunidad, gobierno y autoridades en mutuo acuerdo dan parte y ejemplifican el equilibrio que representa la Bienal del Chaco, en este caso en el seno de nuestro pa\u00eds, la ciudad de Buenos Aires. Se abrieron, una vez m\u00e1s, las puertas de uno de los eventos culturales m\u00e1s relevantes de la regi\u00f3n que promete, nuevamente, hacer del arte un bien de todos y convertir las vacaciones de invierno en un viaje inolvidable.[\/vc_column_text][vc_empty_space height=&#8221;100px&#8221;][\/vc_column][\/vc_row]<\/p>\n<\/div>","protected":false},"excerpt":{"rendered":"<p>[vc_row css_animation=&#8221;&#8221; row_type=&#8221;row&#8221; use_row_as_full_screen_section=&#8221;no&#8221; type=&#8221;full_width&#8221; angled_section=&#8221;no&#8221; text_align=&#8221;left&#8221; background_image_as_pattern=&#8221;without_pattern&#8221;][vc_column][vc_column_text css=&#8221;&#8221;] La Bienal Internacional de Escultura del Chaco 2026 anunci\u00f3 oficialmente en la capital nacional a los diez escultores seleccionados que participar\u00e1n del certamen central, tras recibir 439 postulaciones provenientes de 70 pa\u00edses. La misma, se posiciona&#8230;<\/p>\n","protected":false},"author":1,"featured_media":2130,"comment_status":"open","ping_status":"open","sticky":false,"template":"","format":"standard","meta":{"footnotes":""},"categories":[1],"tags":[],"class_list":["post-2129","post","type-post","status-publish","format-standard","has-post-thumbnail","hentry","category-sin-categoria"],"yoast_head":"<!-- This site is optimized with the Yoast SEO plugin v25.6 - https:\/\/yoast.com\/wordpress\/plugins\/seo\/ -->\n<title>De Resistencia al mundo: la Bienal Internacional de Escultura 2026 se present\u00f3 en Buenos Aires - Bienal del Chaco<\/title>\n<meta name=\"robots\" content=\"index, follow, max-snippet:-1, max-image-preview:large, max-video-preview:-1\" \/>\n<link rel=\"canonical\" href=\"https:\/\/bienaldelchaco.org\/2026\/de-resistencia-al-mundo-la-bienal-internacional-de-escultura-2026-se-presento-en-buenos-aires\/\" \/>\n<meta property=\"og:locale\" content=\"es_ES\" \/>\n<meta property=\"og:type\" content=\"article\" \/>\n<meta property=\"og:title\" content=\"De Resistencia al mundo: la Bienal Internacional de Escultura 2026 se present\u00f3 en Buenos Aires - Bienal del Chaco\" \/>\n<meta property=\"og:description\" content=\"[vc_row css_animation=&#8221;&#8221; row_type=&#8221;row&#8221; use_row_as_full_screen_section=&#8221;no&#8221; type=&#8221;full_width&#8221; angled_section=&#8221;no&#8221; text_align=&#8221;left&#8221; background_image_as_pattern=&#8221;without_pattern&#8221;][vc_column][vc_column_text css=&#8221;&#8221;] La Bienal Internacional de Escultura del Chaco 2026 anunci\u00f3 oficialmente en la capital nacional a los diez escultores seleccionados que participar\u00e1n del certamen central, tras recibir 439 postulaciones provenientes de 70 pa\u00edses. La misma, se posiciona...\" \/>\n<meta property=\"og:url\" content=\"https:\/\/bienaldelchaco.org\/2026\/de-resistencia-al-mundo-la-bienal-internacional-de-escultura-2026-se-presento-en-buenos-aires\/\" \/>\n<meta property=\"og:site_name\" content=\"Bienal del Chaco\" \/>\n<meta property=\"article:publisher\" content=\"https:\/\/www.facebook.com\/bienaldelchaco\" \/>\n<meta property=\"article:published_time\" content=\"2026-04-22T22:19:12+00:00\" \/>\n<meta property=\"article:modified_time\" content=\"2026-04-22T23:01:53+00:00\" \/>\n<meta property=\"og:image\" content=\"https:\/\/bienaldelchaco.org\/2026\/wp-content\/uploads\/2026\/04\/12a11fb1-0b5e-45a7-8593-b35fdc6f73b5-scaled.jpg\" \/>\n\t<meta property=\"og:image:width\" content=\"2560\" \/>\n\t<meta property=\"og:image:height\" content=\"1920\" \/>\n\t<meta property=\"og:image:type\" content=\"image\/jpeg\" \/>\n<meta name=\"author\" content=\"bitnessadmin\" \/>\n<meta name=\"twitter:card\" content=\"summary_large_image\" \/>\n<meta name=\"twitter:creator\" content=\"@bienaldelchaco\" \/>\n<meta name=\"twitter:site\" content=\"@bienaldelchaco\" \/>\n<meta name=\"twitter:label1\" content=\"Escrito por\" \/>\n\t<meta name=\"twitter:data1\" content=\"bitnessadmin\" \/>\n\t<meta name=\"twitter:label2\" content=\"Tiempo de lectura\" \/>\n\t<meta name=\"twitter:data2\" content=\"4 minutos\" \/>\n<script type=\"application\/ld+json\" class=\"yoast-schema-graph\">{\"@context\":\"https:\/\/schema.org\",\"@graph\":[{\"@type\":\"Article\",\"@id\":\"https:\/\/bienaldelchaco.org\/2026\/de-resistencia-al-mundo-la-bienal-internacional-de-escultura-2026-se-presento-en-buenos-aires\/#article\",\"isPartOf\":{\"@id\":\"https:\/\/bienaldelchaco.org\/2026\/de-resistencia-al-mundo-la-bienal-internacional-de-escultura-2026-se-presento-en-buenos-aires\/\"},\"author\":{\"name\":\"bitnessadmin\",\"@id\":\"https:\/\/bienaldelchaco.org\/2026\/#\/schema\/person\/1b8918c48c8b750f041d7dcc1614ef18\"},\"headline\":\"De Resistencia al mundo: la Bienal Internacional de Escultura 2026 se present\u00f3 en Buenos Aires\",\"datePublished\":\"2026-04-22T22:19:12+00:00\",\"dateModified\":\"2026-04-22T23:01:53+00:00\",\"mainEntityOfPage\":{\"@id\":\"https:\/\/bienaldelchaco.org\/2026\/de-resistencia-al-mundo-la-bienal-internacional-de-escultura-2026-se-presento-en-buenos-aires\/\"},\"wordCount\":809,\"commentCount\":0,\"publisher\":{\"@id\":\"https:\/\/bienaldelchaco.org\/2026\/#organization\"},\"image\":{\"@id\":\"https:\/\/bienaldelchaco.org\/2026\/de-resistencia-al-mundo-la-bienal-internacional-de-escultura-2026-se-presento-en-buenos-aires\/#primaryimage\"},\"thumbnailUrl\":\"https:\/\/bienaldelchaco.org\/2026\/wp-content\/uploads\/2026\/04\/12a11fb1-0b5e-45a7-8593-b35fdc6f73b5-scaled.jpg\",\"inLanguage\":\"es-AR\",\"potentialAction\":[{\"@type\":\"CommentAction\",\"name\":\"Comment\",\"target\":[\"https:\/\/bienaldelchaco.org\/2026\/de-resistencia-al-mundo-la-bienal-internacional-de-escultura-2026-se-presento-en-buenos-aires\/#respond\"]}]},{\"@type\":\"WebPage\",\"@id\":\"https:\/\/bienaldelchaco.org\/2026\/de-resistencia-al-mundo-la-bienal-internacional-de-escultura-2026-se-presento-en-buenos-aires\/\",\"url\":\"https:\/\/bienaldelchaco.org\/2026\/de-resistencia-al-mundo-la-bienal-internacional-de-escultura-2026-se-presento-en-buenos-aires\/\",\"name\":\"De Resistencia al mundo: la Bienal Internacional de Escultura 2026 se present\u00f3 en Buenos Aires - Bienal del Chaco\",\"isPartOf\":{\"@id\":\"https:\/\/bienaldelchaco.org\/2026\/#website\"},\"primaryImageOfPage\":{\"@id\":\"https:\/\/bienaldelchaco.org\/2026\/de-resistencia-al-mundo-la-bienal-internacional-de-escultura-2026-se-presento-en-buenos-aires\/#primaryimage\"},\"image\":{\"@id\":\"https:\/\/bienaldelchaco.org\/2026\/de-resistencia-al-mundo-la-bienal-internacional-de-escultura-2026-se-presento-en-buenos-aires\/#primaryimage\"},\"thumbnailUrl\":\"https:\/\/bienaldelchaco.org\/2026\/wp-content\/uploads\/2026\/04\/12a11fb1-0b5e-45a7-8593-b35fdc6f73b5-scaled.jpg\",\"datePublished\":\"2026-04-22T22:19:12+00:00\",\"dateModified\":\"2026-04-22T23:01:53+00:00\",\"breadcrumb\":{\"@id\":\"https:\/\/bienaldelchaco.org\/2026\/de-resistencia-al-mundo-la-bienal-internacional-de-escultura-2026-se-presento-en-buenos-aires\/#breadcrumb\"},\"inLanguage\":\"es-AR\",\"potentialAction\":[{\"@type\":\"ReadAction\",\"target\":[\"https:\/\/bienaldelchaco.org\/2026\/de-resistencia-al-mundo-la-bienal-internacional-de-escultura-2026-se-presento-en-buenos-aires\/\"]}]},{\"@type\":\"ImageObject\",\"inLanguage\":\"es-AR\",\"@id\":\"https:\/\/bienaldelchaco.org\/2026\/de-resistencia-al-mundo-la-bienal-internacional-de-escultura-2026-se-presento-en-buenos-aires\/#primaryimage\",\"url\":\"https:\/\/bienaldelchaco.org\/2026\/wp-content\/uploads\/2026\/04\/12a11fb1-0b5e-45a7-8593-b35fdc6f73b5-scaled.jpg\",\"contentUrl\":\"https:\/\/bienaldelchaco.org\/2026\/wp-content\/uploads\/2026\/04\/12a11fb1-0b5e-45a7-8593-b35fdc6f73b5-scaled.jpg\",\"width\":2560,\"height\":1920},{\"@type\":\"BreadcrumbList\",\"@id\":\"https:\/\/bienaldelchaco.org\/2026\/de-resistencia-al-mundo-la-bienal-internacional-de-escultura-2026-se-presento-en-buenos-aires\/#breadcrumb\",\"itemListElement\":[{\"@type\":\"ListItem\",\"position\":1,\"name\":\"Inicio\",\"item\":\"https:\/\/bienaldelchaco.org\/2026\/\"},{\"@type\":\"ListItem\",\"position\":2,\"name\":\"De Resistencia al mundo: la Bienal Internacional de Escultura 2026 se present\u00f3 en Buenos Aires\"}]},{\"@type\":\"WebSite\",\"@id\":\"https:\/\/bienaldelchaco.org\/2026\/#website\",\"url\":\"https:\/\/bienaldelchaco.org\/2026\/\",\"name\":\"Bienal del Chaco\",\"description\":\"\",\"publisher\":{\"@id\":\"https:\/\/bienaldelchaco.org\/2026\/#organization\"},\"potentialAction\":[{\"@type\":\"SearchAction\",\"target\":{\"@type\":\"EntryPoint\",\"urlTemplate\":\"https:\/\/bienaldelchaco.org\/2026\/?s={search_term_string}\"},\"query-input\":{\"@type\":\"PropertyValueSpecification\",\"valueRequired\":true,\"valueName\":\"search_term_string\"}}],\"inLanguage\":\"es-AR\"},{\"@type\":\"Organization\",\"@id\":\"https:\/\/bienaldelchaco.org\/2026\/#organization\",\"name\":\"Bienal del Chaco\",\"url\":\"https:\/\/bienaldelchaco.org\/2026\/\",\"logo\":{\"@type\":\"ImageObject\",\"inLanguage\":\"es-AR\",\"@id\":\"https:\/\/bienaldelchaco.org\/2026\/#\/schema\/logo\/image\/\",\"url\":\"https:\/\/bienaldelchaco.org\/2026\/wp-content\/uploads\/2025\/04\/web-logo-2026.png\",\"contentUrl\":\"https:\/\/bienaldelchaco.org\/2026\/wp-content\/uploads\/2025\/04\/web-logo-2026.png\",\"width\":145,\"height\":50,\"caption\":\"Bienal del Chaco\"},\"image\":{\"@id\":\"https:\/\/bienaldelchaco.org\/2026\/#\/schema\/logo\/image\/\"},\"sameAs\":[\"https:\/\/www.facebook.com\/bienaldelchaco\",\"https:\/\/x.com\/bienaldelchaco\",\"https:\/\/www.instagram.com\/bienaldelchaco\/\",\"https:\/\/www.youtube.com\/BienaldelChaco\"]},{\"@type\":\"Person\",\"@id\":\"https:\/\/bienaldelchaco.org\/2026\/#\/schema\/person\/1b8918c48c8b750f041d7dcc1614ef18\",\"name\":\"bitnessadmin\",\"image\":{\"@type\":\"ImageObject\",\"inLanguage\":\"es-AR\",\"@id\":\"https:\/\/bienaldelchaco.org\/2026\/#\/schema\/person\/image\/\",\"url\":\"https:\/\/secure.gravatar.com\/avatar\/441b367b6997ee3aae034996bf7b8bf6b85d8dd458e3cd0f1a0f7669a04bb0d9?s=96&d=mm&r=g\",\"contentUrl\":\"https:\/\/secure.gravatar.com\/avatar\/441b367b6997ee3aae034996bf7b8bf6b85d8dd458e3cd0f1a0f7669a04bb0d9?s=96&d=mm&r=g\",\"caption\":\"bitnessadmin\"},\"sameAs\":[\"https:\/\/bienaldelchaco.org\/2026\"],\"url\":\"https:\/\/bienaldelchaco.org\/2026\/author\/bitnessadmin\/\"}]}<\/script>\n<!-- \/ Yoast SEO plugin. -->","yoast_head_json":{"title":"De Resistencia al mundo: la Bienal Internacional de Escultura 2026 se present\u00f3 en Buenos Aires - Bienal del Chaco","robots":{"index":"index","follow":"follow","max-snippet":"max-snippet:-1","max-image-preview":"max-image-preview:large","max-video-preview":"max-video-preview:-1"},"canonical":"https:\/\/bienaldelchaco.org\/2026\/de-resistencia-al-mundo-la-bienal-internacional-de-escultura-2026-se-presento-en-buenos-aires\/","og_locale":"es_ES","og_type":"article","og_title":"De Resistencia al mundo: la Bienal Internacional de Escultura 2026 se present\u00f3 en Buenos Aires - Bienal del Chaco","og_description":"[vc_row css_animation=&#8221;&#8221; row_type=&#8221;row&#8221; use_row_as_full_screen_section=&#8221;no&#8221; type=&#8221;full_width&#8221; angled_section=&#8221;no&#8221; text_align=&#8221;left&#8221; background_image_as_pattern=&#8221;without_pattern&#8221;][vc_column][vc_column_text css=&#8221;&#8221;] La Bienal Internacional de Escultura del Chaco 2026 anunci\u00f3 oficialmente en la capital nacional a los diez escultores seleccionados que participar\u00e1n del certamen central, tras recibir 439 postulaciones provenientes de 70 pa\u00edses. La misma, se posiciona...","og_url":"https:\/\/bienaldelchaco.org\/2026\/de-resistencia-al-mundo-la-bienal-internacional-de-escultura-2026-se-presento-en-buenos-aires\/","og_site_name":"Bienal del Chaco","article_publisher":"https:\/\/www.facebook.com\/bienaldelchaco","article_published_time":"2026-04-22T22:19:12+00:00","article_modified_time":"2026-04-22T23:01:53+00:00","og_image":[{"width":2560,"height":1920,"url":"https:\/\/bienaldelchaco.org\/2026\/wp-content\/uploads\/2026\/04\/12a11fb1-0b5e-45a7-8593-b35fdc6f73b5-scaled.jpg","type":"image\/jpeg"}],"author":"bitnessadmin","twitter_card":"summary_large_image","twitter_creator":"@bienaldelchaco","twitter_site":"@bienaldelchaco","twitter_misc":{"Escrito por":"bitnessadmin","Tiempo de lectura":"4 minutos"},"schema":{"@context":"https:\/\/schema.org","@graph":[{"@type":"Article","@id":"https:\/\/bienaldelchaco.org\/2026\/de-resistencia-al-mundo-la-bienal-internacional-de-escultura-2026-se-presento-en-buenos-aires\/#article","isPartOf":{"@id":"https:\/\/bienaldelchaco.org\/2026\/de-resistencia-al-mundo-la-bienal-internacional-de-escultura-2026-se-presento-en-buenos-aires\/"},"author":{"name":"bitnessadmin","@id":"https:\/\/bienaldelchaco.org\/2026\/#\/schema\/person\/1b8918c48c8b750f041d7dcc1614ef18"},"headline":"De Resistencia al mundo: la Bienal Internacional de Escultura 2026 se present\u00f3 en Buenos Aires","datePublished":"2026-04-22T22:19:12+00:00","dateModified":"2026-04-22T23:01:53+00:00","mainEntityOfPage":{"@id":"https:\/\/bienaldelchaco.org\/2026\/de-resistencia-al-mundo-la-bienal-internacional-de-escultura-2026-se-presento-en-buenos-aires\/"},"wordCount":809,"commentCount":0,"publisher":{"@id":"https:\/\/bienaldelchaco.org\/2026\/#organization"},"image":{"@id":"https:\/\/bienaldelchaco.org\/2026\/de-resistencia-al-mundo-la-bienal-internacional-de-escultura-2026-se-presento-en-buenos-aires\/#primaryimage"},"thumbnailUrl":"https:\/\/bienaldelchaco.org\/2026\/wp-content\/uploads\/2026\/04\/12a11fb1-0b5e-45a7-8593-b35fdc6f73b5-scaled.jpg","inLanguage":"es-AR","potentialAction":[{"@type":"CommentAction","name":"Comment","target":["https:\/\/bienaldelchaco.org\/2026\/de-resistencia-al-mundo-la-bienal-internacional-de-escultura-2026-se-presento-en-buenos-aires\/#respond"]}]},{"@type":"WebPage","@id":"https:\/\/bienaldelchaco.org\/2026\/de-resistencia-al-mundo-la-bienal-internacional-de-escultura-2026-se-presento-en-buenos-aires\/","url":"https:\/\/bienaldelchaco.org\/2026\/de-resistencia-al-mundo-la-bienal-internacional-de-escultura-2026-se-presento-en-buenos-aires\/","name":"De Resistencia al mundo: la Bienal Internacional de Escultura 2026 se present\u00f3 en Buenos Aires - Bienal del Chaco","isPartOf":{"@id":"https:\/\/bienaldelchaco.org\/2026\/#website"},"primaryImageOfPage":{"@id":"https:\/\/bienaldelchaco.org\/2026\/de-resistencia-al-mundo-la-bienal-internacional-de-escultura-2026-se-presento-en-buenos-aires\/#primaryimage"},"image":{"@id":"https:\/\/bienaldelchaco.org\/2026\/de-resistencia-al-mundo-la-bienal-internacional-de-escultura-2026-se-presento-en-buenos-aires\/#primaryimage"},"thumbnailUrl":"https:\/\/bienaldelchaco.org\/2026\/wp-content\/uploads\/2026\/04\/12a11fb1-0b5e-45a7-8593-b35fdc6f73b5-scaled.jpg","datePublished":"2026-04-22T22:19:12+00:00","dateModified":"2026-04-22T23:01:53+00:00","breadcrumb":{"@id":"https:\/\/bienaldelchaco.org\/2026\/de-resistencia-al-mundo-la-bienal-internacional-de-escultura-2026-se-presento-en-buenos-aires\/#breadcrumb"},"inLanguage":"es-AR","potentialAction":[{"@type":"ReadAction","target":["https:\/\/bienaldelchaco.org\/2026\/de-resistencia-al-mundo-la-bienal-internacional-de-escultura-2026-se-presento-en-buenos-aires\/"]}]},{"@type":"ImageObject","inLanguage":"es-AR","@id":"https:\/\/bienaldelchaco.org\/2026\/de-resistencia-al-mundo-la-bienal-internacional-de-escultura-2026-se-presento-en-buenos-aires\/#primaryimage","url":"https:\/\/bienaldelchaco.org\/2026\/wp-content\/uploads\/2026\/04\/12a11fb1-0b5e-45a7-8593-b35fdc6f73b5-scaled.jpg","contentUrl":"https:\/\/bienaldelchaco.org\/2026\/wp-content\/uploads\/2026\/04\/12a11fb1-0b5e-45a7-8593-b35fdc6f73b5-scaled.jpg","width":2560,"height":1920},{"@type":"BreadcrumbList","@id":"https:\/\/bienaldelchaco.org\/2026\/de-resistencia-al-mundo-la-bienal-internacional-de-escultura-2026-se-presento-en-buenos-aires\/#breadcrumb","itemListElement":[{"@type":"ListItem","position":1,"name":"Inicio","item":"https:\/\/bienaldelchaco.org\/2026\/"},{"@type":"ListItem","position":2,"name":"De Resistencia al mundo: la Bienal Internacional de Escultura 2026 se present\u00f3 en Buenos Aires"}]},{"@type":"WebSite","@id":"https:\/\/bienaldelchaco.org\/2026\/#website","url":"https:\/\/bienaldelchaco.org\/2026\/","name":"Bienal del Chaco","description":"","publisher":{"@id":"https:\/\/bienaldelchaco.org\/2026\/#organization"},"potentialAction":[{"@type":"SearchAction","target":{"@type":"EntryPoint","urlTemplate":"https:\/\/bienaldelchaco.org\/2026\/?s={search_term_string}"},"query-input":{"@type":"PropertyValueSpecification","valueRequired":true,"valueName":"search_term_string"}}],"inLanguage":"es-AR"},{"@type":"Organization","@id":"https:\/\/bienaldelchaco.org\/2026\/#organization","name":"Bienal del Chaco","url":"https:\/\/bienaldelchaco.org\/2026\/","logo":{"@type":"ImageObject","inLanguage":"es-AR","@id":"https:\/\/bienaldelchaco.org\/2026\/#\/schema\/logo\/image\/","url":"https:\/\/bienaldelchaco.org\/2026\/wp-content\/uploads\/2025\/04\/web-logo-2026.png","contentUrl":"https:\/\/bienaldelchaco.org\/2026\/wp-content\/uploads\/2025\/04\/web-logo-2026.png","width":145,"height":50,"caption":"Bienal del Chaco"},"image":{"@id":"https:\/\/bienaldelchaco.org\/2026\/#\/schema\/logo\/image\/"},"sameAs":["https:\/\/www.facebook.com\/bienaldelchaco","https:\/\/x.com\/bienaldelchaco","https:\/\/www.instagram.com\/bienaldelchaco\/","https:\/\/www.youtube.com\/BienaldelChaco"]},{"@type":"Person","@id":"https:\/\/bienaldelchaco.org\/2026\/#\/schema\/person\/1b8918c48c8b750f041d7dcc1614ef18","name":"bitnessadmin","image":{"@type":"ImageObject","inLanguage":"es-AR","@id":"https:\/\/bienaldelchaco.org\/2026\/#\/schema\/person\/image\/","url":"https:\/\/secure.gravatar.com\/avatar\/441b367b6997ee3aae034996bf7b8bf6b85d8dd458e3cd0f1a0f7669a04bb0d9?s=96&d=mm&r=g","contentUrl":"https:\/\/secure.gravatar.com\/avatar\/441b367b6997ee3aae034996bf7b8bf6b85d8dd458e3cd0f1a0f7669a04bb0d9?s=96&d=mm&r=g","caption":"bitnessadmin"},"sameAs":["https:\/\/bienaldelchaco.org\/2026"],"url":"https:\/\/bienaldelchaco.org\/2026\/author\/bitnessadmin\/"}]}},"_links":{"self":[{"href":"https:\/\/bienaldelchaco.org\/2026\/wp-json\/wp\/v2\/posts\/2129","targetHints":{"allow":["GET"]}}],"collection":[{"href":"https:\/\/bienaldelchaco.org\/2026\/wp-json\/wp\/v2\/posts"}],"about":[{"href":"https:\/\/bienaldelchaco.org\/2026\/wp-json\/wp\/v2\/types\/post"}],"author":[{"embeddable":true,"href":"https:\/\/bienaldelchaco.org\/2026\/wp-json\/wp\/v2\/users\/1"}],"replies":[{"embeddable":true,"href":"https:\/\/bienaldelchaco.org\/2026\/wp-json\/wp\/v2\/comments?post=2129"}],"version-history":[{"count":4,"href":"https:\/\/bienaldelchaco.org\/2026\/wp-json\/wp\/v2\/posts\/2129\/revisions"}],"predecessor-version":[{"id":2143,"href":"https:\/\/bienaldelchaco.org\/2026\/wp-json\/wp\/v2\/posts\/2129\/revisions\/2143"}],"wp:featuredmedia":[{"embeddable":true,"href":"https:\/\/bienaldelchaco.org\/2026\/wp-json\/wp\/v2\/media\/2130"}],"wp:attachment":[{"href":"https:\/\/bienaldelchaco.org\/2026\/wp-json\/wp\/v2\/media?parent=2129"}],"wp:term":[{"taxonomy":"category","embeddable":true,"href":"https:\/\/bienaldelchaco.org\/2026\/wp-json\/wp\/v2\/categories?post=2129"},{"taxonomy":"post_tag","embeddable":true,"href":"https:\/\/bienaldelchaco.org\/2026\/wp-json\/wp\/v2\/tags?post=2129"}],"curies":[{"name":"wp","href":"https:\/\/api.w.org\/{rel}","templated":true}]}}