{"id":2132,"date":"2026-04-22T18:21:09","date_gmt":"2026-04-22T21:21:09","guid":{"rendered":"https:\/\/bienaldelchaco.org\/2026\/?p=2132"},"modified":"2026-04-22T19:23:56","modified_gmt":"2026-04-22T22:23:56","slug":"resistencia-esculpe-su-lugar-en-el-mundo-la-bienal-del-chaco-2026-se-presento-en-buenos-aires-y-reafirma-su-proyeccion-internacional","status":"publish","type":"post","link":"https:\/\/bienaldelchaco.org\/2026\/resistencia-esculpe-su-lugar-en-el-mundo-la-bienal-del-chaco-2026-se-presento-en-buenos-aires-y-reafirma-su-proyeccion-internacional\/","title":{"rendered":"Resistencia esculpe su lugar en el mundo: la Bienal del Chaco 2026 se present\u00f3 en Buenos Aires y reafirma su proyecci\u00f3n internacional"},"content":{"rendered":"<div class=\"wpb-content-wrapper\"><p>[vc_row css_animation=&#8221;&#8221; row_type=&#8221;row&#8221; use_row_as_full_screen_section=&#8221;no&#8221; type=&#8221;full_width&#8221; angled_section=&#8221;no&#8221; text_align=&#8221;left&#8221; background_image_as_pattern=&#8221;without_pattern&#8221;][vc_column][vc_column_text css=&#8221;&#8221;]<\/p>\n<div>\n<div>Con artistas de cuatro continentes, nuevas instancias vinculadas a la UNESCO y una convocatoria r\u00e9cord, el evento vuelve a consolidarse como uno de los grandes faros culturales de la regi\u00f3n.<\/div>\n<\/div>\n<div class=\"intro\"><!--more--><\/div>\n<div>\n<p>En el coraz\u00f3n de Buenos Aires, este mi\u00e9rcoles 22 de abril, la cultura del nordeste argentino volvi\u00f3 a estar presente con fuerza propia. La Casa del Chaco fue escenario del lanzamiento oficial de la Bienal Internacional de Escultura 2026, un evento que, con el paso del tiempo, dej\u00f3 de ser una apuesta local para convertirse en una referencia global donde el arte dialoga cara a cara con la comunidad.<\/p>\n<p>El anuncio no fue uno m\u00e1s: 439 postulaciones provenientes de 70 pa\u00edses marcaron el pulso de una convocatoria que crece a\u00f1o a a\u00f1o y que, en esta edici\u00f3n, seleccion\u00f3 a diez escultores consagrados que llegar\u00e1n a Resistencia para trabajar a cielo abierto, frente al p\u00fablico, durante nueve jornadas intensas en julio.<\/p>\n<p>Pero para entender la dimensi\u00f3n de la Bienal hay que retroceder casi cuatro d\u00e9cadas. En 1988, en la Plaza 25 de Mayo, un grupo de artistas encabezados por Fabriciano G\u00f3mez dio forma a un sue\u00f1o que parec\u00eda peque\u00f1o: un concurso de escultura en madera. Ese gesto, casi artesanal, termin\u00f3 por convertirse en una marca identitaria. Hoy, aquellas primeras obras se multiplicaron en veredas y bulevares, transformando a Resistencia en un museo vivo y cotidiano.<\/p>\n<p>\u201cM\u00e1s de quinientos escultores del mundo pasaron por el Chaco\u201d, record\u00f3 el presidente de la Fundaci\u00f3n Urunday, Jos\u00e9 Eidman, durante la presentaci\u00f3n. Y en esa frase no solo hay una cifra: hay una historia acumulada de encuentros, de materiales transformados y de una ciudad que hizo del arte una forma de habitarse.<\/p>\n<p>La edici\u00f3n 2026 sumar\u00e1, adem\u00e1s, un nuevo cap\u00edtulo a esa historia. Por primera vez, la Bienal ser\u00e1 sede de la reuni\u00f3n anual y el simposio del ICLAFI, organismo vinculado a ICOMOS y consultivo de la UNESCO en patrimonio cultural. No es un dato menor: implica que el evento ya no solo convoca artistas, sino tambi\u00e9n pensamiento, debate y proyecci\u00f3n internacional en torno al patrimonio y la cultura.<\/p>\n<p>Mientras tanto, los nombres de los escultores seleccionados comienzan a trazar un mapa diverso: desde Argentina hasta Uzbekist\u00e1n, pasando por Europa del Este y el Mediterr\u00e1neo. Todos trabajar\u00e1n con m\u00e1rmol travertino y acero inoxidable, materiales que dialogan entre lo cl\u00e1sico y lo contempor\u00e1neo, y que cobrar\u00e1n forma en vivo, ante la mirada de miles de visitantes.<\/p>\n<p>La Bienal no se agota en su competencia central. Como una ciudad que se expande, el evento despliega una agenda paralela que incluye encuentros de escultores invitados, ferias de artesan\u00eda, festivales musicales, congresos internacionales, propuestas esc\u00e9nicas y espacios dedicados al cruce entre arte y tecnolog\u00eda. Durante diez d\u00edas, Resistencia se transforma en un territorio donde cada rinc\u00f3n respira cultura.<\/p>\n<p>Lo que comenz\u00f3 como un acto casi \u00edntimo hoy es un fen\u00f3meno colectivo. Instituciones, artistas, gobiernos y comunidad confluyen en un mismo pulso que sostiene y proyecta la Bienal m\u00e1s all\u00e1 de sus fronteras. En tiempos donde las identidades se construyen y reconstruyen constantemente, Resistencia eligi\u00f3 hacerlo a trav\u00e9s del arte.<\/p>\n<p>Y as\u00ed, una vez m\u00e1s, la ciudad se prepara para recibir al mundo, no como espectadora, sino como protagonista de una historia que sigue tall\u00e1ndose, a\u00f1o tras a\u00f1o, en cada nueva obra.<\/p>\n<\/div>\n<p>[\/vc_column_text][vc_empty_space height=&#8221;35px&#8221;][vc_column_text css=&#8221;&#8221;]Fuente: <a href=\"https:\/\/www.perfil.com\/noticias\/cultura\/resistencia-esculpe-su-lugar-en-el-mundo-la-bienal-del-chaco-2026-se-presento-en-buenos-aires-y-reafirma-su-proyeccion-internacional.phtml\" target=\"_blank\" rel=\"noopener\">https:\/\/www.perfil.com\/noticias\/cultura\/resistencia-esculpe-su-lugar-en-el-mundo-la-bienal-del-chaco-2026-se-presento-en-buenos-aires-y-reafirma-su-proyeccion-internacional.phtml<\/a>[\/vc_column_text][vc_empty_space height=&#8221;100px&#8221;][\/vc_column][\/vc_row]<\/p>\n<\/div>","protected":false},"excerpt":{"rendered":"<p>[vc_row css_animation=&#8221;&#8221; row_type=&#8221;row&#8221; use_row_as_full_screen_section=&#8221;no&#8221; type=&#8221;full_width&#8221; angled_section=&#8221;no&#8221; text_align=&#8221;left&#8221; background_image_as_pattern=&#8221;without_pattern&#8221;][vc_column][vc_column_text css=&#8221;&#8221;] Con artistas de cuatro continentes, nuevas instancias vinculadas a la UNESCO y una convocatoria r\u00e9cord, el evento vuelve a consolidarse como uno de los grandes faros culturales de la regi\u00f3n.<\/p>\n","protected":false},"author":1,"featured_media":2130,"comment_status":"open","ping_status":"open","sticky":false,"template":"","format":"standard","meta":{"footnotes":""},"categories":[1],"tags":[],"class_list":["post-2132","post","type-post","status-publish","format-standard","has-post-thumbnail","hentry","category-sin-categoria"],"yoast_head":"<!-- This site is optimized with the Yoast SEO plugin v25.6 - https:\/\/yoast.com\/wordpress\/plugins\/seo\/ -->\n<title>Resistencia esculpe su lugar en el mundo: la Bienal del Chaco 2026 se present\u00f3 en Buenos Aires y reafirma su proyecci\u00f3n internacional - Bienal del Chaco<\/title>\n<meta name=\"robots\" content=\"index, follow, max-snippet:-1, max-image-preview:large, max-video-preview:-1\" \/>\n<link rel=\"canonical\" href=\"https:\/\/bienaldelchaco.org\/2026\/resistencia-esculpe-su-lugar-en-el-mundo-la-bienal-del-chaco-2026-se-presento-en-buenos-aires-y-reafirma-su-proyeccion-internacional\/\" \/>\n<meta property=\"og:locale\" content=\"es_ES\" \/>\n<meta property=\"og:type\" content=\"article\" \/>\n<meta property=\"og:title\" content=\"Resistencia esculpe su lugar en el mundo: la Bienal del Chaco 2026 se present\u00f3 en Buenos Aires y reafirma su proyecci\u00f3n internacional - Bienal del Chaco\" \/>\n<meta property=\"og:description\" content=\"[vc_row css_animation=&#8221;&#8221; row_type=&#8221;row&#8221; use_row_as_full_screen_section=&#8221;no&#8221; type=&#8221;full_width&#8221; angled_section=&#8221;no&#8221; text_align=&#8221;left&#8221; background_image_as_pattern=&#8221;without_pattern&#8221;][vc_column][vc_column_text css=&#8221;&#8221;] Con artistas de cuatro continentes, nuevas instancias vinculadas a la UNESCO y una convocatoria r\u00e9cord, el evento vuelve a consolidarse como uno de los grandes faros culturales de la regi\u00f3n.\" \/>\n<meta property=\"og:url\" content=\"https:\/\/bienaldelchaco.org\/2026\/resistencia-esculpe-su-lugar-en-el-mundo-la-bienal-del-chaco-2026-se-presento-en-buenos-aires-y-reafirma-su-proyeccion-internacional\/\" \/>\n<meta property=\"og:site_name\" content=\"Bienal del Chaco\" \/>\n<meta property=\"article:publisher\" content=\"https:\/\/www.facebook.com\/bienaldelchaco\" \/>\n<meta property=\"article:published_time\" content=\"2026-04-22T21:21:09+00:00\" \/>\n<meta property=\"article:modified_time\" content=\"2026-04-22T22:23:56+00:00\" \/>\n<meta property=\"og:image\" content=\"https:\/\/bienaldelchaco.org\/2026\/wp-content\/uploads\/2026\/04\/12a11fb1-0b5e-45a7-8593-b35fdc6f73b5-scaled.jpg\" \/>\n\t<meta property=\"og:image:width\" content=\"2560\" \/>\n\t<meta property=\"og:image:height\" content=\"1920\" \/>\n\t<meta property=\"og:image:type\" content=\"image\/jpeg\" \/>\n<meta name=\"author\" content=\"bitnessadmin\" \/>\n<meta name=\"twitter:card\" content=\"summary_large_image\" \/>\n<meta name=\"twitter:creator\" content=\"@bienaldelchaco\" \/>\n<meta name=\"twitter:site\" content=\"@bienaldelchaco\" \/>\n<meta name=\"twitter:label1\" content=\"Escrito por\" \/>\n\t<meta name=\"twitter:data1\" content=\"bitnessadmin\" \/>\n\t<meta name=\"twitter:label2\" content=\"Tiempo de lectura\" \/>\n\t<meta name=\"twitter:data2\" content=\"3 minutos\" \/>\n<script type=\"application\/ld+json\" class=\"yoast-schema-graph\">{\"@context\":\"https:\/\/schema.org\",\"@graph\":[{\"@type\":\"Article\",\"@id\":\"https:\/\/bienaldelchaco.org\/2026\/resistencia-esculpe-su-lugar-en-el-mundo-la-bienal-del-chaco-2026-se-presento-en-buenos-aires-y-reafirma-su-proyeccion-internacional\/#article\",\"isPartOf\":{\"@id\":\"https:\/\/bienaldelchaco.org\/2026\/resistencia-esculpe-su-lugar-en-el-mundo-la-bienal-del-chaco-2026-se-presento-en-buenos-aires-y-reafirma-su-proyeccion-internacional\/\"},\"author\":{\"name\":\"bitnessadmin\",\"@id\":\"https:\/\/bienaldelchaco.org\/2026\/#\/schema\/person\/1b8918c48c8b750f041d7dcc1614ef18\"},\"headline\":\"Resistencia esculpe su lugar en el mundo: la Bienal del Chaco 2026 se present\u00f3 en Buenos Aires y reafirma su proyecci\u00f3n internacional\",\"datePublished\":\"2026-04-22T21:21:09+00:00\",\"dateModified\":\"2026-04-22T22:23:56+00:00\",\"mainEntityOfPage\":{\"@id\":\"https:\/\/bienaldelchaco.org\/2026\/resistencia-esculpe-su-lugar-en-el-mundo-la-bienal-del-chaco-2026-se-presento-en-buenos-aires-y-reafirma-su-proyeccion-internacional\/\"},\"wordCount\":670,\"commentCount\":0,\"publisher\":{\"@id\":\"https:\/\/bienaldelchaco.org\/2026\/#organization\"},\"image\":{\"@id\":\"https:\/\/bienaldelchaco.org\/2026\/resistencia-esculpe-su-lugar-en-el-mundo-la-bienal-del-chaco-2026-se-presento-en-buenos-aires-y-reafirma-su-proyeccion-internacional\/#primaryimage\"},\"thumbnailUrl\":\"https:\/\/bienaldelchaco.org\/2026\/wp-content\/uploads\/2026\/04\/12a11fb1-0b5e-45a7-8593-b35fdc6f73b5-scaled.jpg\",\"inLanguage\":\"es-AR\",\"potentialAction\":[{\"@type\":\"CommentAction\",\"name\":\"Comment\",\"target\":[\"https:\/\/bienaldelchaco.org\/2026\/resistencia-esculpe-su-lugar-en-el-mundo-la-bienal-del-chaco-2026-se-presento-en-buenos-aires-y-reafirma-su-proyeccion-internacional\/#respond\"]}]},{\"@type\":\"WebPage\",\"@id\":\"https:\/\/bienaldelchaco.org\/2026\/resistencia-esculpe-su-lugar-en-el-mundo-la-bienal-del-chaco-2026-se-presento-en-buenos-aires-y-reafirma-su-proyeccion-internacional\/\",\"url\":\"https:\/\/bienaldelchaco.org\/2026\/resistencia-esculpe-su-lugar-en-el-mundo-la-bienal-del-chaco-2026-se-presento-en-buenos-aires-y-reafirma-su-proyeccion-internacional\/\",\"name\":\"Resistencia esculpe su lugar en el mundo: la Bienal del Chaco 2026 se present\u00f3 en Buenos Aires y reafirma su proyecci\u00f3n internacional - Bienal del Chaco\",\"isPartOf\":{\"@id\":\"https:\/\/bienaldelchaco.org\/2026\/#website\"},\"primaryImageOfPage\":{\"@id\":\"https:\/\/bienaldelchaco.org\/2026\/resistencia-esculpe-su-lugar-en-el-mundo-la-bienal-del-chaco-2026-se-presento-en-buenos-aires-y-reafirma-su-proyeccion-internacional\/#primaryimage\"},\"image\":{\"@id\":\"https:\/\/bienaldelchaco.org\/2026\/resistencia-esculpe-su-lugar-en-el-mundo-la-bienal-del-chaco-2026-se-presento-en-buenos-aires-y-reafirma-su-proyeccion-internacional\/#primaryimage\"},\"thumbnailUrl\":\"https:\/\/bienaldelchaco.org\/2026\/wp-content\/uploads\/2026\/04\/12a11fb1-0b5e-45a7-8593-b35fdc6f73b5-scaled.jpg\",\"datePublished\":\"2026-04-22T21:21:09+00:00\",\"dateModified\":\"2026-04-22T22:23:56+00:00\",\"breadcrumb\":{\"@id\":\"https:\/\/bienaldelchaco.org\/2026\/resistencia-esculpe-su-lugar-en-el-mundo-la-bienal-del-chaco-2026-se-presento-en-buenos-aires-y-reafirma-su-proyeccion-internacional\/#breadcrumb\"},\"inLanguage\":\"es-AR\",\"potentialAction\":[{\"@type\":\"ReadAction\",\"target\":[\"https:\/\/bienaldelchaco.org\/2026\/resistencia-esculpe-su-lugar-en-el-mundo-la-bienal-del-chaco-2026-se-presento-en-buenos-aires-y-reafirma-su-proyeccion-internacional\/\"]}]},{\"@type\":\"ImageObject\",\"inLanguage\":\"es-AR\",\"@id\":\"https:\/\/bienaldelchaco.org\/2026\/resistencia-esculpe-su-lugar-en-el-mundo-la-bienal-del-chaco-2026-se-presento-en-buenos-aires-y-reafirma-su-proyeccion-internacional\/#primaryimage\",\"url\":\"https:\/\/bienaldelchaco.org\/2026\/wp-content\/uploads\/2026\/04\/12a11fb1-0b5e-45a7-8593-b35fdc6f73b5-scaled.jpg\",\"contentUrl\":\"https:\/\/bienaldelchaco.org\/2026\/wp-content\/uploads\/2026\/04\/12a11fb1-0b5e-45a7-8593-b35fdc6f73b5-scaled.jpg\",\"width\":2560,\"height\":1920},{\"@type\":\"BreadcrumbList\",\"@id\":\"https:\/\/bienaldelchaco.org\/2026\/resistencia-esculpe-su-lugar-en-el-mundo-la-bienal-del-chaco-2026-se-presento-en-buenos-aires-y-reafirma-su-proyeccion-internacional\/#breadcrumb\",\"itemListElement\":[{\"@type\":\"ListItem\",\"position\":1,\"name\":\"Inicio\",\"item\":\"https:\/\/bienaldelchaco.org\/2026\/\"},{\"@type\":\"ListItem\",\"position\":2,\"name\":\"Resistencia esculpe su lugar en el mundo: la Bienal del Chaco 2026 se present\u00f3 en Buenos Aires y reafirma su proyecci\u00f3n internacional\"}]},{\"@type\":\"WebSite\",\"@id\":\"https:\/\/bienaldelchaco.org\/2026\/#website\",\"url\":\"https:\/\/bienaldelchaco.org\/2026\/\",\"name\":\"Bienal del Chaco\",\"description\":\"\",\"publisher\":{\"@id\":\"https:\/\/bienaldelchaco.org\/2026\/#organization\"},\"potentialAction\":[{\"@type\":\"SearchAction\",\"target\":{\"@type\":\"EntryPoint\",\"urlTemplate\":\"https:\/\/bienaldelchaco.org\/2026\/?s={search_term_string}\"},\"query-input\":{\"@type\":\"PropertyValueSpecification\",\"valueRequired\":true,\"valueName\":\"search_term_string\"}}],\"inLanguage\":\"es-AR\"},{\"@type\":\"Organization\",\"@id\":\"https:\/\/bienaldelchaco.org\/2026\/#organization\",\"name\":\"Bienal del Chaco\",\"url\":\"https:\/\/bienaldelchaco.org\/2026\/\",\"logo\":{\"@type\":\"ImageObject\",\"inLanguage\":\"es-AR\",\"@id\":\"https:\/\/bienaldelchaco.org\/2026\/#\/schema\/logo\/image\/\",\"url\":\"https:\/\/bienaldelchaco.org\/2026\/wp-content\/uploads\/2025\/04\/web-logo-2026.png\",\"contentUrl\":\"https:\/\/bienaldelchaco.org\/2026\/wp-content\/uploads\/2025\/04\/web-logo-2026.png\",\"width\":145,\"height\":50,\"caption\":\"Bienal del Chaco\"},\"image\":{\"@id\":\"https:\/\/bienaldelchaco.org\/2026\/#\/schema\/logo\/image\/\"},\"sameAs\":[\"https:\/\/www.facebook.com\/bienaldelchaco\",\"https:\/\/x.com\/bienaldelchaco\",\"https:\/\/www.instagram.com\/bienaldelchaco\/\",\"https:\/\/www.youtube.com\/BienaldelChaco\"]},{\"@type\":\"Person\",\"@id\":\"https:\/\/bienaldelchaco.org\/2026\/#\/schema\/person\/1b8918c48c8b750f041d7dcc1614ef18\",\"name\":\"bitnessadmin\",\"image\":{\"@type\":\"ImageObject\",\"inLanguage\":\"es-AR\",\"@id\":\"https:\/\/bienaldelchaco.org\/2026\/#\/schema\/person\/image\/\",\"url\":\"https:\/\/secure.gravatar.com\/avatar\/441b367b6997ee3aae034996bf7b8bf6b85d8dd458e3cd0f1a0f7669a04bb0d9?s=96&d=mm&r=g\",\"contentUrl\":\"https:\/\/secure.gravatar.com\/avatar\/441b367b6997ee3aae034996bf7b8bf6b85d8dd458e3cd0f1a0f7669a04bb0d9?s=96&d=mm&r=g\",\"caption\":\"bitnessadmin\"},\"sameAs\":[\"https:\/\/bienaldelchaco.org\/2026\"],\"url\":\"https:\/\/bienaldelchaco.org\/2026\/author\/bitnessadmin\/\"}]}<\/script>\n<!-- \/ Yoast SEO plugin. -->","yoast_head_json":{"title":"Resistencia esculpe su lugar en el mundo: la Bienal del Chaco 2026 se present\u00f3 en Buenos Aires y reafirma su proyecci\u00f3n internacional - Bienal del Chaco","robots":{"index":"index","follow":"follow","max-snippet":"max-snippet:-1","max-image-preview":"max-image-preview:large","max-video-preview":"max-video-preview:-1"},"canonical":"https:\/\/bienaldelchaco.org\/2026\/resistencia-esculpe-su-lugar-en-el-mundo-la-bienal-del-chaco-2026-se-presento-en-buenos-aires-y-reafirma-su-proyeccion-internacional\/","og_locale":"es_ES","og_type":"article","og_title":"Resistencia esculpe su lugar en el mundo: la Bienal del Chaco 2026 se present\u00f3 en Buenos Aires y reafirma su proyecci\u00f3n internacional - Bienal del Chaco","og_description":"[vc_row css_animation=&#8221;&#8221; row_type=&#8221;row&#8221; use_row_as_full_screen_section=&#8221;no&#8221; type=&#8221;full_width&#8221; angled_section=&#8221;no&#8221; text_align=&#8221;left&#8221; background_image_as_pattern=&#8221;without_pattern&#8221;][vc_column][vc_column_text css=&#8221;&#8221;] Con artistas de cuatro continentes, nuevas instancias vinculadas a la UNESCO y una convocatoria r\u00e9cord, el evento vuelve a consolidarse como uno de los grandes faros culturales de la regi\u00f3n.","og_url":"https:\/\/bienaldelchaco.org\/2026\/resistencia-esculpe-su-lugar-en-el-mundo-la-bienal-del-chaco-2026-se-presento-en-buenos-aires-y-reafirma-su-proyeccion-internacional\/","og_site_name":"Bienal del Chaco","article_publisher":"https:\/\/www.facebook.com\/bienaldelchaco","article_published_time":"2026-04-22T21:21:09+00:00","article_modified_time":"2026-04-22T22:23:56+00:00","og_image":[{"width":2560,"height":1920,"url":"https:\/\/bienaldelchaco.org\/2026\/wp-content\/uploads\/2026\/04\/12a11fb1-0b5e-45a7-8593-b35fdc6f73b5-scaled.jpg","type":"image\/jpeg"}],"author":"bitnessadmin","twitter_card":"summary_large_image","twitter_creator":"@bienaldelchaco","twitter_site":"@bienaldelchaco","twitter_misc":{"Escrito por":"bitnessadmin","Tiempo de lectura":"3 minutos"},"schema":{"@context":"https:\/\/schema.org","@graph":[{"@type":"Article","@id":"https:\/\/bienaldelchaco.org\/2026\/resistencia-esculpe-su-lugar-en-el-mundo-la-bienal-del-chaco-2026-se-presento-en-buenos-aires-y-reafirma-su-proyeccion-internacional\/#article","isPartOf":{"@id":"https:\/\/bienaldelchaco.org\/2026\/resistencia-esculpe-su-lugar-en-el-mundo-la-bienal-del-chaco-2026-se-presento-en-buenos-aires-y-reafirma-su-proyeccion-internacional\/"},"author":{"name":"bitnessadmin","@id":"https:\/\/bienaldelchaco.org\/2026\/#\/schema\/person\/1b8918c48c8b750f041d7dcc1614ef18"},"headline":"Resistencia esculpe su lugar en el mundo: la Bienal del Chaco 2026 se present\u00f3 en Buenos Aires y reafirma su proyecci\u00f3n internacional","datePublished":"2026-04-22T21:21:09+00:00","dateModified":"2026-04-22T22:23:56+00:00","mainEntityOfPage":{"@id":"https:\/\/bienaldelchaco.org\/2026\/resistencia-esculpe-su-lugar-en-el-mundo-la-bienal-del-chaco-2026-se-presento-en-buenos-aires-y-reafirma-su-proyeccion-internacional\/"},"wordCount":670,"commentCount":0,"publisher":{"@id":"https:\/\/bienaldelchaco.org\/2026\/#organization"},"image":{"@id":"https:\/\/bienaldelchaco.org\/2026\/resistencia-esculpe-su-lugar-en-el-mundo-la-bienal-del-chaco-2026-se-presento-en-buenos-aires-y-reafirma-su-proyeccion-internacional\/#primaryimage"},"thumbnailUrl":"https:\/\/bienaldelchaco.org\/2026\/wp-content\/uploads\/2026\/04\/12a11fb1-0b5e-45a7-8593-b35fdc6f73b5-scaled.jpg","inLanguage":"es-AR","potentialAction":[{"@type":"CommentAction","name":"Comment","target":["https:\/\/bienaldelchaco.org\/2026\/resistencia-esculpe-su-lugar-en-el-mundo-la-bienal-del-chaco-2026-se-presento-en-buenos-aires-y-reafirma-su-proyeccion-internacional\/#respond"]}]},{"@type":"WebPage","@id":"https:\/\/bienaldelchaco.org\/2026\/resistencia-esculpe-su-lugar-en-el-mundo-la-bienal-del-chaco-2026-se-presento-en-buenos-aires-y-reafirma-su-proyeccion-internacional\/","url":"https:\/\/bienaldelchaco.org\/2026\/resistencia-esculpe-su-lugar-en-el-mundo-la-bienal-del-chaco-2026-se-presento-en-buenos-aires-y-reafirma-su-proyeccion-internacional\/","name":"Resistencia esculpe su lugar en el mundo: la Bienal del Chaco 2026 se present\u00f3 en Buenos Aires y reafirma su proyecci\u00f3n internacional - Bienal del Chaco","isPartOf":{"@id":"https:\/\/bienaldelchaco.org\/2026\/#website"},"primaryImageOfPage":{"@id":"https:\/\/bienaldelchaco.org\/2026\/resistencia-esculpe-su-lugar-en-el-mundo-la-bienal-del-chaco-2026-se-presento-en-buenos-aires-y-reafirma-su-proyeccion-internacional\/#primaryimage"},"image":{"@id":"https:\/\/bienaldelchaco.org\/2026\/resistencia-esculpe-su-lugar-en-el-mundo-la-bienal-del-chaco-2026-se-presento-en-buenos-aires-y-reafirma-su-proyeccion-internacional\/#primaryimage"},"thumbnailUrl":"https:\/\/bienaldelchaco.org\/2026\/wp-content\/uploads\/2026\/04\/12a11fb1-0b5e-45a7-8593-b35fdc6f73b5-scaled.jpg","datePublished":"2026-04-22T21:21:09+00:00","dateModified":"2026-04-22T22:23:56+00:00","breadcrumb":{"@id":"https:\/\/bienaldelchaco.org\/2026\/resistencia-esculpe-su-lugar-en-el-mundo-la-bienal-del-chaco-2026-se-presento-en-buenos-aires-y-reafirma-su-proyeccion-internacional\/#breadcrumb"},"inLanguage":"es-AR","potentialAction":[{"@type":"ReadAction","target":["https:\/\/bienaldelchaco.org\/2026\/resistencia-esculpe-su-lugar-en-el-mundo-la-bienal-del-chaco-2026-se-presento-en-buenos-aires-y-reafirma-su-proyeccion-internacional\/"]}]},{"@type":"ImageObject","inLanguage":"es-AR","@id":"https:\/\/bienaldelchaco.org\/2026\/resistencia-esculpe-su-lugar-en-el-mundo-la-bienal-del-chaco-2026-se-presento-en-buenos-aires-y-reafirma-su-proyeccion-internacional\/#primaryimage","url":"https:\/\/bienaldelchaco.org\/2026\/wp-content\/uploads\/2026\/04\/12a11fb1-0b5e-45a7-8593-b35fdc6f73b5-scaled.jpg","contentUrl":"https:\/\/bienaldelchaco.org\/2026\/wp-content\/uploads\/2026\/04\/12a11fb1-0b5e-45a7-8593-b35fdc6f73b5-scaled.jpg","width":2560,"height":1920},{"@type":"BreadcrumbList","@id":"https:\/\/bienaldelchaco.org\/2026\/resistencia-esculpe-su-lugar-en-el-mundo-la-bienal-del-chaco-2026-se-presento-en-buenos-aires-y-reafirma-su-proyeccion-internacional\/#breadcrumb","itemListElement":[{"@type":"ListItem","position":1,"name":"Inicio","item":"https:\/\/bienaldelchaco.org\/2026\/"},{"@type":"ListItem","position":2,"name":"Resistencia esculpe su lugar en el mundo: la Bienal del Chaco 2026 se present\u00f3 en Buenos Aires y reafirma su proyecci\u00f3n internacional"}]},{"@type":"WebSite","@id":"https:\/\/bienaldelchaco.org\/2026\/#website","url":"https:\/\/bienaldelchaco.org\/2026\/","name":"Bienal del Chaco","description":"","publisher":{"@id":"https:\/\/bienaldelchaco.org\/2026\/#organization"},"potentialAction":[{"@type":"SearchAction","target":{"@type":"EntryPoint","urlTemplate":"https:\/\/bienaldelchaco.org\/2026\/?s={search_term_string}"},"query-input":{"@type":"PropertyValueSpecification","valueRequired":true,"valueName":"search_term_string"}}],"inLanguage":"es-AR"},{"@type":"Organization","@id":"https:\/\/bienaldelchaco.org\/2026\/#organization","name":"Bienal del Chaco","url":"https:\/\/bienaldelchaco.org\/2026\/","logo":{"@type":"ImageObject","inLanguage":"es-AR","@id":"https:\/\/bienaldelchaco.org\/2026\/#\/schema\/logo\/image\/","url":"https:\/\/bienaldelchaco.org\/2026\/wp-content\/uploads\/2025\/04\/web-logo-2026.png","contentUrl":"https:\/\/bienaldelchaco.org\/2026\/wp-content\/uploads\/2025\/04\/web-logo-2026.png","width":145,"height":50,"caption":"Bienal del Chaco"},"image":{"@id":"https:\/\/bienaldelchaco.org\/2026\/#\/schema\/logo\/image\/"},"sameAs":["https:\/\/www.facebook.com\/bienaldelchaco","https:\/\/x.com\/bienaldelchaco","https:\/\/www.instagram.com\/bienaldelchaco\/","https:\/\/www.youtube.com\/BienaldelChaco"]},{"@type":"Person","@id":"https:\/\/bienaldelchaco.org\/2026\/#\/schema\/person\/1b8918c48c8b750f041d7dcc1614ef18","name":"bitnessadmin","image":{"@type":"ImageObject","inLanguage":"es-AR","@id":"https:\/\/bienaldelchaco.org\/2026\/#\/schema\/person\/image\/","url":"https:\/\/secure.gravatar.com\/avatar\/441b367b6997ee3aae034996bf7b8bf6b85d8dd458e3cd0f1a0f7669a04bb0d9?s=96&d=mm&r=g","contentUrl":"https:\/\/secure.gravatar.com\/avatar\/441b367b6997ee3aae034996bf7b8bf6b85d8dd458e3cd0f1a0f7669a04bb0d9?s=96&d=mm&r=g","caption":"bitnessadmin"},"sameAs":["https:\/\/bienaldelchaco.org\/2026"],"url":"https:\/\/bienaldelchaco.org\/2026\/author\/bitnessadmin\/"}]}},"_links":{"self":[{"href":"https:\/\/bienaldelchaco.org\/2026\/wp-json\/wp\/v2\/posts\/2132","targetHints":{"allow":["GET"]}}],"collection":[{"href":"https:\/\/bienaldelchaco.org\/2026\/wp-json\/wp\/v2\/posts"}],"about":[{"href":"https:\/\/bienaldelchaco.org\/2026\/wp-json\/wp\/v2\/types\/post"}],"author":[{"embeddable":true,"href":"https:\/\/bienaldelchaco.org\/2026\/wp-json\/wp\/v2\/users\/1"}],"replies":[{"embeddable":true,"href":"https:\/\/bienaldelchaco.org\/2026\/wp-json\/wp\/v2\/comments?post=2132"}],"version-history":[{"count":1,"href":"https:\/\/bienaldelchaco.org\/2026\/wp-json\/wp\/v2\/posts\/2132\/revisions"}],"predecessor-version":[{"id":2133,"href":"https:\/\/bienaldelchaco.org\/2026\/wp-json\/wp\/v2\/posts\/2132\/revisions\/2133"}],"wp:featuredmedia":[{"embeddable":true,"href":"https:\/\/bienaldelchaco.org\/2026\/wp-json\/wp\/v2\/media\/2130"}],"wp:attachment":[{"href":"https:\/\/bienaldelchaco.org\/2026\/wp-json\/wp\/v2\/media?parent=2132"}],"wp:term":[{"taxonomy":"category","embeddable":true,"href":"https:\/\/bienaldelchaco.org\/2026\/wp-json\/wp\/v2\/categories?post=2132"},{"taxonomy":"post_tag","embeddable":true,"href":"https:\/\/bienaldelchaco.org\/2026\/wp-json\/wp\/v2\/tags?post=2132"}],"curies":[{"name":"wp","href":"https:\/\/api.w.org\/{rel}","templated":true}]}}