{"id":2136,"date":"2026-04-22T18:29:26","date_gmt":"2026-04-22T21:29:26","guid":{"rendered":"https:\/\/bienaldelchaco.org\/2026\/?p=2136"},"modified":"2026-04-22T19:43:32","modified_gmt":"2026-04-22T22:43:32","slug":"bienal-del-chaco-2026-un-mundial-de-escultura-a-cielo-abierto","status":"publish","type":"post","link":"https:\/\/bienaldelchaco.org\/2026\/bienal-del-chaco-2026-un-mundial-de-escultura-a-cielo-abierto\/","title":{"rendered":"Bienal del Chaco 2026: un Mundial de escultura a cielo abierto"},"content":{"rendered":"<div class=\"wpb-content-wrapper\"><p>[vc_row css_animation=&#8221;&#8221; row_type=&#8221;row&#8221; use_row_as_full_screen_section=&#8221;no&#8221; type=&#8221;full_width&#8221; angled_section=&#8221;no&#8221; text_align=&#8221;left&#8221; background_image_as_pattern=&#8221;without_pattern&#8221;][vc_column][vc_column_text css=&#8221;&#8221;]<\/p>\n<div>Del 17 al 26 de julio, el encuentro internacional reunir\u00e1 a artistas de 10 pa\u00edses que crear\u00e1n sus obras en vivo, en un evento que consolida a Resistencia como museo a cielo abierto.<\/div>\n<div class=\"intro\"><!--more--><\/div>\n<div>\n<div id=\"element-body-0\" class=\"sc-45461e9c-0 eqiBeF container-text text-embed \">\n<p>Este a\u00f1o, Chaco juega su propio Mundial:\u00a0<strong>del 17 al 26 de julio se realizar\u00e1 una nueva edici\u00f3n de la\u00a0<a title=\"Bienal del Chaco\" href=\"https:\/\/www.clarin.com\/revista-n\/bienal-internacional-esculturas-chaco-2024-fragua-metal-llevara-todas-miradas_0_sHLilo0Sgg.html\" target=\"_blank\" rel=\"noopener\" data-mrf-link=\"https:\/\/www.clarin.com\/revista-n\/bienal-internacional-esculturas-chaco-2024-fragua-metal-llevara-todas-miradas_0_sHLilo0Sgg.html\">Bienal del Chaco<\/a>,\u00a0<\/strong>considerada uno de los encuentros de escultura a cielo abierto m\u00e1s relevantes del circuito internacional, que ya lleva\u00a0<strong>38 a\u00f1os de existencia<\/strong>\u00a0<strong>y ha consolidado a Resistencia como un polo cultural singular en Am\u00e9rica Latina.<\/strong><\/p>\n<\/div>\n<div id=\"element-body-1\" class=\"sc-45461e9c-0 eqiBeF container-text text-embed \">\n<p>La nueva edici\u00f3n se present\u00f3 este mi\u00e9rcoles en la Casa de Chaco de la Ciudad de Buenos Aires en un acto que funcion\u00f3 tambi\u00e9n como vidriera pol\u00edtica y cultural del evento, con la presencia de funcionarios nacionales y provinciales, como el Secretario de Cultura,<strong>\u00a0Leonardo Cifelli<\/strong>; el Secretario de Turismo,\u00a0<strong>Daniel Scioli<\/strong>; y el gobernador de Chaco,\u00a0<strong>Leandro Zdero<\/strong>. Tambi\u00e9n participaron\u00a0<strong><a title=\"Jos\u00e9 Eidman\" href=\"https:\/\/www.clarin.com\/cultura\/comenzo-bienal-chaco-2024-sembradio-esculturas_0_wdh3OVUrTs.html\" target=\"_blank\" rel=\"noopener\" data-mrf-link=\"https:\/\/www.clarin.com\/cultura\/comenzo-bienal-chaco-2024-sembradio-esculturas_0_wdh3OVUrTs.html\">Jos\u00e9 Eidman<\/a><\/strong>, presidente de la Fundaci\u00f3n Urunday, organizadora hist\u00f3rica del encuentro, junto a representantes diplom\u00e1ticos de los pa\u00edses participantes, referentes del \u00e1mbito art\u00edstico y cultural, adem\u00e1s de mecenas y patrocinadores del evento.<\/p>\n<p>Durante los nueve d\u00edas que dura el concurso, los 10 escultores participantes deber\u00e1n<strong>\u00a0realizar sus obras en m\u00e1rmol travertino<\/strong>\u00a0de las canteras de San Juan y\u00a0<strong>acero inoxidable<\/strong>: cada uno elegir\u00e1 con qu\u00e9 material trabajar, ya sea en clave experimental o combinando ambos soportes en una misma pieza. Lo har\u00e1n al aire libre en el Parque 2 de Febrero, a la vera del r\u00edo Negro, en un formato que privilegia el proceso creativo como\u00a0<strong>espect\u00e1culo p\u00fablico y gratuito.<\/strong><\/p>\n<p>Los finalistas, cuyos nombres se anunciaron durante el lanzamiento, provienen de 10 nacionalidades diferentes y resultaron\u00a0<strong>seleccionados entre 439 postulaciones de 70 pa\u00edses<\/strong>, una cifra que confirma el car\u00e1cter global y competitivo del certamen: N\u00e9stor Vildoza (Argentina), Alex Sorokin (Bielorrusia), Georgi Minchev (Bulgaria), Mauricio Guajardo (Chile), Jos\u00e9 Carlos Cabello Mill\u00e1n (Espa\u00f1a), Francesca Bernardini (Italia), Anna Teresa Rasinska (Polonia), Furkan Depeli (Turqu\u00eda), Lyudmyla Mysko (Ucrania) y Ulash Urakov (Uzbekist\u00e1n). Independientemente de quienes integren el podio, todas las creaciones ser\u00e1n emplazadas en la v\u00eda p\u00fablica de la capital chaque\u00f1a, como parte de una pol\u00edtica sostenida de democratizaci\u00f3n de acceso al arte.<\/p>\n<\/div>\n<div id=\"element-body-4\" class=\"sc-45461e9c-0 eqiBeF container-text text-embed \"><\/div>\n<div id=\"element-body-6\" class=\"sc-45461e9c-0 eqiBeF container-text text-embed \">\n<h2><\/h2>\n<h3>Inicios de la Bienal<\/h3>\n<\/div>\n<div id=\"element-body-7\" class=\"sc-45461e9c-0 eqiBeF container-text text-embed \">\n<p>La Bienal Internacional de Esculturas del Chaco tuvo su origen en 1988, cuando\u00a0<strong>el escultor chaque\u00f1o\u00a0<a title=\"Fabriciano G\u00f3mez\" href=\"https:\/\/www.clarin.com\/cultura\/vuelve-bienal-escultura-chaco-homenaje-creador-fabriciano-gomez_0_SeaPBxRO3S.html\" target=\"_blank\" rel=\"noopener\" data-mrf-link=\"https:\/\/www.clarin.com\/cultura\/vuelve-bienal-escultura-chaco-homenaje-creador-fabriciano-gomez_0_SeaPBxRO3S.html\">Fabriciano G\u00f3mez<\/a><\/strong>\u00a0\u2013o simplemente<strong>\u00a0Fabriciano<\/strong>, como lo llaman en la provincia\u2013, junto a otra decena de colegas, impuls\u00f3 una experiencia colectiva que buscaba\u00a0<strong>sacar el arte de los espacios tradicionales<\/strong>\u00a0mediante un concurso de esculturas a cielo abierto en la Plaza 25 de Mayo de Resistencia.<\/p>\n<p>&nbsp;<\/p>\n<\/div>\n<div id=\"element-body-8\" class=\"sc-98b114a2-0 bkqiHH image-embed image-embed \" style=\"text-align: center;\"><span class=\"epigraphe\" aria-hidden=\"true\"><img loading=\"lazy\" decoding=\"async\" class=\"aligncenter size-full wp-image-2139\" src=\"https:\/\/bienaldelchaco.org\/2026\/wp-content\/uploads\/2026\/04\/5PsBDeDWt_720x0__1.jpg\" alt=\"\" width=\"720\" height=\"477\" srcset=\"https:\/\/bienaldelchaco.org\/2026\/wp-content\/uploads\/2026\/04\/5PsBDeDWt_720x0__1.jpg 720w, https:\/\/bienaldelchaco.org\/2026\/wp-content\/uploads\/2026\/04\/5PsBDeDWt_720x0__1-300x199.jpg 300w, https:\/\/bienaldelchaco.org\/2026\/wp-content\/uploads\/2026\/04\/5PsBDeDWt_720x0__1-700x464.jpg 700w\" sizes=\"auto, (max-width: 720px) 100vw, 720px\" \/>Resistencia en la capital mundial de las esculturas: tiene m\u00e1s de 700 en la v\u00eda p\u00fablica. Prensa<\/span><\/div>\n<div id=\"element-body-9\" class=\"sc-45461e9c-0 eqiBeF container-text text-embed \">\n<p>&nbsp;<\/p>\n<p>En aquel entonces, las obras se tallaban en madera de urunday, un material noble del monte chaque\u00f1o, de tonalidad rojiza y vetas oscuras, que funcionaba como emblema identitario del territorio. Con el tiempo, esa iniciativa devino en esta Bienal de car\u00e1cter global, que hoy articula arte, turismo y desarrollo urbano, y que se ubica entre las m\u00e1s convocantes del mundo si se tiene en cuenta la diversidad geogr\u00e1fica de sus postulantes.<\/p>\n<\/div>\n<div id=\"element-body-10\" class=\"sc-45461e9c-0 eqiBeF container-text text-embed \">\n<p>Todas las esculturas realizadas desde 1988 forman parte del tejido urbano de Resistencia, que ya cuenta con\u00a0<strong>m\u00e1s de 700 obras de distintos materiales y artistas\u00a0<\/strong>desplegadas por sus calles, configurando\u00a0<strong>un\u00a0<a title=\"museo a cielo abierto\" href=\"https:\/\/www.clarin.com\/cultura\/bienal-chaco-escultor-rumano-quedo-primer-puesto-obra-naturaleza_0_AvgcoCfusm.html\" target=\"_blank\" rel=\"noopener\" data-mrf-link=\"https:\/\/www.clarin.com\/cultura\/bienal-chaco-escultor-rumano-quedo-primer-puesto-obra-naturaleza_0_AvgcoCfusm.html\">museo a cielo abierto<\/a>\u00a0\u00fanico en el pa\u00eds y la regi\u00f3n.\u00a0<\/strong>Hasta tal punto las esculturas forman parte del acervo cultural y de la identidad chaque\u00f1a que dif\u00edcilmente se encuentre alguna vandalizada, un dato que suele leerse como indicador del v\u00ednculo entre comunidad y patrimonio.<\/p>\n<p>&nbsp;<\/p>\n<\/div>\n<div id=\"element-body-11\" class=\"sc-98b114a2-0 bkqiHH image-embed image-embed \" style=\"text-align: center;\"><span class=\"epigraphe\" aria-hidden=\"true\"><img loading=\"lazy\" decoding=\"async\" class=\"size-full wp-image-2138 aligncenter\" src=\"https:\/\/bienaldelchaco.org\/2026\/wp-content\/uploads\/2026\/04\/mXuMdHsf8_720x0__1.jpg\" alt=\"\" width=\"720\" height=\"480\" srcset=\"https:\/\/bienaldelchaco.org\/2026\/wp-content\/uploads\/2026\/04\/mXuMdHsf8_720x0__1.jpg 720w, https:\/\/bienaldelchaco.org\/2026\/wp-content\/uploads\/2026\/04\/mXuMdHsf8_720x0__1-300x200.jpg 300w, https:\/\/bienaldelchaco.org\/2026\/wp-content\/uploads\/2026\/04\/mXuMdHsf8_720x0__1-700x467.jpg 700w\" sizes=\"auto, (max-width: 720px) 100vw, 720px\" \/>Escultores en acci\u00f3n. Prensa<\/span><\/div>\n<div id=\"element-body-12\" class=\"sc-45461e9c-0 eqiBeF container-text text-embed \">\n<p>&nbsp;<\/p>\n<p>En ese sentido, se expres\u00f3<strong>\u00a0Jos\u00e9 Eidman, titular de la Fundaci\u00f3n Urunday<\/strong>: \u201cDesde aquel concurso hecho a pulm\u00f3n en 1988 a la Bienal Internacional de nuestros d\u00edas, m\u00e1s de 500 escultores del mundo pasaron por el Chaco. Sus obras hoy habitan veredas y bulevares. Forman parte del paisaje cotidiano. Y alimentan un patrimonio art\u00edstico que hace de Resistencia una ciudad reconocida y respetada. Una suerte de capital de los escultores del mundo\u201d.<\/p>\n<\/div>\n<div id=\"element-body-13\" class=\"sc-45461e9c-0 eqiBeF container-text text-embed \">\n<p>A su turno,\u00a0<strong>Cifelli\u00a0<\/strong>anunci\u00f3: \u201cEs una provincia interesada en la cultura y ah\u00ed estaremos el 18 de julio con el Ballet Folkl\u00f3rico Nacional\u201d. De esta forma, la Bienal suma propuestas esc\u00e9nicas a una programaci\u00f3n que excede lo estrictamente escult\u00f3rico.<\/p>\n<p>&nbsp;<\/p>\n<\/div>\n<div id=\"element-body-14\" class=\"sc-98b114a2-0 bkqiHH image-embed image-embed \" style=\"text-align: center;\"><span class=\"epigraphe\" aria-hidden=\"true\"><img loading=\"lazy\" decoding=\"async\" class=\"aligncenter size-full wp-image-2137\" src=\"https:\/\/bienaldelchaco.org\/2026\/wp-content\/uploads\/2026\/04\/aLKuRpbfh_720x0__1.jpg\" alt=\"\" width=\"720\" height=\"992\" srcset=\"https:\/\/bienaldelchaco.org\/2026\/wp-content\/uploads\/2026\/04\/aLKuRpbfh_720x0__1.jpg 720w, https:\/\/bienaldelchaco.org\/2026\/wp-content\/uploads\/2026\/04\/aLKuRpbfh_720x0__1-218x300.jpg 218w, https:\/\/bienaldelchaco.org\/2026\/wp-content\/uploads\/2026\/04\/aLKuRpbfh_720x0__1-700x964.jpg 700w\" sizes=\"auto, (max-width: 720px) 100vw, 720px\" \/>El artista Fabriciano G\u00f3mez, creador del concurso de esculturas en 1988. Considerado como un pr\u00f3cer de Chaco, falleci\u00f3 en 2021.<\/span><\/div>\n<div id=\"element-body-15\" class=\"sc-45461e9c-0 eqiBeF container-text text-embed \">\n<p>&nbsp;<\/p>\n<p>Esta edici\u00f3n de la Bienal trae, adem\u00e1s, una novedad: ser\u00e1 sede de la Reuni\u00f3n Anual y el Simposio del ICLAFI, el Comit\u00e9 Cient\u00edfico Internacional de Asuntos Legales, Administrativos y Financieros de ICOMOS, organismo consultivo oficial de la UNESCO en materia de patrimonio cultural. La inclusi\u00f3n de este foro t\u00e9cnico refuerza el perfil institucional y acad\u00e9mico del evento, lo que ampl\u00eda su alcance m\u00e1s all\u00e1 de la producci\u00f3n art\u00edstica. \u201cEsto es de gran importancia, porque sigue posicionando a este evento como algo m\u00e1s, como una plataforma de desarrollo cultural ampliada, que incorpor\u00f3 e incorpora nuevas disciplinas art\u00edsticas y expresiones culturales, y que en cada edici\u00f3n convoca a m\u00e1s visitantes\u201d, destac\u00f3\u00a0<strong>Eidman<\/strong>.<\/p>\n<\/div>\n<div id=\"element-body-16\" class=\"sc-45461e9c-0 eqiBeF container-text text-embed \">\n<p>Tambi\u00e9n se realizar\u00e1 el\u00a0<strong>10\u00b0 Encuentro de Escultores Invitados,\u00a0<\/strong>durante el cual artistas ya consagrados realizar\u00e1n obras con libertad de t\u00e9cnicas y materiales, en una instancia que privilegia la experimentaci\u00f3n y el intercambio entre pares. Participar\u00e1n Desir\u00e9e de Ridder, Carola Zech, Norma Siguelboim, Eka Acosta, Rafael Blasco Ciscar, Lucas Caricato y Oscar Leiva, una combinaci\u00f3n de trayectorias locales e internacionales.<\/p>\n<\/div>\n<\/div>\n<p>[\/vc_column_text][vc_empty_space height=&#8221;35px&#8221;][vc_column_text css=&#8221;&#8221;]Fuente: <a href=\"https:\/\/www.clarin.com\/cultura\/bienal-chaco-2026-mundial-escultura-cielo-abierto_0_GYsSgFyQn6.html\" target=\"_blank\" rel=\"noopener\">https:\/\/www.clarin.com\/cultura\/bienal-chaco-2026-mundial-escultura-cielo-abierto_0_GYsSgFyQn6.html<\/a>[\/vc_column_text][vc_empty_space height=&#8221;100px&#8221;][\/vc_column][\/vc_row]<\/p>\n<\/div>","protected":false},"excerpt":{"rendered":"<p>[vc_row css_animation=&#8221;&#8221; row_type=&#8221;row&#8221; use_row_as_full_screen_section=&#8221;no&#8221; type=&#8221;full_width&#8221; angled_section=&#8221;no&#8221; text_align=&#8221;left&#8221; background_image_as_pattern=&#8221;without_pattern&#8221;][vc_column][vc_column_text css=&#8221;&#8221;] Del 17 al 26 de julio, el encuentro internacional reunir\u00e1 a artistas de 10 pa\u00edses que crear\u00e1n sus obras en vivo, en un evento que consolida a Resistencia como museo a cielo abierto.<\/p>\n","protected":false},"author":1,"featured_media":2142,"comment_status":"open","ping_status":"open","sticky":false,"template":"","format":"standard","meta":{"footnotes":""},"categories":[1],"tags":[],"class_list":["post-2136","post","type-post","status-publish","format-standard","has-post-thumbnail","hentry","category-sin-categoria"],"yoast_head":"<!-- This site is optimized with the Yoast SEO plugin v25.6 - https:\/\/yoast.com\/wordpress\/plugins\/seo\/ -->\n<title>Bienal del Chaco 2026: un Mundial de escultura a cielo abierto - Bienal del Chaco<\/title>\n<meta name=\"robots\" content=\"index, follow, max-snippet:-1, max-image-preview:large, max-video-preview:-1\" \/>\n<link rel=\"canonical\" href=\"https:\/\/bienaldelchaco.org\/2026\/bienal-del-chaco-2026-un-mundial-de-escultura-a-cielo-abierto\/\" \/>\n<meta property=\"og:locale\" content=\"es_ES\" \/>\n<meta property=\"og:type\" content=\"article\" \/>\n<meta property=\"og:title\" content=\"Bienal del Chaco 2026: un Mundial de escultura a cielo abierto - Bienal del Chaco\" \/>\n<meta property=\"og:description\" content=\"[vc_row css_animation=&#8221;&#8221; row_type=&#8221;row&#8221; use_row_as_full_screen_section=&#8221;no&#8221; type=&#8221;full_width&#8221; angled_section=&#8221;no&#8221; text_align=&#8221;left&#8221; background_image_as_pattern=&#8221;without_pattern&#8221;][vc_column][vc_column_text css=&#8221;&#8221;] Del 17 al 26 de julio, el encuentro internacional reunir\u00e1 a artistas de 10 pa\u00edses que crear\u00e1n sus obras en vivo, en un evento que consolida a Resistencia como museo a cielo abierto.\" \/>\n<meta property=\"og:url\" content=\"https:\/\/bienaldelchaco.org\/2026\/bienal-del-chaco-2026-un-mundial-de-escultura-a-cielo-abierto\/\" \/>\n<meta property=\"og:site_name\" content=\"Bienal del Chaco\" \/>\n<meta property=\"article:publisher\" content=\"https:\/\/www.facebook.com\/bienaldelchaco\" \/>\n<meta property=\"article:published_time\" content=\"2026-04-22T21:29:26+00:00\" \/>\n<meta property=\"article:modified_time\" content=\"2026-04-22T22:43:32+00:00\" \/>\n<meta property=\"og:image\" content=\"https:\/\/bienaldelchaco.org\/2026\/wp-content\/uploads\/2026\/04\/7HJ8LNwen_1256x620__1-1.jpg\" \/>\n\t<meta property=\"og:image:width\" content=\"1256\" \/>\n\t<meta property=\"og:image:height\" content=\"620\" \/>\n\t<meta property=\"og:image:type\" content=\"image\/jpeg\" \/>\n<meta name=\"author\" content=\"bitnessadmin\" \/>\n<meta name=\"twitter:card\" content=\"summary_large_image\" \/>\n<meta name=\"twitter:creator\" content=\"@bienaldelchaco\" \/>\n<meta name=\"twitter:site\" content=\"@bienaldelchaco\" \/>\n<meta name=\"twitter:label1\" content=\"Escrito por\" \/>\n\t<meta name=\"twitter:data1\" content=\"bitnessadmin\" \/>\n\t<meta name=\"twitter:label2\" content=\"Tiempo de lectura\" \/>\n\t<meta name=\"twitter:data2\" content=\"5 minutos\" \/>\n<script type=\"application\/ld+json\" class=\"yoast-schema-graph\">{\"@context\":\"https:\/\/schema.org\",\"@graph\":[{\"@type\":\"Article\",\"@id\":\"https:\/\/bienaldelchaco.org\/2026\/bienal-del-chaco-2026-un-mundial-de-escultura-a-cielo-abierto\/#article\",\"isPartOf\":{\"@id\":\"https:\/\/bienaldelchaco.org\/2026\/bienal-del-chaco-2026-un-mundial-de-escultura-a-cielo-abierto\/\"},\"author\":{\"name\":\"bitnessadmin\",\"@id\":\"https:\/\/bienaldelchaco.org\/2026\/#\/schema\/person\/1b8918c48c8b750f041d7dcc1614ef18\"},\"headline\":\"Bienal del Chaco 2026: un Mundial de escultura a cielo abierto\",\"datePublished\":\"2026-04-22T21:29:26+00:00\",\"dateModified\":\"2026-04-22T22:43:32+00:00\",\"mainEntityOfPage\":{\"@id\":\"https:\/\/bienaldelchaco.org\/2026\/bienal-del-chaco-2026-un-mundial-de-escultura-a-cielo-abierto\/\"},\"wordCount\":1048,\"commentCount\":0,\"publisher\":{\"@id\":\"https:\/\/bienaldelchaco.org\/2026\/#organization\"},\"image\":{\"@id\":\"https:\/\/bienaldelchaco.org\/2026\/bienal-del-chaco-2026-un-mundial-de-escultura-a-cielo-abierto\/#primaryimage\"},\"thumbnailUrl\":\"https:\/\/bienaldelchaco.org\/2026\/wp-content\/uploads\/2026\/04\/7HJ8LNwen_1256x620__1-1.jpg\",\"inLanguage\":\"es-AR\",\"potentialAction\":[{\"@type\":\"CommentAction\",\"name\":\"Comment\",\"target\":[\"https:\/\/bienaldelchaco.org\/2026\/bienal-del-chaco-2026-un-mundial-de-escultura-a-cielo-abierto\/#respond\"]}]},{\"@type\":\"WebPage\",\"@id\":\"https:\/\/bienaldelchaco.org\/2026\/bienal-del-chaco-2026-un-mundial-de-escultura-a-cielo-abierto\/\",\"url\":\"https:\/\/bienaldelchaco.org\/2026\/bienal-del-chaco-2026-un-mundial-de-escultura-a-cielo-abierto\/\",\"name\":\"Bienal del Chaco 2026: un Mundial de escultura a cielo abierto - Bienal del Chaco\",\"isPartOf\":{\"@id\":\"https:\/\/bienaldelchaco.org\/2026\/#website\"},\"primaryImageOfPage\":{\"@id\":\"https:\/\/bienaldelchaco.org\/2026\/bienal-del-chaco-2026-un-mundial-de-escultura-a-cielo-abierto\/#primaryimage\"},\"image\":{\"@id\":\"https:\/\/bienaldelchaco.org\/2026\/bienal-del-chaco-2026-un-mundial-de-escultura-a-cielo-abierto\/#primaryimage\"},\"thumbnailUrl\":\"https:\/\/bienaldelchaco.org\/2026\/wp-content\/uploads\/2026\/04\/7HJ8LNwen_1256x620__1-1.jpg\",\"datePublished\":\"2026-04-22T21:29:26+00:00\",\"dateModified\":\"2026-04-22T22:43:32+00:00\",\"breadcrumb\":{\"@id\":\"https:\/\/bienaldelchaco.org\/2026\/bienal-del-chaco-2026-un-mundial-de-escultura-a-cielo-abierto\/#breadcrumb\"},\"inLanguage\":\"es-AR\",\"potentialAction\":[{\"@type\":\"ReadAction\",\"target\":[\"https:\/\/bienaldelchaco.org\/2026\/bienal-del-chaco-2026-un-mundial-de-escultura-a-cielo-abierto\/\"]}]},{\"@type\":\"ImageObject\",\"inLanguage\":\"es-AR\",\"@id\":\"https:\/\/bienaldelchaco.org\/2026\/bienal-del-chaco-2026-un-mundial-de-escultura-a-cielo-abierto\/#primaryimage\",\"url\":\"https:\/\/bienaldelchaco.org\/2026\/wp-content\/uploads\/2026\/04\/7HJ8LNwen_1256x620__1-1.jpg\",\"contentUrl\":\"https:\/\/bienaldelchaco.org\/2026\/wp-content\/uploads\/2026\/04\/7HJ8LNwen_1256x620__1-1.jpg\",\"width\":1256,\"height\":620},{\"@type\":\"BreadcrumbList\",\"@id\":\"https:\/\/bienaldelchaco.org\/2026\/bienal-del-chaco-2026-un-mundial-de-escultura-a-cielo-abierto\/#breadcrumb\",\"itemListElement\":[{\"@type\":\"ListItem\",\"position\":1,\"name\":\"Inicio\",\"item\":\"https:\/\/bienaldelchaco.org\/2026\/\"},{\"@type\":\"ListItem\",\"position\":2,\"name\":\"Bienal del Chaco 2026: un Mundial de escultura a cielo abierto\"}]},{\"@type\":\"WebSite\",\"@id\":\"https:\/\/bienaldelchaco.org\/2026\/#website\",\"url\":\"https:\/\/bienaldelchaco.org\/2026\/\",\"name\":\"Bienal del Chaco\",\"description\":\"\",\"publisher\":{\"@id\":\"https:\/\/bienaldelchaco.org\/2026\/#organization\"},\"potentialAction\":[{\"@type\":\"SearchAction\",\"target\":{\"@type\":\"EntryPoint\",\"urlTemplate\":\"https:\/\/bienaldelchaco.org\/2026\/?s={search_term_string}\"},\"query-input\":{\"@type\":\"PropertyValueSpecification\",\"valueRequired\":true,\"valueName\":\"search_term_string\"}}],\"inLanguage\":\"es-AR\"},{\"@type\":\"Organization\",\"@id\":\"https:\/\/bienaldelchaco.org\/2026\/#organization\",\"name\":\"Bienal del Chaco\",\"url\":\"https:\/\/bienaldelchaco.org\/2026\/\",\"logo\":{\"@type\":\"ImageObject\",\"inLanguage\":\"es-AR\",\"@id\":\"https:\/\/bienaldelchaco.org\/2026\/#\/schema\/logo\/image\/\",\"url\":\"https:\/\/bienaldelchaco.org\/2026\/wp-content\/uploads\/2025\/04\/web-logo-2026.png\",\"contentUrl\":\"https:\/\/bienaldelchaco.org\/2026\/wp-content\/uploads\/2025\/04\/web-logo-2026.png\",\"width\":145,\"height\":50,\"caption\":\"Bienal del Chaco\"},\"image\":{\"@id\":\"https:\/\/bienaldelchaco.org\/2026\/#\/schema\/logo\/image\/\"},\"sameAs\":[\"https:\/\/www.facebook.com\/bienaldelchaco\",\"https:\/\/x.com\/bienaldelchaco\",\"https:\/\/www.instagram.com\/bienaldelchaco\/\",\"https:\/\/www.youtube.com\/BienaldelChaco\"]},{\"@type\":\"Person\",\"@id\":\"https:\/\/bienaldelchaco.org\/2026\/#\/schema\/person\/1b8918c48c8b750f041d7dcc1614ef18\",\"name\":\"bitnessadmin\",\"image\":{\"@type\":\"ImageObject\",\"inLanguage\":\"es-AR\",\"@id\":\"https:\/\/bienaldelchaco.org\/2026\/#\/schema\/person\/image\/\",\"url\":\"https:\/\/secure.gravatar.com\/avatar\/441b367b6997ee3aae034996bf7b8bf6b85d8dd458e3cd0f1a0f7669a04bb0d9?s=96&d=mm&r=g\",\"contentUrl\":\"https:\/\/secure.gravatar.com\/avatar\/441b367b6997ee3aae034996bf7b8bf6b85d8dd458e3cd0f1a0f7669a04bb0d9?s=96&d=mm&r=g\",\"caption\":\"bitnessadmin\"},\"sameAs\":[\"https:\/\/bienaldelchaco.org\/2026\"],\"url\":\"https:\/\/bienaldelchaco.org\/2026\/author\/bitnessadmin\/\"}]}<\/script>\n<!-- \/ Yoast SEO plugin. -->","yoast_head_json":{"title":"Bienal del Chaco 2026: un Mundial de escultura a cielo abierto - Bienal del Chaco","robots":{"index":"index","follow":"follow","max-snippet":"max-snippet:-1","max-image-preview":"max-image-preview:large","max-video-preview":"max-video-preview:-1"},"canonical":"https:\/\/bienaldelchaco.org\/2026\/bienal-del-chaco-2026-un-mundial-de-escultura-a-cielo-abierto\/","og_locale":"es_ES","og_type":"article","og_title":"Bienal del Chaco 2026: un Mundial de escultura a cielo abierto - Bienal del Chaco","og_description":"[vc_row css_animation=&#8221;&#8221; row_type=&#8221;row&#8221; use_row_as_full_screen_section=&#8221;no&#8221; type=&#8221;full_width&#8221; angled_section=&#8221;no&#8221; text_align=&#8221;left&#8221; background_image_as_pattern=&#8221;without_pattern&#8221;][vc_column][vc_column_text css=&#8221;&#8221;] Del 17 al 26 de julio, el encuentro internacional reunir\u00e1 a artistas de 10 pa\u00edses que crear\u00e1n sus obras en vivo, en un evento que consolida a Resistencia como museo a cielo abierto.","og_url":"https:\/\/bienaldelchaco.org\/2026\/bienal-del-chaco-2026-un-mundial-de-escultura-a-cielo-abierto\/","og_site_name":"Bienal del Chaco","article_publisher":"https:\/\/www.facebook.com\/bienaldelchaco","article_published_time":"2026-04-22T21:29:26+00:00","article_modified_time":"2026-04-22T22:43:32+00:00","og_image":[{"width":1256,"height":620,"url":"https:\/\/bienaldelchaco.org\/2026\/wp-content\/uploads\/2026\/04\/7HJ8LNwen_1256x620__1-1.jpg","type":"image\/jpeg"}],"author":"bitnessadmin","twitter_card":"summary_large_image","twitter_creator":"@bienaldelchaco","twitter_site":"@bienaldelchaco","twitter_misc":{"Escrito por":"bitnessadmin","Tiempo de lectura":"5 minutos"},"schema":{"@context":"https:\/\/schema.org","@graph":[{"@type":"Article","@id":"https:\/\/bienaldelchaco.org\/2026\/bienal-del-chaco-2026-un-mundial-de-escultura-a-cielo-abierto\/#article","isPartOf":{"@id":"https:\/\/bienaldelchaco.org\/2026\/bienal-del-chaco-2026-un-mundial-de-escultura-a-cielo-abierto\/"},"author":{"name":"bitnessadmin","@id":"https:\/\/bienaldelchaco.org\/2026\/#\/schema\/person\/1b8918c48c8b750f041d7dcc1614ef18"},"headline":"Bienal del Chaco 2026: un Mundial de escultura a cielo abierto","datePublished":"2026-04-22T21:29:26+00:00","dateModified":"2026-04-22T22:43:32+00:00","mainEntityOfPage":{"@id":"https:\/\/bienaldelchaco.org\/2026\/bienal-del-chaco-2026-un-mundial-de-escultura-a-cielo-abierto\/"},"wordCount":1048,"commentCount":0,"publisher":{"@id":"https:\/\/bienaldelchaco.org\/2026\/#organization"},"image":{"@id":"https:\/\/bienaldelchaco.org\/2026\/bienal-del-chaco-2026-un-mundial-de-escultura-a-cielo-abierto\/#primaryimage"},"thumbnailUrl":"https:\/\/bienaldelchaco.org\/2026\/wp-content\/uploads\/2026\/04\/7HJ8LNwen_1256x620__1-1.jpg","inLanguage":"es-AR","potentialAction":[{"@type":"CommentAction","name":"Comment","target":["https:\/\/bienaldelchaco.org\/2026\/bienal-del-chaco-2026-un-mundial-de-escultura-a-cielo-abierto\/#respond"]}]},{"@type":"WebPage","@id":"https:\/\/bienaldelchaco.org\/2026\/bienal-del-chaco-2026-un-mundial-de-escultura-a-cielo-abierto\/","url":"https:\/\/bienaldelchaco.org\/2026\/bienal-del-chaco-2026-un-mundial-de-escultura-a-cielo-abierto\/","name":"Bienal del Chaco 2026: un Mundial de escultura a cielo abierto - Bienal del Chaco","isPartOf":{"@id":"https:\/\/bienaldelchaco.org\/2026\/#website"},"primaryImageOfPage":{"@id":"https:\/\/bienaldelchaco.org\/2026\/bienal-del-chaco-2026-un-mundial-de-escultura-a-cielo-abierto\/#primaryimage"},"image":{"@id":"https:\/\/bienaldelchaco.org\/2026\/bienal-del-chaco-2026-un-mundial-de-escultura-a-cielo-abierto\/#primaryimage"},"thumbnailUrl":"https:\/\/bienaldelchaco.org\/2026\/wp-content\/uploads\/2026\/04\/7HJ8LNwen_1256x620__1-1.jpg","datePublished":"2026-04-22T21:29:26+00:00","dateModified":"2026-04-22T22:43:32+00:00","breadcrumb":{"@id":"https:\/\/bienaldelchaco.org\/2026\/bienal-del-chaco-2026-un-mundial-de-escultura-a-cielo-abierto\/#breadcrumb"},"inLanguage":"es-AR","potentialAction":[{"@type":"ReadAction","target":["https:\/\/bienaldelchaco.org\/2026\/bienal-del-chaco-2026-un-mundial-de-escultura-a-cielo-abierto\/"]}]},{"@type":"ImageObject","inLanguage":"es-AR","@id":"https:\/\/bienaldelchaco.org\/2026\/bienal-del-chaco-2026-un-mundial-de-escultura-a-cielo-abierto\/#primaryimage","url":"https:\/\/bienaldelchaco.org\/2026\/wp-content\/uploads\/2026\/04\/7HJ8LNwen_1256x620__1-1.jpg","contentUrl":"https:\/\/bienaldelchaco.org\/2026\/wp-content\/uploads\/2026\/04\/7HJ8LNwen_1256x620__1-1.jpg","width":1256,"height":620},{"@type":"BreadcrumbList","@id":"https:\/\/bienaldelchaco.org\/2026\/bienal-del-chaco-2026-un-mundial-de-escultura-a-cielo-abierto\/#breadcrumb","itemListElement":[{"@type":"ListItem","position":1,"name":"Inicio","item":"https:\/\/bienaldelchaco.org\/2026\/"},{"@type":"ListItem","position":2,"name":"Bienal del Chaco 2026: un Mundial de escultura a cielo abierto"}]},{"@type":"WebSite","@id":"https:\/\/bienaldelchaco.org\/2026\/#website","url":"https:\/\/bienaldelchaco.org\/2026\/","name":"Bienal del Chaco","description":"","publisher":{"@id":"https:\/\/bienaldelchaco.org\/2026\/#organization"},"potentialAction":[{"@type":"SearchAction","target":{"@type":"EntryPoint","urlTemplate":"https:\/\/bienaldelchaco.org\/2026\/?s={search_term_string}"},"query-input":{"@type":"PropertyValueSpecification","valueRequired":true,"valueName":"search_term_string"}}],"inLanguage":"es-AR"},{"@type":"Organization","@id":"https:\/\/bienaldelchaco.org\/2026\/#organization","name":"Bienal del Chaco","url":"https:\/\/bienaldelchaco.org\/2026\/","logo":{"@type":"ImageObject","inLanguage":"es-AR","@id":"https:\/\/bienaldelchaco.org\/2026\/#\/schema\/logo\/image\/","url":"https:\/\/bienaldelchaco.org\/2026\/wp-content\/uploads\/2025\/04\/web-logo-2026.png","contentUrl":"https:\/\/bienaldelchaco.org\/2026\/wp-content\/uploads\/2025\/04\/web-logo-2026.png","width":145,"height":50,"caption":"Bienal del Chaco"},"image":{"@id":"https:\/\/bienaldelchaco.org\/2026\/#\/schema\/logo\/image\/"},"sameAs":["https:\/\/www.facebook.com\/bienaldelchaco","https:\/\/x.com\/bienaldelchaco","https:\/\/www.instagram.com\/bienaldelchaco\/","https:\/\/www.youtube.com\/BienaldelChaco"]},{"@type":"Person","@id":"https:\/\/bienaldelchaco.org\/2026\/#\/schema\/person\/1b8918c48c8b750f041d7dcc1614ef18","name":"bitnessadmin","image":{"@type":"ImageObject","inLanguage":"es-AR","@id":"https:\/\/bienaldelchaco.org\/2026\/#\/schema\/person\/image\/","url":"https:\/\/secure.gravatar.com\/avatar\/441b367b6997ee3aae034996bf7b8bf6b85d8dd458e3cd0f1a0f7669a04bb0d9?s=96&d=mm&r=g","contentUrl":"https:\/\/secure.gravatar.com\/avatar\/441b367b6997ee3aae034996bf7b8bf6b85d8dd458e3cd0f1a0f7669a04bb0d9?s=96&d=mm&r=g","caption":"bitnessadmin"},"sameAs":["https:\/\/bienaldelchaco.org\/2026"],"url":"https:\/\/bienaldelchaco.org\/2026\/author\/bitnessadmin\/"}]}},"_links":{"self":[{"href":"https:\/\/bienaldelchaco.org\/2026\/wp-json\/wp\/v2\/posts\/2136","targetHints":{"allow":["GET"]}}],"collection":[{"href":"https:\/\/bienaldelchaco.org\/2026\/wp-json\/wp\/v2\/posts"}],"about":[{"href":"https:\/\/bienaldelchaco.org\/2026\/wp-json\/wp\/v2\/types\/post"}],"author":[{"embeddable":true,"href":"https:\/\/bienaldelchaco.org\/2026\/wp-json\/wp\/v2\/users\/1"}],"replies":[{"embeddable":true,"href":"https:\/\/bienaldelchaco.org\/2026\/wp-json\/wp\/v2\/comments?post=2136"}],"version-history":[{"count":2,"href":"https:\/\/bienaldelchaco.org\/2026\/wp-json\/wp\/v2\/posts\/2136\/revisions"}],"predecessor-version":[{"id":2141,"href":"https:\/\/bienaldelchaco.org\/2026\/wp-json\/wp\/v2\/posts\/2136\/revisions\/2141"}],"wp:featuredmedia":[{"embeddable":true,"href":"https:\/\/bienaldelchaco.org\/2026\/wp-json\/wp\/v2\/media\/2142"}],"wp:attachment":[{"href":"https:\/\/bienaldelchaco.org\/2026\/wp-json\/wp\/v2\/media?parent=2136"}],"wp:term":[{"taxonomy":"category","embeddable":true,"href":"https:\/\/bienaldelchaco.org\/2026\/wp-json\/wp\/v2\/categories?post=2136"},{"taxonomy":"post_tag","embeddable":true,"href":"https:\/\/bienaldelchaco.org\/2026\/wp-json\/wp\/v2\/tags?post=2136"}],"curies":[{"name":"wp","href":"https:\/\/api.w.org\/{rel}","templated":true}]}}