{"id":2148,"date":"2026-04-23T10:29:59","date_gmt":"2026-04-23T13:29:59","guid":{"rendered":"https:\/\/bienaldelchaco.org\/2026\/?p=2148"},"modified":"2026-04-23T10:29:59","modified_gmt":"2026-04-23T13:29:59","slug":"artistas-de-espana-chile-y-argentina-iran-a-bienal-internacional-de-escultura-del-chaco","status":"publish","type":"post","link":"https:\/\/bienaldelchaco.org\/2026\/artistas-de-espana-chile-y-argentina-iran-a-bienal-internacional-de-escultura-del-chaco\/","title":{"rendered":"Artistas de Espa\u00f1a, Chile y Argentina ir\u00e1n a Bienal Internacional de Escultura del Chaco"},"content":{"rendered":"<div class=\"wpb-content-wrapper\"><p>[vc_row css_animation=&#8221;&#8221; row_type=&#8221;row&#8221; use_row_as_full_screen_section=&#8221;no&#8221; type=&#8221;full_width&#8221; angled_section=&#8221;no&#8221; text_align=&#8221;left&#8221; background_image_as_pattern=&#8221;without_pattern&#8221;][vc_column][vc_column_text css=&#8221;&#8221;]<\/p>\n<div>El espa\u00f1ol Jos\u00e9 Carlos Cabello Millan, el chileno Mauricio Guajardo y el argentino N\u00e9stor Vildoza forman parte del grupo de artistas seleccionados para participar en la Bienal Internacional de Escultura del Chaco, que se celebrar\u00e1 en la ciudad argentina de Resistencia entre los d\u00edas 16 y 26 de julio pr\u00f3ximo.<\/div>\n<div class=\"intro\"><!--more--><\/div>\n<div>\n<p>Tras anunciar este mi\u00e9rcoles el nombre de los elegidos, durante una presentaci\u00f3n en Buenos Aires, los organizadores aclararon que para este certamen postularon 439 artistas de 70 pa\u00edses.<\/p>\n<p>Los dem\u00e1s elegidos para construir su escultura en esta ciudad del norte argentino son Alex Sorokin, de Bielorrusia; Georgi Minchev, de Bulgaria; Francesca Bernardini, de Italia; Anna Teresa Rasinska, de Polonia; Furkan Depeli, de Turqu\u00eda; Lyudmyla Mysko, de Ucrania; y Ulash Urakov, de Uzbekist\u00e1n.<\/p>\n<p>Bajo el lema \u2018De Resistencia al mundo\u2019, los diez escultores construir\u00e1n una obra en diez d\u00edas que luego se quedar\u00e1 en la ciudad, por eso Resistencia, capital del Chaco, es un gran museo al aire libre que ya alberga unas 500 piezas.<\/p>\n<p>Los diez artistas trabajar\u00e1n con m\u00e1rmol travertino y acero inoxidable, aunque cada uno de ellos ha podido proponer otro material para usarlo de manera alternativa o complementaria.<\/p>\n<p>El presidente de la Fundaci\u00f3n Urunday (organizador y art\u00edfice de la Bienal), Jos\u00e9 Eidman, record\u00f3 que hace 38 a\u00f1os se celebr\u00f3 el primer Concurso de Escultura a Cielo Abierto en Resistencia.<\/p>\n<p>\u00abDesde aquel concurso hecho a pulm\u00f3n en 1988 a la Bienal Internacional de nuestros d\u00edas, m\u00e1s de 500 escultores del mundo pasaron por el Chaco\u00bb, explic\u00f3, al detallar que esas obras habitan hoy veredas y bulevares, forman parte del paisaje y han propiciado un gran amor al arte entre los habitantes de Resistencia, ciudad ubicada a m\u00e1s de mil kil\u00f3metros de Buenos Aires.<\/p>\n<p>Las obras que inundan calles y parques \u00abalimentan un patrimonio art\u00edstico que hace de Resistencia una ciudad reconocida y respetada, una suerte de capital de los escultores del mundo\u00bb, a\u00f1adi\u00f3.<\/p>\n<p>Tambi\u00e9n, anunci\u00f3 que la Bienal 2026 ser\u00e1 sede de la reuni\u00f3n anual del Comit\u00e9 Cient\u00edfico Internacional de Asuntos Legales, Administrativos y Financieros de Icomos, organismo consultivo de la Unesco.<\/p>\n<p>La idea es ir incorporando a este acontecimiento otras disciplinas y expresiones art\u00edsticas para convertir durante una semana a Resistencia en un centro de creaci\u00f3n y expresi\u00f3n cultural.<\/p>\n<p>Para ello, en paralelo, se va a celebrar el X Encuentro de Escultores, en el que participar\u00e1n artistas como Desir\u00e9e de Ridder, Carola Zech, Norma Siguelboim, Eka Acosta, Rafael Blasco Ciscar, Lucas Caricato y Oscar Leiva.<\/p>\n<p>Tambi\u00e9n, se llevar\u00e1n a cabo el Encuentro de Maestros Artesanos Argentinos, el Encuentro de Arte Ind\u00edgena y Artesan\u00eda de Pueblos Originarios, el Festival Filarm\u00f3nico Juvenil y el Congreso Internacional de Artes, as\u00ed como cursos, talleres y conferencias sobre las artes, incluidas las esc\u00e9nicas, y muestras de artistas chaque\u00f1os.<\/p>\n<p>A la presentaci\u00f3n en Buenos Aires asistieron los secretarios de Cultura de Argentina, Leonardo Cifelli, y de Turismo, Daniel Scioli; y el gobernador del Chaco, Leandro Zdero, entre otras autoridades.<\/p>\n<\/div>\n<p>[\/vc_column_text][vc_empty_space height=&#8221;35px&#8221;][vc_column_text css=&#8221;&#8221;]Fuente: <a href=\"https:\/\/www.infobae.com\/america\/agencias\/2026\/04\/22\/artistas-de-espana-chile-y-argentina-iran-a-bienal-internacional-de-escultura-del-chaco\/\" target=\"_blank\" rel=\"noopener\">https:\/\/www.infobae.com\/america\/agencias\/2026\/04\/22\/artistas-de-espana-chile-y-argentina-iran-a-bienal-internacional-de-escultura-del-chaco\/<\/a><\/p>\n<p><a href=\"https:\/\/www.abc.com.py\/internacionales\/2026\/04\/22\/artistas-de-espana-chile-y-argentina-iran-a-bienal-internacional-de-escultura-del-chaco\/\" target=\"_blank\" rel=\"noopener\">https:\/\/www.abc.com.py\/internacionales\/2026\/04\/22\/artistas-de-espana-chile-y-argentina-iran-a-bienal-internacional-de-escultura-del-chaco\/<\/a><\/p>\n<p><a href=\"https:\/\/www.swissinfo.ch\/spa\/artistas-de-espa%C3%B1a%2C-chile-y-argentina-ir%C3%A1n-a-bienal-internacional-de-escultura-del-chaco\/91301086\" target=\"_blank\" rel=\"noopener\">https:\/\/www.swissinfo.ch\/spa\/artistas-de-espa%C3%B1a%2C-chile-y-argentina-ir%C3%A1n-a-bienal-internacional-de-escultura-del-chaco\/91301086<\/a>[\/vc_column_text][vc_empty_space height=&#8221;100px&#8221;][\/vc_column][\/vc_row]<\/p>\n<\/div>","protected":false},"excerpt":{"rendered":"<p>[vc_row css_animation=&#8221;&#8221; row_type=&#8221;row&#8221; use_row_as_full_screen_section=&#8221;no&#8221; type=&#8221;full_width&#8221; angled_section=&#8221;no&#8221; text_align=&#8221;left&#8221; background_image_as_pattern=&#8221;without_pattern&#8221;][vc_column][vc_column_text css=&#8221;&#8221;] El espa\u00f1ol Jos\u00e9 Carlos Cabello Millan, el chileno Mauricio Guajardo y el argentino N\u00e9stor Vildoza forman parte del grupo de artistas seleccionados para participar en la Bienal Internacional de Escultura del Chaco, que se celebrar\u00e1 en&#8230;<\/p>\n","protected":false},"author":1,"featured_media":2145,"comment_status":"open","ping_status":"open","sticky":false,"template":"","format":"standard","meta":{"footnotes":""},"categories":[1],"tags":[],"class_list":["post-2148","post","type-post","status-publish","format-standard","has-post-thumbnail","hentry","category-sin-categoria"],"yoast_head":"<!-- This site is optimized with the Yoast SEO plugin v25.6 - https:\/\/yoast.com\/wordpress\/plugins\/seo\/ -->\n<title>Artistas de Espa\u00f1a, Chile y Argentina ir\u00e1n a Bienal Internacional de Escultura del Chaco - Bienal del Chaco<\/title>\n<meta name=\"robots\" content=\"index, follow, max-snippet:-1, max-image-preview:large, max-video-preview:-1\" \/>\n<link rel=\"canonical\" href=\"https:\/\/bienaldelchaco.org\/2026\/artistas-de-espana-chile-y-argentina-iran-a-bienal-internacional-de-escultura-del-chaco\/\" \/>\n<meta property=\"og:locale\" content=\"es_ES\" \/>\n<meta property=\"og:type\" content=\"article\" \/>\n<meta property=\"og:title\" content=\"Artistas de Espa\u00f1a, Chile y Argentina ir\u00e1n a Bienal Internacional de Escultura del Chaco - Bienal del Chaco\" \/>\n<meta property=\"og:description\" content=\"[vc_row css_animation=&#8221;&#8221; row_type=&#8221;row&#8221; use_row_as_full_screen_section=&#8221;no&#8221; type=&#8221;full_width&#8221; angled_section=&#8221;no&#8221; text_align=&#8221;left&#8221; background_image_as_pattern=&#8221;without_pattern&#8221;][vc_column][vc_column_text css=&#8221;&#8221;] El espa\u00f1ol Jos\u00e9 Carlos Cabello Millan, el chileno Mauricio Guajardo y el argentino N\u00e9stor Vildoza forman parte del grupo de artistas seleccionados para participar en la Bienal Internacional de Escultura del Chaco, que se celebrar\u00e1 en...\" \/>\n<meta property=\"og:url\" content=\"https:\/\/bienaldelchaco.org\/2026\/artistas-de-espana-chile-y-argentina-iran-a-bienal-internacional-de-escultura-del-chaco\/\" \/>\n<meta property=\"og:site_name\" content=\"Bienal del Chaco\" \/>\n<meta property=\"article:publisher\" content=\"https:\/\/www.facebook.com\/bienaldelchaco\" \/>\n<meta property=\"article:published_time\" content=\"2026-04-23T13:29:59+00:00\" \/>\n<meta property=\"og:image\" content=\"https:\/\/bienaldelchaco.org\/2026\/wp-content\/uploads\/2026\/04\/720.webp\" \/>\n\t<meta property=\"og:image:width\" content=\"960\" \/>\n\t<meta property=\"og:image:height\" content=\"720\" \/>\n\t<meta property=\"og:image:type\" content=\"image\/webp\" \/>\n<meta name=\"author\" content=\"bitnessadmin\" \/>\n<meta name=\"twitter:card\" content=\"summary_large_image\" \/>\n<meta name=\"twitter:creator\" content=\"@bienaldelchaco\" \/>\n<meta name=\"twitter:site\" content=\"@bienaldelchaco\" \/>\n<meta name=\"twitter:label1\" content=\"Escrito por\" \/>\n\t<meta name=\"twitter:data1\" content=\"bitnessadmin\" \/>\n\t<meta name=\"twitter:label2\" content=\"Tiempo de lectura\" \/>\n\t<meta name=\"twitter:data2\" content=\"3 minutos\" \/>\n<script type=\"application\/ld+json\" class=\"yoast-schema-graph\">{\"@context\":\"https:\/\/schema.org\",\"@graph\":[{\"@type\":\"Article\",\"@id\":\"https:\/\/bienaldelchaco.org\/2026\/artistas-de-espana-chile-y-argentina-iran-a-bienal-internacional-de-escultura-del-chaco\/#article\",\"isPartOf\":{\"@id\":\"https:\/\/bienaldelchaco.org\/2026\/artistas-de-espana-chile-y-argentina-iran-a-bienal-internacional-de-escultura-del-chaco\/\"},\"author\":{\"name\":\"bitnessadmin\",\"@id\":\"https:\/\/bienaldelchaco.org\/2026\/#\/schema\/person\/1b8918c48c8b750f041d7dcc1614ef18\"},\"headline\":\"Artistas de Espa\u00f1a, Chile y Argentina ir\u00e1n a Bienal Internacional de Escultura del Chaco\",\"datePublished\":\"2026-04-23T13:29:59+00:00\",\"mainEntityOfPage\":{\"@id\":\"https:\/\/bienaldelchaco.org\/2026\/artistas-de-espana-chile-y-argentina-iran-a-bienal-internacional-de-escultura-del-chaco\/\"},\"wordCount\":620,\"commentCount\":0,\"publisher\":{\"@id\":\"https:\/\/bienaldelchaco.org\/2026\/#organization\"},\"image\":{\"@id\":\"https:\/\/bienaldelchaco.org\/2026\/artistas-de-espana-chile-y-argentina-iran-a-bienal-internacional-de-escultura-del-chaco\/#primaryimage\"},\"thumbnailUrl\":\"https:\/\/bienaldelchaco.org\/2026\/wp-content\/uploads\/2026\/04\/720.webp\",\"inLanguage\":\"es-AR\",\"potentialAction\":[{\"@type\":\"CommentAction\",\"name\":\"Comment\",\"target\":[\"https:\/\/bienaldelchaco.org\/2026\/artistas-de-espana-chile-y-argentina-iran-a-bienal-internacional-de-escultura-del-chaco\/#respond\"]}]},{\"@type\":\"WebPage\",\"@id\":\"https:\/\/bienaldelchaco.org\/2026\/artistas-de-espana-chile-y-argentina-iran-a-bienal-internacional-de-escultura-del-chaco\/\",\"url\":\"https:\/\/bienaldelchaco.org\/2026\/artistas-de-espana-chile-y-argentina-iran-a-bienal-internacional-de-escultura-del-chaco\/\",\"name\":\"Artistas de Espa\u00f1a, Chile y Argentina ir\u00e1n a Bienal Internacional de Escultura del Chaco - Bienal del Chaco\",\"isPartOf\":{\"@id\":\"https:\/\/bienaldelchaco.org\/2026\/#website\"},\"primaryImageOfPage\":{\"@id\":\"https:\/\/bienaldelchaco.org\/2026\/artistas-de-espana-chile-y-argentina-iran-a-bienal-internacional-de-escultura-del-chaco\/#primaryimage\"},\"image\":{\"@id\":\"https:\/\/bienaldelchaco.org\/2026\/artistas-de-espana-chile-y-argentina-iran-a-bienal-internacional-de-escultura-del-chaco\/#primaryimage\"},\"thumbnailUrl\":\"https:\/\/bienaldelchaco.org\/2026\/wp-content\/uploads\/2026\/04\/720.webp\",\"datePublished\":\"2026-04-23T13:29:59+00:00\",\"breadcrumb\":{\"@id\":\"https:\/\/bienaldelchaco.org\/2026\/artistas-de-espana-chile-y-argentina-iran-a-bienal-internacional-de-escultura-del-chaco\/#breadcrumb\"},\"inLanguage\":\"es-AR\",\"potentialAction\":[{\"@type\":\"ReadAction\",\"target\":[\"https:\/\/bienaldelchaco.org\/2026\/artistas-de-espana-chile-y-argentina-iran-a-bienal-internacional-de-escultura-del-chaco\/\"]}]},{\"@type\":\"ImageObject\",\"inLanguage\":\"es-AR\",\"@id\":\"https:\/\/bienaldelchaco.org\/2026\/artistas-de-espana-chile-y-argentina-iran-a-bienal-internacional-de-escultura-del-chaco\/#primaryimage\",\"url\":\"https:\/\/bienaldelchaco.org\/2026\/wp-content\/uploads\/2026\/04\/720.webp\",\"contentUrl\":\"https:\/\/bienaldelchaco.org\/2026\/wp-content\/uploads\/2026\/04\/720.webp\",\"width\":960,\"height\":720},{\"@type\":\"BreadcrumbList\",\"@id\":\"https:\/\/bienaldelchaco.org\/2026\/artistas-de-espana-chile-y-argentina-iran-a-bienal-internacional-de-escultura-del-chaco\/#breadcrumb\",\"itemListElement\":[{\"@type\":\"ListItem\",\"position\":1,\"name\":\"Inicio\",\"item\":\"https:\/\/bienaldelchaco.org\/2026\/\"},{\"@type\":\"ListItem\",\"position\":2,\"name\":\"Artistas de Espa\u00f1a, Chile y Argentina ir\u00e1n a Bienal Internacional de Escultura del Chaco\"}]},{\"@type\":\"WebSite\",\"@id\":\"https:\/\/bienaldelchaco.org\/2026\/#website\",\"url\":\"https:\/\/bienaldelchaco.org\/2026\/\",\"name\":\"Bienal del Chaco\",\"description\":\"\",\"publisher\":{\"@id\":\"https:\/\/bienaldelchaco.org\/2026\/#organization\"},\"potentialAction\":[{\"@type\":\"SearchAction\",\"target\":{\"@type\":\"EntryPoint\",\"urlTemplate\":\"https:\/\/bienaldelchaco.org\/2026\/?s={search_term_string}\"},\"query-input\":{\"@type\":\"PropertyValueSpecification\",\"valueRequired\":true,\"valueName\":\"search_term_string\"}}],\"inLanguage\":\"es-AR\"},{\"@type\":\"Organization\",\"@id\":\"https:\/\/bienaldelchaco.org\/2026\/#organization\",\"name\":\"Bienal del Chaco\",\"url\":\"https:\/\/bienaldelchaco.org\/2026\/\",\"logo\":{\"@type\":\"ImageObject\",\"inLanguage\":\"es-AR\",\"@id\":\"https:\/\/bienaldelchaco.org\/2026\/#\/schema\/logo\/image\/\",\"url\":\"https:\/\/bienaldelchaco.org\/2026\/wp-content\/uploads\/2025\/04\/web-logo-2026.png\",\"contentUrl\":\"https:\/\/bienaldelchaco.org\/2026\/wp-content\/uploads\/2025\/04\/web-logo-2026.png\",\"width\":145,\"height\":50,\"caption\":\"Bienal del Chaco\"},\"image\":{\"@id\":\"https:\/\/bienaldelchaco.org\/2026\/#\/schema\/logo\/image\/\"},\"sameAs\":[\"https:\/\/www.facebook.com\/bienaldelchaco\",\"https:\/\/x.com\/bienaldelchaco\",\"https:\/\/www.instagram.com\/bienaldelchaco\/\",\"https:\/\/www.youtube.com\/BienaldelChaco\"]},{\"@type\":\"Person\",\"@id\":\"https:\/\/bienaldelchaco.org\/2026\/#\/schema\/person\/1b8918c48c8b750f041d7dcc1614ef18\",\"name\":\"bitnessadmin\",\"image\":{\"@type\":\"ImageObject\",\"inLanguage\":\"es-AR\",\"@id\":\"https:\/\/bienaldelchaco.org\/2026\/#\/schema\/person\/image\/\",\"url\":\"https:\/\/secure.gravatar.com\/avatar\/441b367b6997ee3aae034996bf7b8bf6b85d8dd458e3cd0f1a0f7669a04bb0d9?s=96&d=mm&r=g\",\"contentUrl\":\"https:\/\/secure.gravatar.com\/avatar\/441b367b6997ee3aae034996bf7b8bf6b85d8dd458e3cd0f1a0f7669a04bb0d9?s=96&d=mm&r=g\",\"caption\":\"bitnessadmin\"},\"sameAs\":[\"https:\/\/bienaldelchaco.org\/2026\"],\"url\":\"https:\/\/bienaldelchaco.org\/2026\/author\/bitnessadmin\/\"}]}<\/script>\n<!-- \/ Yoast SEO plugin. -->","yoast_head_json":{"title":"Artistas de Espa\u00f1a, Chile y Argentina ir\u00e1n a Bienal Internacional de Escultura del Chaco - Bienal del Chaco","robots":{"index":"index","follow":"follow","max-snippet":"max-snippet:-1","max-image-preview":"max-image-preview:large","max-video-preview":"max-video-preview:-1"},"canonical":"https:\/\/bienaldelchaco.org\/2026\/artistas-de-espana-chile-y-argentina-iran-a-bienal-internacional-de-escultura-del-chaco\/","og_locale":"es_ES","og_type":"article","og_title":"Artistas de Espa\u00f1a, Chile y Argentina ir\u00e1n a Bienal Internacional de Escultura del Chaco - Bienal del Chaco","og_description":"[vc_row css_animation=&#8221;&#8221; row_type=&#8221;row&#8221; use_row_as_full_screen_section=&#8221;no&#8221; type=&#8221;full_width&#8221; angled_section=&#8221;no&#8221; text_align=&#8221;left&#8221; background_image_as_pattern=&#8221;without_pattern&#8221;][vc_column][vc_column_text css=&#8221;&#8221;] El espa\u00f1ol Jos\u00e9 Carlos Cabello Millan, el chileno Mauricio Guajardo y el argentino N\u00e9stor Vildoza forman parte del grupo de artistas seleccionados para participar en la Bienal Internacional de Escultura del Chaco, que se celebrar\u00e1 en...","og_url":"https:\/\/bienaldelchaco.org\/2026\/artistas-de-espana-chile-y-argentina-iran-a-bienal-internacional-de-escultura-del-chaco\/","og_site_name":"Bienal del Chaco","article_publisher":"https:\/\/www.facebook.com\/bienaldelchaco","article_published_time":"2026-04-23T13:29:59+00:00","og_image":[{"width":960,"height":720,"url":"https:\/\/bienaldelchaco.org\/2026\/wp-content\/uploads\/2026\/04\/720.webp","type":"image\/webp"}],"author":"bitnessadmin","twitter_card":"summary_large_image","twitter_creator":"@bienaldelchaco","twitter_site":"@bienaldelchaco","twitter_misc":{"Escrito por":"bitnessadmin","Tiempo de lectura":"3 minutos"},"schema":{"@context":"https:\/\/schema.org","@graph":[{"@type":"Article","@id":"https:\/\/bienaldelchaco.org\/2026\/artistas-de-espana-chile-y-argentina-iran-a-bienal-internacional-de-escultura-del-chaco\/#article","isPartOf":{"@id":"https:\/\/bienaldelchaco.org\/2026\/artistas-de-espana-chile-y-argentina-iran-a-bienal-internacional-de-escultura-del-chaco\/"},"author":{"name":"bitnessadmin","@id":"https:\/\/bienaldelchaco.org\/2026\/#\/schema\/person\/1b8918c48c8b750f041d7dcc1614ef18"},"headline":"Artistas de Espa\u00f1a, Chile y Argentina ir\u00e1n a Bienal Internacional de Escultura del Chaco","datePublished":"2026-04-23T13:29:59+00:00","mainEntityOfPage":{"@id":"https:\/\/bienaldelchaco.org\/2026\/artistas-de-espana-chile-y-argentina-iran-a-bienal-internacional-de-escultura-del-chaco\/"},"wordCount":620,"commentCount":0,"publisher":{"@id":"https:\/\/bienaldelchaco.org\/2026\/#organization"},"image":{"@id":"https:\/\/bienaldelchaco.org\/2026\/artistas-de-espana-chile-y-argentina-iran-a-bienal-internacional-de-escultura-del-chaco\/#primaryimage"},"thumbnailUrl":"https:\/\/bienaldelchaco.org\/2026\/wp-content\/uploads\/2026\/04\/720.webp","inLanguage":"es-AR","potentialAction":[{"@type":"CommentAction","name":"Comment","target":["https:\/\/bienaldelchaco.org\/2026\/artistas-de-espana-chile-y-argentina-iran-a-bienal-internacional-de-escultura-del-chaco\/#respond"]}]},{"@type":"WebPage","@id":"https:\/\/bienaldelchaco.org\/2026\/artistas-de-espana-chile-y-argentina-iran-a-bienal-internacional-de-escultura-del-chaco\/","url":"https:\/\/bienaldelchaco.org\/2026\/artistas-de-espana-chile-y-argentina-iran-a-bienal-internacional-de-escultura-del-chaco\/","name":"Artistas de Espa\u00f1a, Chile y Argentina ir\u00e1n a Bienal Internacional de Escultura del Chaco - Bienal del Chaco","isPartOf":{"@id":"https:\/\/bienaldelchaco.org\/2026\/#website"},"primaryImageOfPage":{"@id":"https:\/\/bienaldelchaco.org\/2026\/artistas-de-espana-chile-y-argentina-iran-a-bienal-internacional-de-escultura-del-chaco\/#primaryimage"},"image":{"@id":"https:\/\/bienaldelchaco.org\/2026\/artistas-de-espana-chile-y-argentina-iran-a-bienal-internacional-de-escultura-del-chaco\/#primaryimage"},"thumbnailUrl":"https:\/\/bienaldelchaco.org\/2026\/wp-content\/uploads\/2026\/04\/720.webp","datePublished":"2026-04-23T13:29:59+00:00","breadcrumb":{"@id":"https:\/\/bienaldelchaco.org\/2026\/artistas-de-espana-chile-y-argentina-iran-a-bienal-internacional-de-escultura-del-chaco\/#breadcrumb"},"inLanguage":"es-AR","potentialAction":[{"@type":"ReadAction","target":["https:\/\/bienaldelchaco.org\/2026\/artistas-de-espana-chile-y-argentina-iran-a-bienal-internacional-de-escultura-del-chaco\/"]}]},{"@type":"ImageObject","inLanguage":"es-AR","@id":"https:\/\/bienaldelchaco.org\/2026\/artistas-de-espana-chile-y-argentina-iran-a-bienal-internacional-de-escultura-del-chaco\/#primaryimage","url":"https:\/\/bienaldelchaco.org\/2026\/wp-content\/uploads\/2026\/04\/720.webp","contentUrl":"https:\/\/bienaldelchaco.org\/2026\/wp-content\/uploads\/2026\/04\/720.webp","width":960,"height":720},{"@type":"BreadcrumbList","@id":"https:\/\/bienaldelchaco.org\/2026\/artistas-de-espana-chile-y-argentina-iran-a-bienal-internacional-de-escultura-del-chaco\/#breadcrumb","itemListElement":[{"@type":"ListItem","position":1,"name":"Inicio","item":"https:\/\/bienaldelchaco.org\/2026\/"},{"@type":"ListItem","position":2,"name":"Artistas de Espa\u00f1a, Chile y Argentina ir\u00e1n a Bienal Internacional de Escultura del Chaco"}]},{"@type":"WebSite","@id":"https:\/\/bienaldelchaco.org\/2026\/#website","url":"https:\/\/bienaldelchaco.org\/2026\/","name":"Bienal del Chaco","description":"","publisher":{"@id":"https:\/\/bienaldelchaco.org\/2026\/#organization"},"potentialAction":[{"@type":"SearchAction","target":{"@type":"EntryPoint","urlTemplate":"https:\/\/bienaldelchaco.org\/2026\/?s={search_term_string}"},"query-input":{"@type":"PropertyValueSpecification","valueRequired":true,"valueName":"search_term_string"}}],"inLanguage":"es-AR"},{"@type":"Organization","@id":"https:\/\/bienaldelchaco.org\/2026\/#organization","name":"Bienal del Chaco","url":"https:\/\/bienaldelchaco.org\/2026\/","logo":{"@type":"ImageObject","inLanguage":"es-AR","@id":"https:\/\/bienaldelchaco.org\/2026\/#\/schema\/logo\/image\/","url":"https:\/\/bienaldelchaco.org\/2026\/wp-content\/uploads\/2025\/04\/web-logo-2026.png","contentUrl":"https:\/\/bienaldelchaco.org\/2026\/wp-content\/uploads\/2025\/04\/web-logo-2026.png","width":145,"height":50,"caption":"Bienal del Chaco"},"image":{"@id":"https:\/\/bienaldelchaco.org\/2026\/#\/schema\/logo\/image\/"},"sameAs":["https:\/\/www.facebook.com\/bienaldelchaco","https:\/\/x.com\/bienaldelchaco","https:\/\/www.instagram.com\/bienaldelchaco\/","https:\/\/www.youtube.com\/BienaldelChaco"]},{"@type":"Person","@id":"https:\/\/bienaldelchaco.org\/2026\/#\/schema\/person\/1b8918c48c8b750f041d7dcc1614ef18","name":"bitnessadmin","image":{"@type":"ImageObject","inLanguage":"es-AR","@id":"https:\/\/bienaldelchaco.org\/2026\/#\/schema\/person\/image\/","url":"https:\/\/secure.gravatar.com\/avatar\/441b367b6997ee3aae034996bf7b8bf6b85d8dd458e3cd0f1a0f7669a04bb0d9?s=96&d=mm&r=g","contentUrl":"https:\/\/secure.gravatar.com\/avatar\/441b367b6997ee3aae034996bf7b8bf6b85d8dd458e3cd0f1a0f7669a04bb0d9?s=96&d=mm&r=g","caption":"bitnessadmin"},"sameAs":["https:\/\/bienaldelchaco.org\/2026"],"url":"https:\/\/bienaldelchaco.org\/2026\/author\/bitnessadmin\/"}]}},"_links":{"self":[{"href":"https:\/\/bienaldelchaco.org\/2026\/wp-json\/wp\/v2\/posts\/2148","targetHints":{"allow":["GET"]}}],"collection":[{"href":"https:\/\/bienaldelchaco.org\/2026\/wp-json\/wp\/v2\/posts"}],"about":[{"href":"https:\/\/bienaldelchaco.org\/2026\/wp-json\/wp\/v2\/types\/post"}],"author":[{"embeddable":true,"href":"https:\/\/bienaldelchaco.org\/2026\/wp-json\/wp\/v2\/users\/1"}],"replies":[{"embeddable":true,"href":"https:\/\/bienaldelchaco.org\/2026\/wp-json\/wp\/v2\/comments?post=2148"}],"version-history":[{"count":1,"href":"https:\/\/bienaldelchaco.org\/2026\/wp-json\/wp\/v2\/posts\/2148\/revisions"}],"predecessor-version":[{"id":2149,"href":"https:\/\/bienaldelchaco.org\/2026\/wp-json\/wp\/v2\/posts\/2148\/revisions\/2149"}],"wp:featuredmedia":[{"embeddable":true,"href":"https:\/\/bienaldelchaco.org\/2026\/wp-json\/wp\/v2\/media\/2145"}],"wp:attachment":[{"href":"https:\/\/bienaldelchaco.org\/2026\/wp-json\/wp\/v2\/media?parent=2148"}],"wp:term":[{"taxonomy":"category","embeddable":true,"href":"https:\/\/bienaldelchaco.org\/2026\/wp-json\/wp\/v2\/categories?post=2148"},{"taxonomy":"post_tag","embeddable":true,"href":"https:\/\/bienaldelchaco.org\/2026\/wp-json\/wp\/v2\/tags?post=2148"}],"curies":[{"name":"wp","href":"https:\/\/api.w.org\/{rel}","templated":true}]}}